

	{"id":14431,"date":"2024-04-06T20:28:19","date_gmt":"2024-04-06T23:28:19","guid":{"rendered":"https:\/\/www.cstuit.com\/home\/?p=14431"},"modified":"2024-04-06T20:28:19","modified_gmt":"2024-04-06T23:28:19","slug":"o-que-macron-veio-fazer-no-brasil","status":"publish","type":"post","link":"https:\/\/www.cstuit.com\/home\/2024\/04\/06\/o-que-macron-veio-fazer-no-brasil\/","title":{"rendered":"O QUE MACRON VEIO FAZER NO BRASIL?"},"content":{"rendered":"<p>Por Jo\u00e3o Santiago, coordena\u00e7\u00e3o da Condsef (minoria) e coordenador-geral do Sintsep\/PA<\/p>\n<p>Depois de uma agenda de tr\u00eas dias no Brasil, com passeio de barco no rio da Amaz\u00f4nia e visita \u00e0 Ilha do Combu, acompanhado do hist\u00f3rico l\u00edder Kayap\u00f3 Rhaoni e da ministra dos Povos Origin\u00e1rios S\u00f4nia Guajajara (PSOL), o presidente franc\u00eas Emanuel Macron voltou para a Fran\u00e7a maravilhado e com o senso de dever cumprido ao receber o apoio do presidente Lula. Mas o que o presidente de um pa\u00eds imperialista como a Fran\u00e7a veio fazer no Brasil?<\/p>\n<p>Macron tenta com o Brasil uma alternativa de novos investimentos e acordos bilaterais, al\u00e9m de usar Lula como porta de entrada no Sul-Global e nos BRICS. Isso tem uma explica\u00e7\u00e3o bem materialista: \u00e9 consequ\u00eancia da perda de espa\u00e7o geopol\u00edtico nas antigas col\u00f4nias francesas na \u00c1frica, tomadas por subleva\u00e7\u00f5es populares e golpes militares que romperam os acordos militares e econ\u00f4micos com a Fran\u00e7a. Dos onze golpes de Estado ocorridos na \u00c1frica nos \u00faltimos cinco anos, nove foram em ex-col\u00f4nias francesas. As tropas francesas foram expulsas de Burkina Fasso e Mali, ap\u00f3s os golpes militares do final de 2022 (FSP, 03\/09\/23). Esse processo culminou, no in\u00edcio de fevereiro de 2024, na sa\u00edda de Mali, Burkina Fasso e N\u00edger do CEDEAO (Comunidade Econ\u00f4mica dos Estados da \u00c1frica Ocidental), o bloco econ\u00f4mico e militar liderado pelo imperialismo franc\u00eas, com 15 pa\u00edses.<\/p>\n<p>Hoje a Fran\u00e7a depende da \u00c1frica ocidental para importar 80% do ur\u00e2nio consumido em suas usinas nucleares. Cerca de 75% da energia gerada na Fran\u00e7a, que chega nas resid\u00eancias do povo franc\u00eas, vem dessas usinas movidas a ur\u00e2nio. A visita de Macron tamb\u00e9m est\u00e1 relacionada com a proposta do parlamento brasileiro de permitir a exporta\u00e7\u00e3o de ur\u00e2nio brasileiro produzido em MG e na BA, pois os novos governos militares africanos impuseram novos pre\u00e7os e a Fran\u00e7a est\u00e1 pagando bem mais caro pelo ur\u00e2nio.<\/p>\n<p><strong>Tamb\u00e9m existe uma \u201cpress\u00e3o ambiental\u201d<\/strong><\/p>\n<p>Os partidos ambientalistas na Europa e na Fran\u00e7a fazem discursos contra comprar produtos que venham da \u201cdestrui\u00e7\u00e3o da floresta\u201d e essa press\u00e3o \u00e9 sentida por Macron \u00e0s v\u00e9speras das elei\u00e7\u00f5es europeias. Essa pol\u00edtica encontra oposi\u00e7\u00e3o do agroneg\u00f3cio brasileiro, por exemplo. \u00c9 por isso que um dos principais acordos entre Brasil e Fran\u00e7a foi Acordo de Coopera\u00e7\u00e3o entre a Ag\u00eancia Francesa de Desenvolvimento e os bancos p\u00fablicos brasileiros, que prev\u00ea um investimento de 1 bilh\u00e3o de euros (R$ 5,4 bilh\u00f5es) em quatro anos para a preserva\u00e7\u00e3o da floresta amaz\u00f4nica (BDF, 28\/03\/24).<\/p>\n<p>O governo brasileiro quer abrir novos acordos e a Fran\u00e7a \u00e9 um parceiro para essa estrat\u00e9gia. Por conta disso, foram assinados 21 termos de coopera\u00e7\u00e3o nas \u00e1reas de energia, IA, helic\u00f3pteros, submarinos, agricultura etc.  O segundo dia da agenda foi dedicado \u00e0 quest\u00e3o militar, com o debate do submarino nuclear Tonelero, cuja tecnologia \u00e9 francesa, mas a produ\u00e7\u00e3o \u00e9 brasileira.<\/p>\n<p>No final, a Fran\u00e7a apoia o pleito de Lula e do Brasil de integrar o Conselho de Seguran\u00e7a da ONU e o Brasil com Lula se compromete a ser a porta de entrada para o imperialismo franc\u00eas se instalar com mais for\u00e7a na Am\u00e9rica latina e abrir o di\u00e1logo com os pa\u00edses dos Brics para acordos comerciais e militares, principalmente com a China e a R\u00fassia, com quem o Brasil tem boas rela\u00e7\u00f5es pol\u00edticas.<\/p>\n<p>De nossa parte repudiamos a vinda do presidente imperialista Macron e exigimos que todos os acordos firmados sejam divulgados para os trabalhadores e o povo brasileiro, que n\u00e3o foram ouvidos em nenhum momento sobre se queriam ficar sob a tutela francesa nos pr\u00f3ximos anos.<\/p>\n","protected":false},"excerpt":{"rendered":"<p>Por Jo\u00e3o Santiago, coordena\u00e7\u00e3o da Condsef (minoria) e coordenador-geral do Sintsep\/PA Depois de uma agenda de tr\u00eas dias no Brasil, com passeio de barco no rio da Amaz\u00f4nia e visita \u00e0 Ilha do Combu, acompanhado do hist\u00f3rico l\u00edder Kayap\u00f3 Rhaoni e da ministra dos Povos<\/p>\n","protected":false},"author":1,"featured_media":14432,"comment_status":"open","ping_status":"open","sticky":false,"template":"","format":"standard","meta":{"footnotes":""},"categories":[6],"tags":[1495,162,2017,188,734,119,698,1395,2016],"class_list":["post-14431","post","type-post","status-publish","format-standard","has-post-thumbnail","hentry","category-internacional","tag-ambiental","tag-brasil","tag-cooperacao","tag-franca","tag-imperialismo","tag-lula","tag-macron","tag-militar","tag-tutela"],"_links":{"self":[{"href":"https:\/\/www.cstuit.com\/home\/wp-json\/wp\/v2\/posts\/14431","targetHints":{"allow":["GET"]}}],"collection":[{"href":"https:\/\/www.cstuit.com\/home\/wp-json\/wp\/v2\/posts"}],"about":[{"href":"https:\/\/www.cstuit.com\/home\/wp-json\/wp\/v2\/types\/post"}],"author":[{"embeddable":true,"href":"https:\/\/www.cstuit.com\/home\/wp-json\/wp\/v2\/users\/1"}],"replies":[{"embeddable":true,"href":"https:\/\/www.cstuit.com\/home\/wp-json\/wp\/v2\/comments?post=14431"}],"version-history":[{"count":0,"href":"https:\/\/www.cstuit.com\/home\/wp-json\/wp\/v2\/posts\/14431\/revisions"}],"wp:featuredmedia":[{"embeddable":true,"href":"https:\/\/www.cstuit.com\/home\/wp-json\/wp\/v2\/media\/14432"}],"wp:attachment":[{"href":"https:\/\/www.cstuit.com\/home\/wp-json\/wp\/v2\/media?parent=14431"}],"wp:term":[{"taxonomy":"category","embeddable":true,"href":"https:\/\/www.cstuit.com\/home\/wp-json\/wp\/v2\/categories?post=14431"},{"taxonomy":"post_tag","embeddable":true,"href":"https:\/\/www.cstuit.com\/home\/wp-json\/wp\/v2\/tags?post=14431"}],"curies":[{"name":"wp","href":"https:\/\/api.w.org\/{rel}","templated":true}]}}