

	{"id":14619,"date":"2024-04-24T20:42:03","date_gmt":"2024-04-24T23:42:03","guid":{"rendered":"https:\/\/www.cstuit.com\/home\/?p=14619"},"modified":"2024-04-24T20:42:03","modified_gmt":"2024-04-24T23:42:03","slug":"privatizacao-do-metro-em-bh","status":"publish","type":"post","link":"https:\/\/www.cstuit.com\/home\/2024\/04\/24\/privatizacao-do-metro-em-bh\/","title":{"rendered":"Privatiza\u00e7\u00e3o do metr\u00f4 em BH"},"content":{"rendered":"<p>Por Edivaldo e Andressa, Coordena\u00e7\u00e3o Estadual da CST<\/p>\n<p>Em dezembro de 2022, o metr\u00f4 de BH foi leiloado ao Cons\u00f3rcio Comporte por  25,7 bi, valor equivalente a apenas um trem (18 bi). Ap\u00f3s a privatiza\u00e7\u00e3o, houve piora da qualidade do transporte, problemas no funcionamento dos trens, aumento do tempo das viagens, aumento do valor das passagens e demiss\u00e3o dos concursados. No in\u00edcio do m\u00eas de abril, a Metr\u00f4 BH anunciou a demiss\u00e3o de 230 funcion\u00e1rios, alegando que j\u00e1 havia finalizado o prazo de estabilidade. No dia 10\/04, o judici\u00e1rio determinou a reintegra\u00e7\u00e3o destes trabalhadores.<\/p>\n<p>Lula foi o principal respons\u00e1vel pela privatiza\u00e7\u00e3o do metr\u00f4, contrariando as reivindica\u00e7\u00f5es dos trabalhadores que fizeram greves e marchas a Bras\u00edlia exigindo a n\u00e3o privatiza\u00e7\u00e3o. O governo acabou assinando o leil\u00e3o e disponibilizando at\u00e9 3,5 bi do BNDES para a empresa vencedora.<\/p>\n<p>Zema tamb\u00e9m foi importante para a privatiza\u00e7\u00e3o do metr\u00f4. Ele prepara v\u00e1rios ataques aos trabalhadores. Sua prioridade \u00e9 privatizar a CEMIG e a Copasa. Do ponto de vista da educa\u00e7\u00e3o, o governador segue sem pagar o piso nacional.<\/p>\n<p>Est\u00e1 sendo constru\u00edda uma paralisa\u00e7\u00e3o do funcionalismo estadual para o dia 08 de maio. N\u00f3s, da Combate, apontamos como correta essa iniciativa. No entanto, acreditamos ser fundamental exigir das centrais (CUT\/CTB) e sindicatos, que em sua ampla maioria s\u00e3o dirigidos por PT e PCdoB, que nesse dia haja assembleias e um grande ato. Para que isso aconte\u00e7a, \u00e9 necess\u00e1rio construir a mobiliza\u00e7\u00e3o em cada local de trabalho.<\/p>\n","protected":false},"excerpt":{"rendered":"<p>Por Edivaldo e Andressa, Coordena\u00e7\u00e3o Estadual da CST Em dezembro de 2022, o metr\u00f4 de BH foi leiloado ao Cons\u00f3rcio Comporte por 25,7 bi, valor equivalente a apenas um trem (18 bi). Ap\u00f3s a privatiza\u00e7\u00e3o, houve piora da qualidade do transporte, problemas no funcionamento dos<\/p>\n","protected":false},"author":1,"featured_media":14620,"comment_status":"open","ping_status":"open","sticky":false,"template":"","format":"standard","meta":{"footnotes":""},"categories":[5],"tags":[1331,1277,1337,1503,2039,144],"class_list":["post-14619","post","type-post","status-publish","format-standard","has-post-thumbnail","hentry","category-nacional","tag-bh","tag-metro","tag-minas","tag-privatizacao","tag-qualidade","tag-trabalhadores"],"_links":{"self":[{"href":"https:\/\/www.cstuit.com\/home\/wp-json\/wp\/v2\/posts\/14619","targetHints":{"allow":["GET"]}}],"collection":[{"href":"https:\/\/www.cstuit.com\/home\/wp-json\/wp\/v2\/posts"}],"about":[{"href":"https:\/\/www.cstuit.com\/home\/wp-json\/wp\/v2\/types\/post"}],"author":[{"embeddable":true,"href":"https:\/\/www.cstuit.com\/home\/wp-json\/wp\/v2\/users\/1"}],"replies":[{"embeddable":true,"href":"https:\/\/www.cstuit.com\/home\/wp-json\/wp\/v2\/comments?post=14619"}],"version-history":[{"count":0,"href":"https:\/\/www.cstuit.com\/home\/wp-json\/wp\/v2\/posts\/14619\/revisions"}],"wp:featuredmedia":[{"embeddable":true,"href":"https:\/\/www.cstuit.com\/home\/wp-json\/wp\/v2\/media\/14620"}],"wp:attachment":[{"href":"https:\/\/www.cstuit.com\/home\/wp-json\/wp\/v2\/media?parent=14619"}],"wp:term":[{"taxonomy":"category","embeddable":true,"href":"https:\/\/www.cstuit.com\/home\/wp-json\/wp\/v2\/categories?post=14619"},{"taxonomy":"post_tag","embeddable":true,"href":"https:\/\/www.cstuit.com\/home\/wp-json\/wp\/v2\/tags?post=14619"}],"curies":[{"name":"wp","href":"https:\/\/api.w.org\/{rel}","templated":true}]}}