

	{"id":14622,"date":"2024-04-24T20:48:30","date_gmt":"2024-04-24T23:48:30","guid":{"rendered":"https:\/\/www.cstuit.com\/home\/?p=14622"},"modified":"2024-04-25T14:04:11","modified_gmt":"2024-04-25T17:04:11","slug":"metroviarios-de-sp","status":"publish","type":"post","link":"https:\/\/www.cstuit.com\/home\/2024\/04\/24\/metroviarios-de-sp\/","title":{"rendered":"Metrovi\u00e1rios de SP"},"content":{"rendered":"<p>Por Diego Vitello \u2013 Diretor do Sindicato dos Metrovi\u00e1rios e Metrovi\u00e1rias de SP<\/p>\n<h3><em>Congresso discute os rumos da luta contra a privatiza\u00e7\u00e3o<\/em><\/h3>\n<p>Entre os dias 11 e 14 de abril ocorreu o 14\u00ba Congresso dos Metrovi\u00e1rios e Metrovi\u00e1rias de S\u00e3o Paulo, categoria de forte peso na cidade e que protagonizou em 2023 duas fort\u00edssimas greves contra o projeto de privatiza\u00e7\u00e3o do governador Tarc\u00edsio. Foram dias de muito trabalho, em que a CST e a Combate Sindical estiveram presentes, apresentando suas posi\u00e7\u00f5es para os delegados e demais organiza\u00e7\u00f5es pol\u00edticas e sindicais.<\/p>\n<h3><strong>O debate nacional e a luta contra as privatiza\u00e7\u00f5es <\/strong><\/h3>\n<p>Estivemos representados na mesa pelo companheiro Michel Tunes, da dire\u00e7\u00e3o nacional da CST. Apresentamos a necessidade de combater a extrema direita e seu projeto privatista desde uma posi\u00e7\u00e3o independente do governo Lula. Sem subestimar o perigo real da extrema direita, devemos combater a pol\u00edtica de Lula de pactos com o governador de SP. Al\u00e9m disso, colocamos que \u00e9 completamente errada a pol\u00edtica do presidente para os militares. Ao inv\u00e9s de acabar com o GSI e a ABIN, o governo manteve todos os privil\u00e9gios da alta c\u00fapula militar. Mostramos com dados o apoio de Lula a Tarc\u00edsio no seu projeto de privatiza\u00e7\u00e3o. A partir do BNDES, o governo federal financiou a privatiza\u00e7\u00e3o da Linha 7 \u2013 Rubi da CPTM. A tentativa de Lula de incorporar Tarc\u00edsio na frente ampla foi nefasta para a luta contra a privatiza\u00e7\u00e3o que temos travado nos \u00faltimos meses. Al\u00e9m disso, denunciamos a pol\u00edtica de ajuste fiscal do governo, colocando como tarefa fundamental do momento o apoio \u00e0 greve das universidades, que enfrenta a pol\u00edtica do governo do PT para a educa\u00e7\u00e3o. Portanto, precisamos ter independ\u00eancia do governo Lula, al\u00e9m de exigir que o governo federal pare imediatamente de financiar as privatiza\u00e7\u00f5es no Estado de SP.<\/p>\n<h3><strong>Balan\u00e7o e perspectiva da luta contra a privatiza\u00e7\u00e3o<\/strong><\/h3>\n<p>Nessa mesa estivemos com o companheiro Diego Vitello, da dire\u00e7\u00e3o do Sindicato dos Metrovi\u00e1rios e da coordena\u00e7\u00e3o nacional da CST. Apresentamos nossa vis\u00e3o sobre a luta feita ano passado contra as privatiza\u00e7\u00f5es e tamb\u00e9m como vemos os pr\u00f3ximos passos do enfrentamento contra o governo da extrema direita em SP.<\/p>\n<p>Valorizamos muito a luta unit\u00e1ria do ano passado, que contou com duas greves unificadas entre metrovi\u00e1rios, ferrovi\u00e1rios e sabespianos. Reconhecemos o papel cumprido pelo nosso sindicato nessa articula\u00e7\u00e3o. Acreditamos que o di\u00e1logo com a popula\u00e7\u00e3o, expresso em mais de 900 mil votos no Plebiscito Popular Contra as Privatiza\u00e7\u00f5es, foi muito importante.<\/p>\n<p>Por\u00e9m, h\u00e1 duas vis\u00f5es das quais discordamos no balan\u00e7o da luta do ano passado. A primeira \u00e9 a de que \u201ctodos fizeram tudo que foi poss\u00edvel pela luta unit\u00e1ria\u201d, que \u00e9 compartilhada pela corrente Resist\u00eancia e tamb\u00e9m pela oposi\u00e7\u00e3o da CTB\/CUT. Infelizmente, n\u00e3o foi assim. Para exemplificar, a APEOESP, maior sindicato do estado, dirigido pela CUT, n\u00e3o fez nenhuma assembleia antes das greves do ano passado. Se negou a unificar a luta contra Tarc\u00edsio. Desde a mesa colocamos que isso \u00e9 uma consequ\u00eancia do atrelamento de seus dirigentes ao governo federal, que infelizmente tem ajudado Tarc\u00edsio e seu projeto de privatiza\u00e7\u00f5es. Ent\u00e3o, temos que colocar que as dire\u00e7\u00f5es das principais centrais sindicais fizeram muito menos do que poderiam na luta contra as privatiza\u00e7\u00f5es.<\/p>\n<p>Do outro lado, est\u00e1 uma vis\u00e3o corporativa, que n\u00e3o valoriza o di\u00e1logo com a popula\u00e7\u00e3o e coloca que a partir de uma greve por tempo indeterminado dos metrovi\u00e1rios j\u00e1 poder\u00edamos ter derrotado o processo de privatiza\u00e7\u00e3o. Essa vis\u00e3o desconsidera a correla\u00e7\u00e3o de for\u00e7as entre as classes e, obviamente, faz um balan\u00e7o de que a atual diretoria do sindicato \u00e9 correspons\u00e1vel por ainda n\u00e3o termos derrotado a privatiza\u00e7\u00e3o. Em maior ou menor medida, essa ideia equivocada \u00e9 compartilhada pelo MRT e por alguns companheiros independentes da agrupa\u00e7\u00e3o Sindicato nos Trilhos.<\/p>\n<p>Tamb\u00e9m discutimos os pr\u00f3ximos passos do enfrentamento ao governo Tarc\u00edsio. Nos posicionamos, contra todas as outras correntes que compunham a mesa (Resist\u00eancia, PSTU e PCdoB), pela volta das assembleias 100% presenciais como forma de mobiliza\u00e7\u00e3o da categoria e amplia\u00e7\u00e3o da democracia oper\u00e1ria. Como Combate Sindical, propusemos um ato de rua contra as privatiza\u00e7\u00f5es e a retomada do calend\u00e1rio de greves unificadas. Sabemos que o governo quer leiloar as linhas 10, 11, 12 e 13 da CPTM no segundo semestre e que somente uma forte greve pode colocar a possibilidade de derrotar esse processo. Colocamos tamb\u00e9m a necessidade de exigir tamb\u00e9m que as centrais sindicais cumpram o papel de unificar essa luta inclusive com outras categorias.<\/p>\n<h3><strong>Conclus\u00e3o e pr\u00f3ximos passos<\/strong><\/h3>\n<p>Fizemos um Congresso positivo, no marco de duros ataques \u00e0 categoria metrovi\u00e1ria. Na plen\u00e1ria final, os pouco mais de 100 delegados presentes discutiram quest\u00f5es fundamentais da luta da categoria e da pol\u00edtica.<\/p>\n<p>Algumas resolu\u00e7\u00f5es votadas pela maioria dos delegados, por margem apertada, n\u00f3s n\u00e3o temos acordo. A necessidade de exigir das centrais sindicais e tamb\u00e9m criticar a atua\u00e7\u00e3o do governo Lula n\u00e3o esteve presente na resolu\u00e7\u00e3o de conjuntura que ganhou, apresentada pela Resist\u00eancia\/PSOL, UP, PCdoB e PT. Coerente com essa vis\u00e3o, votaram tamb\u00e9m o apoio a Boulos e \u00e0 Frente Ampla nas elei\u00e7\u00f5es municipais. Foi positivo que o Congresso votou por unanimidade o formato de Conselho Deliberativo, fortalecendo a democracia pela base, onde diretores do sindicato, cipistas e delegados sindicais poder\u00e3o tomar decis\u00f5es sobre a luta da categoria. N\u00f3s, da Combate, tamb\u00e9m batalhamos pela volta das assembleias presenciais, proposta que contou com o voto de cerca de 30% dos delegados, mostrando o fortalecimento dessa proposta na categoria.<\/p>\n<p>Nossas tarefas na pr\u00f3xima semana estar\u00e3o em torno da campanha salarial. A mobiliza\u00e7\u00e3o j\u00e1 come\u00e7ou com a retirada de uniforme na opera\u00e7\u00e3o no dia 16\/04. Estamos participando das setoriais na manuten\u00e7\u00e3o, que t\u00eam demonstrado disposi\u00e7\u00e3o da categoria para brigar por direitos. Construir uma forte campanha neste momento \u00e9 parte fundamental do nosso enfrentamento \u00e0 privatiza\u00e7\u00e3o. Durante a campanha, al\u00e9m da mobiliza\u00e7\u00e3o interna da pr\u00f3pria categoria, que pode culminar em uma nova greve, \u00e9 tarefa fundamental do sindicato manter o di\u00e1logo com a popula\u00e7\u00e3o, atrav\u00e9s das cartas abertas nas esta\u00e7\u00f5es e outras iniciativas.<\/p>\n<h3><strong>Extrema direita quer destruir o Sindicato<\/strong><\/h3>\n<p>Para facilitar o processo de privatiza\u00e7\u00e3o, o governador Tarc\u00edsio entrou na Justi\u00e7a comum com duas a\u00e7\u00f5es contra o Sindicato. O governo exige que o Sindicato pague por supostos preju\u00edzos causados pelas greves de outubro e novembro de 2023. Somadas, as a\u00e7\u00f5es buscam cobrar R$14 milh\u00f5es do Sindicato. Trata-se de um verdadeiro atentado contra o direito de greve! Uma tentativa de intimida\u00e7\u00e3o ao conjunto do movimento sindical!<\/p>\n<p>Completando o cen\u00e1rio de ataques, o governo ainda fez a Pol\u00edcia Federal abrir um inqu\u00e9rito contra a presidenta do Sindicato, Camila Lisboa. Nas pr\u00f3ximas semanas, ela ter\u00e1 que \u201cprestar esclarecimento\u201d sobre as greves. Uma absurda tentativa de intimida\u00e7\u00e3o pol\u00edtica.<\/p>\n<p>Esse processo est\u00e1 diretamente vinculado \u00e0 vis\u00e3o pol\u00edtica da extrema direita, defensora da ditadura militar, de que os sindicatos n\u00e3o podem ter nenhuma liberdade, as greves devem ser proibidas e os sindicalistas devem estar presos.<\/p>\n<p>Frente a esses absurdos, na sexta, dia 12\/04, o Congresso da categoria organizou um importante ato pol\u00edtico em defesa do direito de greve, que contou com diversas organiza\u00e7\u00f5es pol\u00edticas, assim como personalidades e sindicalistas.<\/p>\n<h3><strong>Reintegra\u00e7\u00e3o imediata de todos os demitidos pol\u00edticos<\/strong><\/h3>\n<p>Para intimidar a categoria metrovi\u00e1ria e abrir mais facilmente o caminho da destrui\u00e7\u00e3o da empresa p\u00fablica, o governador Tarc\u00edsio e a dire\u00e7\u00e3o do Metr\u00f4 demitiram, em outubro passado, oito metrovi\u00e1rios, em sua maioria diretores do sindicato e cipistas. Uma evidente persegui\u00e7\u00e3o pol\u00edtica. Dos demitidos, atrav\u00e9s de nossa luta, j\u00e1 conseguimos a reintegra\u00e7\u00e3o do companheiro Altino, que atualmente \u00e9 diretor do sindicato. N\u00f3s, da CST e da Combate, estamos juntos nessa luta pela reintegra\u00e7\u00e3o. Confira abaixo as declara\u00e7\u00f5es de alguns dos demitidos pol\u00edticos do governo Tarc\u00edsio:<\/p>\n<blockquote><p>\u201cEstamos em uma guerra contra as privatiza\u00e7\u00f5es de Tarc\u00edsio, que t\u00eam apoio do governo Lula atrav\u00e9s do financiamento do BNDES e da Lei das PPPs. Tamb\u00e9m t\u00eam apoio do prefeito Ricardo Nunes, que tamb\u00e9m apoia a privatiza\u00e7\u00e3o da SABESP que ocorre neste momento na C\u00e2mara de Vereadores. Nessa luta fizemos duas batalhas muito grandes, que foram as greves unificadas que pararam a cidade, e tamb\u00e9m um plebiscito com 900 mil votantes. Por termos feito essa luta, o governo perseguiu a categoria, com advert\u00eancias, puni\u00e7\u00f5es e demiss\u00f5es. Eu sou um dos demitidos e a gente segue na luta pela reintegra\u00e7\u00e3o, mas sobretudo contra as privatiza\u00e7\u00f5es.\u201d<\/p>\n<p>Narciso Soares, vice-presidente do Sindicato e Operador de Trem da Linha Verde.<\/p><\/blockquote>\n<p>&nbsp;<\/p>\n<blockquote><p>\u201cAs demiss\u00f5es pol\u00edticas s\u00e3o parte dos ataques do governo de extrema direita de Tarc\u00edsio e do Metr\u00f4-SP para passar o seu plano privatista. Punem os trabalhadores, atacam o sindicato e nosso direito de greve para nos calar porque nossas greves demonstraram a disposi\u00e7\u00e3o de luta categoria. A luta pela nossa reintegra\u00e7\u00e3o \u00e9 parte da batalha contra as privatiza\u00e7\u00f5es. As Centrais Sindicais se subordinam \u00e0 concilia\u00e7\u00e3o de classes do governo Lula-Alckmin, que fortalece a extrema direita. \u00c9 urgente que elas saiam da paralisia e organizem a luta para derrotar Tarc\u00edsio e seu plano!\u201d<\/p>\n<p>Priscila Guedes, Cipista e Operadora de Trem da Linha Verde.<\/p><\/blockquote>\n<p>&nbsp;<\/p>\n<blockquote><p>\u201cNa luta contra as privatiza\u00e7\u00f5es em S\u00e3o Paulo, Tarc\u00edsio de Freitas, governador bolsonarista, ataca a categoria metrovi\u00e1ria por fazer parte de um Sindicato que representa o obst\u00e1culo ao projeto privatista no estado. Para isso, assedia, pune e demite metrovi\u00e1rias e metrovi\u00e1rios. E nessa luta contra a privatiza\u00e7\u00e3o \u00e9 fundamental uma campanha pela reintegra\u00e7\u00e3o de todas e todos que sofreram persegui\u00e7\u00e3o para fortalecer a unidade em defesa dos servi\u00e7os p\u00fablicos e garantia de empregos.\u201d<\/p>\n<p>Alex Fernandes.<\/p><\/blockquote>\n","protected":false},"excerpt":{"rendered":"<p>Por Diego Vitello \u2013 Diretor do Sindicato dos Metrovi\u00e1rios e Metrovi\u00e1rias de SP Congresso discute os rumos da luta contra a privatiza\u00e7\u00e3o Entre os dias 11 e 14 de abril ocorreu o 14\u00ba Congresso dos Metrovi\u00e1rios e Metrovi\u00e1rias de S\u00e3o Paulo, categoria de forte peso<\/p>\n","protected":false},"author":1,"featured_media":14718,"comment_status":"open","ping_status":"open","sticky":false,"template":"","format":"standard","meta":{"footnotes":""},"categories":[17],"tags":[1544,22,1277,170,2040,140,236,1796,144],"class_list":["post-14622","post","type-post","status-publish","format-standard","has-post-thumbnail","hentry","category-sindical","tag-congresso","tag-greve","tag-metro","tag-metroviarios","tag-proximospassos","tag-reintegracao","tag-sp","tag-tarcisio","tag-trabalhadores"],"_links":{"self":[{"href":"https:\/\/www.cstuit.com\/home\/wp-json\/wp\/v2\/posts\/14622","targetHints":{"allow":["GET"]}}],"collection":[{"href":"https:\/\/www.cstuit.com\/home\/wp-json\/wp\/v2\/posts"}],"about":[{"href":"https:\/\/www.cstuit.com\/home\/wp-json\/wp\/v2\/types\/post"}],"author":[{"embeddable":true,"href":"https:\/\/www.cstuit.com\/home\/wp-json\/wp\/v2\/users\/1"}],"replies":[{"embeddable":true,"href":"https:\/\/www.cstuit.com\/home\/wp-json\/wp\/v2\/comments?post=14622"}],"version-history":[{"count":0,"href":"https:\/\/www.cstuit.com\/home\/wp-json\/wp\/v2\/posts\/14622\/revisions"}],"wp:featuredmedia":[{"embeddable":true,"href":"https:\/\/www.cstuit.com\/home\/wp-json\/wp\/v2\/media\/14718"}],"wp:attachment":[{"href":"https:\/\/www.cstuit.com\/home\/wp-json\/wp\/v2\/media?parent=14622"}],"wp:term":[{"taxonomy":"category","embeddable":true,"href":"https:\/\/www.cstuit.com\/home\/wp-json\/wp\/v2\/categories?post=14622"},{"taxonomy":"post_tag","embeddable":true,"href":"https:\/\/www.cstuit.com\/home\/wp-json\/wp\/v2\/tags?post=14622"}],"curies":[{"name":"wp","href":"https:\/\/api.w.org\/{rel}","templated":true}]}}