

	{"id":14636,"date":"2024-04-24T21:17:16","date_gmt":"2024-04-25T00:17:16","guid":{"rendered":"https:\/\/www.cstuit.com\/home\/?p=14636"},"modified":"2024-04-24T22:57:05","modified_gmt":"2024-04-25T01:57:05","slug":"maos-ao-alto-750-e-um-assalto","status":"publish","type":"post","link":"https:\/\/www.cstuit.com\/home\/2024\/04\/24\/maos-ao-alto-750-e-um-assalto\/","title":{"rendered":"M\u00e3os ao alto, 7,50 \u00e9 um assalto!"},"content":{"rendered":"<p>Por Adriano Dias e Bruno Coelho de Lima; Coordena\u00e7\u00e3o nacional da CST.<\/p>\n<p style=\"font-weight: 400;\">Em 12\/04, o metr\u00f4 Rio, com autoriza\u00e7\u00e3o do governo Cl\u00e1udio Castro, aumentou o valor da passagem do metr\u00f4 para R$7,50. Um reajuste acima da infla\u00e7\u00e3o e que mais uma vez s\u00f3 prejudica o trabalhador. O aumento gerou grande indigna\u00e7\u00e3o, pois, em m\u00e9dia, esse aumento vai consumir por m\u00eas cerca de 20% do sal\u00e1rio m\u00ednimo. Um verdadeiro assalto.<\/p>\n<h3 style=\"font-weight: 400;\"><strong>A privatiza\u00e7\u00e3o aprofundou o problema<\/strong><\/h3>\n<p style=\"font-weight: 400;\">O metr\u00f4 do Rio de Janeiro foi privatizado na d\u00e9cada de 90. O processo de privatiza\u00e7\u00e3o piorou o servi\u00e7o e ocasionou sucessivos reajustes na tarifa. Por isso que hoje o metr\u00f4 do Rio tem uma das passagens mais caras do Brasil. Esse processo comprova que a privatiza\u00e7\u00e3o s\u00f3 favorece os empres\u00e1rios e os patr\u00f5es, garantindo mais dinheiro nos seus bolsos.<\/p>\n<p style=\"font-weight: 400;\">O servi\u00e7o prestado pelo metr\u00f4 Rio ao longo dos anos s\u00f3 piora e o processo de privatiza\u00e7\u00e3o, al\u00e9m de atacar direitos dos trabalhadores, precarizou as estruturas nas esta\u00e7\u00f5es, principalmente nas mais perif\u00e9ricas. Todo dia tem um problema nas linhas, os intervalos entre cada esta\u00e7\u00e3o s\u00e3o longos e sempre com vag\u00f5es superlotados. O que fica evidente \u00e9 que essa pol\u00edtica \u00e9 um crime contra a classe trabalhadora e o governador Cl\u00e1udio Castro \u00e9 um dos respons\u00e1veis por essa situa\u00e7\u00e3o.<\/p>\n<h3 style=\"font-weight: 400;\"><strong>Por um plano de luta<\/strong><\/h3>\n<p style=\"font-weight: 400;\">Em 11\/04 houve manifesta\u00e7\u00e3o contra o aumento da tarifa, uma iniciativa importante na qual n\u00f3s, da CST, estivemos presentes. \u00c9 preciso seguir nas ruas para derrotar esse ataque. Nesse sentido, \u00e9 fundamental que as centrais sindicais, como CUT e CTB, organiza\u00e7\u00f5es estudantis, como UNE e UBES, e movimentos sociais parem de fazer corpo mole e convoquem uma plen\u00e1ria unificada para organizar e coordenar a constru\u00e7\u00e3o da luta em unidade com as greves que est\u00e3o em curso, como a dos TAEs das universidades e docentes. Devemos aproveitar as lutas e unificar as categorias para barrar o aumento da tarifa e reestatizar todos os modais, como BRT, trem, metr\u00f4, barcas e \u00f4nibus, que est\u00e3o na m\u00e3o dos empres\u00e1rios e patr\u00f5es.<\/p>\n<p style=\"font-weight: 400;\">Defendemos a reestatiza\u00e7\u00e3o do metr\u00f4, a redu\u00e7\u00e3o da tarifa e aplica\u00e7\u00e3o plena do passe livre para estudantes e desempregados. Um servi\u00e7o p\u00fablico voltado para atender a popula\u00e7\u00e3o e n\u00e3o o lucro dos empres\u00e1rios. Para isso \u00e9 preciso ir \u00e0s ruas de forma unificada para conquistar essas medidas e mudar essa l\u00f3gica privatista, construindo um governo da classe trabalhadora, sem patr\u00f5es, e um Brasil Socialista.<\/p>\n<blockquote class=\"instagram-media\" style=\"background: #FFF; border: 0; border-radius: 3px; box-shadow: 0 0 1px 0 rgba(0,0,0,0.5),0 1px 10px 0 rgba(0,0,0,0.15); margin: 1px; max-width: 540px; min-width: 326px; padding: 0; width: calc(100% - 2px);\" data-instgrm-captioned=\"\" data-instgrm-permalink=\"https:\/\/www.instagram.com\/reel\/C5qkQLErOM_\/?utm_source=ig_embed&amp;utm_campaign=loading\" data-instgrm-version=\"14\">\n<div style=\"padding: 16px;\">\n<p>&nbsp;<\/p>\n<div style=\"display: flex; flex-direction: row; align-items: center;\">\n<div style=\"background-color: #f4f4f4; border-radius: 50%; flex-grow: 0; height: 40px; margin-right: 14px; width: 40px;\"><\/div>\n<div style=\"display: flex; flex-direction: column; flex-grow: 1; justify-content: center;\">\n<div style=\"background-color: #f4f4f4; border-radius: 4px; flex-grow: 0; height: 14px; margin-bottom: 6px; width: 100px;\"><\/div>\n<div style=\"background-color: #f4f4f4; border-radius: 4px; flex-grow: 0; height: 14px; width: 60px;\"><\/div>\n<\/div>\n<\/div>\n<div style=\"padding: 19% 0;\"><\/div>\n<div style=\"display: block; height: 50px; margin: 0 auto 12px; width: 50px;\"><\/div>\n<div style=\"padding-top: 8px;\">\n<div style=\"color: #3897f0; font-family: Arial,sans-serif; font-size: 14px; font-style: normal; font-weight: 550; line-height: 18px;\">Ver essa foto no Instagram<\/div>\n<\/div>\n<div style=\"padding: 12.5% 0;\"><\/div>\n<div style=\"display: flex; flex-direction: row; margin-bottom: 14px; align-items: center;\">\n<div>\n<div style=\"background-color: #f4f4f4; border-radius: 50%; height: 12.5px; width: 12.5px; transform: translateX(0px) translateY(7px);\"><\/div>\n<div style=\"background-color: #f4f4f4; height: 12.5px; transform: rotate(-45deg) translateX(3px) translateY(1px); width: 12.5px; flex-grow: 0; margin-right: 14px; margin-left: 2px;\"><\/div>\n<div style=\"background-color: #f4f4f4; border-radius: 50%; height: 12.5px; width: 12.5px; transform: translateX(9px) translateY(-18px);\"><\/div>\n<\/div>\n<div style=\"margin-left: 8px;\">\n<div style=\"background-color: #f4f4f4; border-radius: 50%; flex-grow: 0; height: 20px; width: 20px;\"><\/div>\n<div style=\"width: 0; height: 0; border-top: 2px solid transparent; border-left: 6px solid #f4f4f4; border-bottom: 2px solid transparent; transform: translateX(16px) translateY(-4px) rotate(30deg);\"><\/div>\n<\/div>\n<div style=\"margin-left: auto;\">\n<div style=\"width: 0px; border-top: 8px solid #F4F4F4; border-right: 8px solid transparent; transform: translateY(16px);\"><\/div>\n<div style=\"background-color: #f4f4f4; flex-grow: 0; height: 12px; width: 16px; transform: translateY(-4px);\"><\/div>\n<div style=\"width: 0; height: 0; border-top: 8px solid #F4F4F4; border-left: 8px solid transparent; transform: translateY(-4px) translateX(8px);\"><\/div>\n<\/div>\n<\/div>\n<div style=\"display: flex; flex-direction: column; flex-grow: 1; justify-content: center; margin-bottom: 24px;\">\n<div style=\"background-color: #f4f4f4; border-radius: 4px; flex-grow: 0; height: 14px; margin-bottom: 6px; width: 224px;\"><\/div>\n<div style=\"background-color: #f4f4f4; border-radius: 4px; flex-grow: 0; height: 14px; width: 144px;\"><\/div>\n<\/div>\n<p>&nbsp;<\/p>\n<p style=\"color: #c9c8cd; font-family: Arial,sans-serif; font-size: 14px; line-height: 17px; margin-bottom: 0; margin-top: 8px; overflow: hidden; padding: 8px 0 7px; text-align: center; text-overflow: ellipsis; white-space: nowrap;\"><a style=\"color: #c9c8cd; font-family: Arial,sans-serif; font-size: 14px; font-style: normal; font-weight: normal; line-height: 17px; text-decoration: none;\" href=\"https:\/\/www.instagram.com\/reel\/C5qkQLErOM_\/?utm_source=ig_embed&amp;utm_campaign=loading\" target=\"_blank\" rel=\"noopener\">Uma publica\u00e7\u00e3o compartilhada por CST | UIT-QI (@cst_uit)<\/a><\/p>\n<\/div>\n<\/blockquote>\n<p><script async src=\"\/\/www.instagram.com\/embed.js\"><\/script><\/p>\n","protected":false},"excerpt":{"rendered":"<p>Por Adriano Dias e Bruno Coelho de Lima; Coordena\u00e7\u00e3o nacional da CST. Em 12\/04, o metr\u00f4 Rio, com autoriza\u00e7\u00e3o do governo Cl\u00e1udio Castro, aumentou o valor da passagem do metr\u00f4 para R$7,50. Um reajuste acima da infla\u00e7\u00e3o e que mais uma vez s\u00f3 prejudica o<\/p>\n","protected":false},"author":1,"featured_media":14637,"comment_status":"open","ping_status":"open","sticky":false,"template":"","format":"standard","meta":{"footnotes":""},"categories":[5],"tags":[2045,1002,1277,1503,1250,33],"class_list":["post-14636","post","type-post","status-publish","format-standard","has-post-thumbnail","hentry","category-nacional","tag-castro","tag-luta","tag-metro","tag-privatizacao","tag-rj","tag-tarifa"],"_links":{"self":[{"href":"https:\/\/www.cstuit.com\/home\/wp-json\/wp\/v2\/posts\/14636","targetHints":{"allow":["GET"]}}],"collection":[{"href":"https:\/\/www.cstuit.com\/home\/wp-json\/wp\/v2\/posts"}],"about":[{"href":"https:\/\/www.cstuit.com\/home\/wp-json\/wp\/v2\/types\/post"}],"author":[{"embeddable":true,"href":"https:\/\/www.cstuit.com\/home\/wp-json\/wp\/v2\/users\/1"}],"replies":[{"embeddable":true,"href":"https:\/\/www.cstuit.com\/home\/wp-json\/wp\/v2\/comments?post=14636"}],"version-history":[{"count":0,"href":"https:\/\/www.cstuit.com\/home\/wp-json\/wp\/v2\/posts\/14636\/revisions"}],"wp:featuredmedia":[{"embeddable":true,"href":"https:\/\/www.cstuit.com\/home\/wp-json\/wp\/v2\/media\/14637"}],"wp:attachment":[{"href":"https:\/\/www.cstuit.com\/home\/wp-json\/wp\/v2\/media?parent=14636"}],"wp:term":[{"taxonomy":"category","embeddable":true,"href":"https:\/\/www.cstuit.com\/home\/wp-json\/wp\/v2\/categories?post=14636"},{"taxonomy":"post_tag","embeddable":true,"href":"https:\/\/www.cstuit.com\/home\/wp-json\/wp\/v2\/tags?post=14636"}],"curies":[{"name":"wp","href":"https:\/\/api.w.org\/{rel}","templated":true}]}}