

	{"id":1472,"date":"2016-08-04T21:04:45","date_gmt":"2016-08-04T21:04:45","guid":{"rendered":"https:\/\/www.cstuit.com\/home\/?p=1472"},"modified":"2016-08-04T21:04:45","modified_gmt":"2016-08-04T21:04:45","slug":"no-dia-o508-todos-ao-protesto-em-copacabana","status":"publish","type":"post","link":"https:\/\/www.cstuit.com\/home\/2016\/08\/04\/no-dia-o508-todos-ao-protesto-em-copacabana\/","title":{"rendered":"No dia O5\/08 todos ao protesto em Copacabana!"},"content":{"rendered":"<p style=\"text-align: justify;\">Amanh\u00e3, dia 05, estaremos em Copacabana, na manifesta\u00e7\u00e3o unificada pelo FORA TEMER, NENHUM DIREITO A MENOS e CONTRA A CALAMIDADE OL\u00cdMPICA. Devemos mostrar a indigna\u00e7\u00e3o popular contra o governo ileg\u00edtimo de Michel Temer, contra a calamidade ol\u00edmpica de Dornelles e Paes e a retirada de direitos. Trata-se de uma importante unidade da Frente Povo Sem Medo, Frente Brasil Popular, Frente de Esquerda e Socialista, Plen\u00e1ria dos Trabalhadores em<span class=\"text_exposed_show\"> Luta, CSP-CONLUTAS e outras organiza\u00e7\u00f5es, a exemplo do Combate \u2013 Classista e pela Base e o Vamos \u00e0 Luta. Essa conflu\u00eancia s\u00f3 foi poss\u00edvel pela convocat\u00f3ria da manifesta\u00e7\u00e3o, cujas bandeiras s\u00e3o corretas e ajudam a impulsionar as lutas que est\u00e3o acontecendo.<\/span><\/p>\n<p style=\"text-align: justify;\"><span class=\"text_exposed_show\">Nas \u00faltimas semanas, vimos o esp\u00edrito rebelde do povo nos atos contra a tocha ol\u00edmpica, protestos reprimidos pelas for\u00e7as repressivas dos governos Temer, Dornelles e Paes. \u00c9 necess\u00e1rio coordenar esses protestos num dia de luta que agregue essa insatisfa\u00e7\u00e3o, que tamb\u00e9m foi vista nas greves da educa\u00e7\u00e3o do RJ e das universidades em SP. O dia 5 deve ser o primeiro passo. Para isso devemos realizar uma plen\u00e1ria geral para discutir unitariamente os atos de agosto, a exemplo do dia 16 convocado pelas centrais sindicais.<\/span><\/p>\n<p style=\"text-align: justify;\"><span class=\"text_exposed_show\"><br \/>\nEntre os convocantes do dia 05\/08 h\u00e1 diverg\u00eancias pol\u00edticas imensas, que s\u00e3o bastante conhecidas. Em particular diverg\u00eancias com as lideran\u00e7as da CUT, UNE, MST que est\u00e3o pelo \u201cVolta Dilma\u201d, pol\u00edtica que rejeitamos. Mesmo entre a esquerda n\u00e3o h\u00e1 consenso, j\u00e1 que a maioria est\u00e1 por \u201cnovas elei\u00e7\u00f5es\u201d, bandeira que discordamos. H\u00e1 ainda o setor que construiu as manifesta\u00e7\u00f5es do Espa\u00e7o de Unidade e A\u00e7\u00e3o, buscando um terceiro campo classista, onde estamos. Ou seja, apesar da unifica\u00e7\u00e3o da luta sob bandeiras consensuais h\u00e1 uma disputa sobre a sa\u00edda de fundo que vai prosseguir. <\/span><\/p>\n<p style=\"text-align: justify;\"><span class=\"text_exposed_show\"><br \/>\nNo dia 05, nosso maior combate vai ser contra as organiza\u00e7\u00f5es do \u201cvolta D<\/span><span class=\"text_exposed_show\">ilma\u201d que desejam capturar o ato para sua perspectiva. Por isso ao mesmo tempo em que constru\u00edmos uma forte manifesta\u00e7\u00e3o unit\u00e1ria, estaremos presentes na coluna unificada das organiza\u00e7\u00f5es de esquerda e dos companheiros e companheiras que comp\u00f5es a Frente de Esquerda e Socialista. Estaremos com o MAIS, NOS, PCB, Comunismo e Liberdade, Coletivo Marxista, LSR, Insurg\u00eancia e MRT, para fazer valer os eixos do FORA TEMER, NENHUM DIREITO A MENOS e CONTRA A CALAMIDADE OLIMPICA.<\/span><\/p>\n<p style=\"text-align: justify;\"><span class=\"text_exposed_show\"><br \/>\nDefendemos que \u00e9 necess\u00e1rio a mais ampla unidade com os trabalhadores e trabalhadores, com a juventude e o povo para derrotar o governo Temer e seu plano de ajuste, que n\u00e3o passa de uma continuidade da politica da Dilma. Para isso defendemos que as centrais sindicais, como a CUT, devem construir um calend\u00e1rio de lutas que culmine numa greve geral em defesa do sal\u00e1rio e do emprego, contra retirada de direitos para derrotar o governo de Michel Temer.<\/span><\/p>\n<div class=\"text_exposed_show\">\n<p>04\/08\/2016 |\u00a0<strong><em>Correntes Socialista dos Trabalhadores &#8211; PSOL e Mandato Radical do Vereador Bab\u00e1 (PSOL-RJ)<\/em><\/strong><\/p>\n<\/div>\n","protected":false},"excerpt":{"rendered":"<p>Amanh\u00e3, dia 05, estaremos em Copacabana, na manifesta\u00e7\u00e3o unificada pelo FORA TEMER, NENHUM DIREITO A MENOS e CONTRA A CALAMIDADE OL\u00cdMPICA. Devemos mostrar a indigna\u00e7\u00e3o popular contra o governo ileg\u00edtimo de Michel Temer, contra a calamidade ol\u00edmpica de Dornelles e Paes e a retirada de<\/p>\n","protected":false},"author":1,"featured_media":1474,"comment_status":"open","ping_status":"open","sticky":false,"template":"","format":"standard","meta":{"footnotes":""},"categories":[5],"tags":[154,211,13],"class_list":["post-1472","post","type-post","status-publish","format-standard","has-post-thumbnail","hentry","category-nacional","tag-fora-temer","tag-olimpiada","tag-rio-de-janeiro"],"_links":{"self":[{"href":"https:\/\/www.cstuit.com\/home\/wp-json\/wp\/v2\/posts\/1472","targetHints":{"allow":["GET"]}}],"collection":[{"href":"https:\/\/www.cstuit.com\/home\/wp-json\/wp\/v2\/posts"}],"about":[{"href":"https:\/\/www.cstuit.com\/home\/wp-json\/wp\/v2\/types\/post"}],"author":[{"embeddable":true,"href":"https:\/\/www.cstuit.com\/home\/wp-json\/wp\/v2\/users\/1"}],"replies":[{"embeddable":true,"href":"https:\/\/www.cstuit.com\/home\/wp-json\/wp\/v2\/comments?post=1472"}],"version-history":[{"count":0,"href":"https:\/\/www.cstuit.com\/home\/wp-json\/wp\/v2\/posts\/1472\/revisions"}],"wp:featuredmedia":[{"embeddable":true,"href":"https:\/\/www.cstuit.com\/home\/wp-json\/wp\/v2\/media\/1474"}],"wp:attachment":[{"href":"https:\/\/www.cstuit.com\/home\/wp-json\/wp\/v2\/media?parent=1472"}],"wp:term":[{"taxonomy":"category","embeddable":true,"href":"https:\/\/www.cstuit.com\/home\/wp-json\/wp\/v2\/categories?post=1472"},{"taxonomy":"post_tag","embeddable":true,"href":"https:\/\/www.cstuit.com\/home\/wp-json\/wp\/v2\/tags?post=1472"}],"curies":[{"name":"wp","href":"https:\/\/api.w.org\/{rel}","templated":true}]}}