

	{"id":1476,"date":"2016-08-07T16:07:49","date_gmt":"2016-08-07T16:07:49","guid":{"rendered":"https:\/\/www.cstuit.com\/home\/?p=1476"},"modified":"2016-08-07T16:19:03","modified_gmt":"2016-08-07T16:19:03","slug":"plenaria-de-pre-lancamento-do-baba-lota-espaco-e-empolga-a-militancia-presente","status":"publish","type":"post","link":"https:\/\/www.cstuit.com\/home\/2016\/08\/07\/plenaria-de-pre-lancamento-do-baba-lota-espaco-e-empolga-a-militancia-presente\/","title":{"rendered":"Lan\u00e7amento da pr\u00e9-candidatura do Bab\u00e1 lota espa\u00e7o e empolga a milit\u00e2ncia presente"},"content":{"rendered":"<div id=\"attachment_1480\" style=\"width: 950px\" class=\"wp-caption aligncenter\"><img loading=\"lazy\" decoding=\"async\" aria-describedby=\"caption-attachment-1480\" class=\"wp-image-1480 size-large\" src=\"https:\/\/www.cstuit.com\/home\/wp-content\/uploads\/2016\/08\/13909296_1012005992202506_5086580445733888522_o-1024x539.jpg\" alt=\"Lan\u00e7amento do Bab\u00e1\" width=\"940\" height=\"495\" srcset=\"https:\/\/www.cstuit.com\/home\/wp-content\/uploads\/2016\/08\/13909296_1012005992202506_5086580445733888522_o-1024x539.jpg 1024w, https:\/\/www.cstuit.com\/home\/wp-content\/uploads\/2016\/08\/13909296_1012005992202506_5086580445733888522_o-300x158.jpg 300w, https:\/\/www.cstuit.com\/home\/wp-content\/uploads\/2016\/08\/13909296_1012005992202506_5086580445733888522_o-768x404.jpg 768w, https:\/\/www.cstuit.com\/home\/wp-content\/uploads\/2016\/08\/13909296_1012005992202506_5086580445733888522_o-600x316.jpg 600w, https:\/\/www.cstuit.com\/home\/wp-content\/uploads\/2016\/08\/13909296_1012005992202506_5086580445733888522_o.jpg 1280w\" sizes=\"auto, (max-width: 940px) 100vw, 940px\" \/><p id=\"caption-attachment-1480\" class=\"wp-caption-text\">Foto: Luiza Azevedo<\/p><\/div>\n<p style=\"text-align: justify;\">Na noite do dia 03\/08 o espa\u00e7o reservado para a plen\u00e1ria de pr\u00e9 lan\u00e7amento do companheiro Bab\u00e1 a vereador do Rio, ficou lotado. Cerca de 300 pessoas de diversas categorias e movimentos estiveram presentes, at\u00e9 a cal\u00e7ada teve que ser ocupada, enquanto a\u00a0juventude se espremia nas escadas.\u00a0O grande destaque foi a delega\u00e7\u00e3o dos garis do Rio, todos de roupa laranja, emocionou os presentes, que cantaram: \u201c<i>gari \u00e9 meu amigo, mexeu com ele mexeu comigo<\/i>\u201d. Tamb\u00e9m marcaram\u00a0 presen\u00e7a diversas categorias, como educadores, trabalhadores dos Correios, rodovi\u00e1rios, metal\u00fargicos, estudantes secundaristas e universit\u00e1rios, servidores p\u00fablicos, servidores de universidades, aposentados e representantes de diversos movimentos populares. A atividade teve a\u00a0 presen\u00e7a do Marcelo Freixo pr\u00e9-candidato \u00e0 prefeitura pelo PSOL e Luciana Boiteux, pr\u00e9 candidata a vice. Bem como dos vereadores\u00a0Renato Cinco\u00a0do Rio e de Renatinho de Niter\u00f3i.<\/p>\n<p style=\"text-align: justify;\">Coube a juventude cantar palavras de ordem durante o evento, ao som de\u00a0<i>\u00a0\u201cmexeu com a gente a chapa esquenta, Bab\u00e1 me representa!&#8221;.<\/i><\/p>\n<div id=\"attachment_1478\" style=\"width: 950px\" class=\"wp-caption aligncenter\"><img loading=\"lazy\" decoding=\"async\" aria-describedby=\"caption-attachment-1478\" class=\"wp-image-1478 size-large\" src=\"https:\/\/www.cstuit.com\/home\/wp-content\/uploads\/2016\/08\/DSC_0800-1024x681.jpg\" alt=\"DSC_0800\" width=\"940\" height=\"625\" srcset=\"https:\/\/www.cstuit.com\/home\/wp-content\/uploads\/2016\/08\/DSC_0800-1024x681.jpg 1024w, https:\/\/www.cstuit.com\/home\/wp-content\/uploads\/2016\/08\/DSC_0800-300x200.jpg 300w, https:\/\/www.cstuit.com\/home\/wp-content\/uploads\/2016\/08\/DSC_0800-768x511.jpg 768w, https:\/\/www.cstuit.com\/home\/wp-content\/uploads\/2016\/08\/DSC_0800-600x399.jpg 600w, https:\/\/www.cstuit.com\/home\/wp-content\/uploads\/2016\/08\/DSC_0800-210x140.jpg 210w, https:\/\/www.cstuit.com\/home\/wp-content\/uploads\/2016\/08\/DSC_0800-272x182.jpg 272w, https:\/\/www.cstuit.com\/home\/wp-content\/uploads\/2016\/08\/DSC_0800.jpg 1624w\" sizes=\"auto, (max-width: 940px) 100vw, 940px\" \/><p id=\"caption-attachment-1478\" class=\"wp-caption-text\">Foto: Randy Lobato<\/p><\/div>\n<p style=\"text-align: justify;\">As interven\u00e7\u00f5es foram emocionantes. Bruno da Rosa, uma lideran\u00e7a dos garis do Rio, fez quest\u00e3o de saudar a plen\u00e1ria e de ressaltar o apoio do companheiro Bab\u00e1 a luta dos garis: \u201c<i>conheci Bab\u00e1 apoiando a nossa greve, e esse tem que ser o papel de um parlamentar, por isso tem meu apoio<\/i>\u201d. Em seguida a companheira Barbara do SEPE falou que \u201c<i>Bab\u00e1 tem sido um parlamentar presente em nossas greves e na defesa da pauta da educa\u00e7\u00e3o<\/i>\u201d Dona Penha, da luta contra a remo\u00e7\u00e3o da Vila Aut\u00f3dromo declarou:\u00a0<i>Bab\u00e1 esteve conosco na luta da Vila Aut\u00f3dromo, e sempre vejo Bab\u00e1 nas lutas dos garis, dos professores, etc<\/i>. Marcelo Freixo fez um discurso que empolgou a milit\u00e2ncia depois de saudar Bab\u00e1 declarou:\u00a0<i>vamos dar um recado aos meios de comunica\u00e7\u00e3o, caso n\u00e3o nos chamem para os debates vamos realizar atos em frente as emissoras<\/i>\u201d. Em seguida todos cantaram :\u00a0<i>eu quero Freixo no debate da TV\u201d.\u00a0<\/i>Destaque para diversas outras lideran\u00e7as como\u00a0Pedro Rosa (dirigente do SINTUFF e ex-candidato ao Senado pelo PSOL), Dona Jane (Manguinhos) Vitor (MTST), Helena Reis (Auditoria Cidad\u00e3 da D\u00edvida), Vinicius (Horto), Gabriel (Gr\u00eamio Estudantil da FAETEC Adolpho Bloch) e Adriano Diaz (cipeiro &#8211; Correios). Tamb\u00e9m foi muito importante a presen\u00e7a de diversas organiza\u00e7\u00f5es, que fizeram o uso da palavra para sauda\u00e7\u00f5es, como MAIS &#8211; Movimento por uma Alternativa Independente e Socialista, LRP &#8211; Liberdade e Revolu\u00e7\u00e3o Popular, LS &#8211; Luta Socialista e Comunismo e Liberdade.<\/p>\n<div id=\"attachment_1479\" style=\"width: 950px\" class=\"wp-caption aligncenter\"><img loading=\"lazy\" decoding=\"async\" aria-describedby=\"caption-attachment-1479\" class=\"wp-image-1479 size-large\" src=\"https:\/\/www.cstuit.com\/home\/wp-content\/uploads\/2016\/08\/DSC_0669-1024x681.png\" alt=\"DSC_0669\" width=\"940\" height=\"625\" srcset=\"https:\/\/www.cstuit.com\/home\/wp-content\/uploads\/2016\/08\/DSC_0669-1024x681.png 1024w, https:\/\/www.cstuit.com\/home\/wp-content\/uploads\/2016\/08\/DSC_0669-300x200.png 300w, https:\/\/www.cstuit.com\/home\/wp-content\/uploads\/2016\/08\/DSC_0669-768x511.png 768w, https:\/\/www.cstuit.com\/home\/wp-content\/uploads\/2016\/08\/DSC_0669-600x399.png 600w, https:\/\/www.cstuit.com\/home\/wp-content\/uploads\/2016\/08\/DSC_0669-210x140.png 210w, https:\/\/www.cstuit.com\/home\/wp-content\/uploads\/2016\/08\/DSC_0669-272x182.png 272w, https:\/\/www.cstuit.com\/home\/wp-content\/uploads\/2016\/08\/DSC_0669.png 1624w\" sizes=\"auto, (max-width: 940px) 100vw, 940px\" \/><p id=\"caption-attachment-1479\" class=\"wp-caption-text\">Foto: Randy Lobato<\/p><\/div>\n<p style=\"text-align: justify;\"><span style=\"font-family: Arial, sans-serif;\">No final o companheiro Bab\u00e1 fez quest\u00e3o de fazer uma sauda\u00e7\u00e3o a todos os presentes e a CST\/PSOL e destacou tr\u00eas compromissos para a campanha eleitoral:\u00a0<\/span><span style=\"font-family: Arial, sans-serif;\">n\u00e3o votar nos candidatos da corrup\u00e7\u00e3o nem do ajuste econ\u00f4mico; apoiar as lutas e greves e de forma\u00a0unit\u00e1ria\u00a0e democr\u00e1tica construir uma poderosa greve geral para derrotar Temer e seu ajuste, e finalmente prop\u00f4s que todos os\u00a0presentes se engajem nas agendas da mobiliza\u00e7\u00e3o do dia 05\/08 e a do dia 16\/08, como tarefas fundamentais para fortalecer a unidade e a luta contra a retirada de direitos. Bab\u00e1 Finalizou com o punho em alto chamando um <em><strong>FORA TEMER! VIVA A LUTA DA CLASSE TRABALHADORA!<\/strong><\/em><\/span><\/p>\n","protected":false},"excerpt":{"rendered":"<p>Na noite do dia 03\/08 o espa\u00e7o reservado para a plen\u00e1ria de pr\u00e9 lan\u00e7amento do companheiro Bab\u00e1 a vereador do Rio, ficou lotado. Cerca de 300 pessoas de diversas categorias e movimentos estiveram presentes, at\u00e9 a cal\u00e7ada teve que ser ocupada, enquanto a\u00a0juventude se espremia<\/p>\n","protected":false},"author":1,"featured_media":1477,"comment_status":"open","ping_status":"open","sticky":false,"template":"","format":"standard","meta":{"footnotes":""},"categories":[5],"tags":[166,13],"class_list":["post-1476","post","type-post","status-publish","format-standard","has-post-thumbnail","hentry","category-nacional","tag-baba","tag-rio-de-janeiro"],"_links":{"self":[{"href":"https:\/\/www.cstuit.com\/home\/wp-json\/wp\/v2\/posts\/1476","targetHints":{"allow":["GET"]}}],"collection":[{"href":"https:\/\/www.cstuit.com\/home\/wp-json\/wp\/v2\/posts"}],"about":[{"href":"https:\/\/www.cstuit.com\/home\/wp-json\/wp\/v2\/types\/post"}],"author":[{"embeddable":true,"href":"https:\/\/www.cstuit.com\/home\/wp-json\/wp\/v2\/users\/1"}],"replies":[{"embeddable":true,"href":"https:\/\/www.cstuit.com\/home\/wp-json\/wp\/v2\/comments?post=1476"}],"version-history":[{"count":0,"href":"https:\/\/www.cstuit.com\/home\/wp-json\/wp\/v2\/posts\/1476\/revisions"}],"wp:featuredmedia":[{"embeddable":true,"href":"https:\/\/www.cstuit.com\/home\/wp-json\/wp\/v2\/media\/1477"}],"wp:attachment":[{"href":"https:\/\/www.cstuit.com\/home\/wp-json\/wp\/v2\/media?parent=1476"}],"wp:term":[{"taxonomy":"category","embeddable":true,"href":"https:\/\/www.cstuit.com\/home\/wp-json\/wp\/v2\/categories?post=1476"},{"taxonomy":"post_tag","embeddable":true,"href":"https:\/\/www.cstuit.com\/home\/wp-json\/wp\/v2\/tags?post=1476"}],"curies":[{"name":"wp","href":"https:\/\/api.w.org\/{rel}","templated":true}]}}