

	{"id":1486,"date":"2016-08-09T18:40:17","date_gmt":"2016-08-09T18:40:17","guid":{"rendered":"https:\/\/www.cstuit.com\/home\/?p=1486"},"modified":"2016-08-09T18:42:15","modified_gmt":"2016-08-09T18:42:15","slug":"lugar-de-estuprador-nao-e-no-congresso-nem-na-vila-olimpica-e-na-cadeia-fora-feliciano","status":"publish","type":"post","link":"https:\/\/www.cstuit.com\/home\/2016\/08\/09\/lugar-de-estuprador-nao-e-no-congresso-nem-na-vila-olimpica-e-na-cadeia-fora-feliciano\/","title":{"rendered":"Lugar de estuprador n\u00e3o \u00e9 no Congresso nem na Vila Ol\u00edmpica! \u00c9 na cadeia! Fora Feliciano!"},"content":{"rendered":"<p style=\"text-align: justify;\">Na \u00faltima semana, Patr\u00edcia Lelis, ex-militante do PSC, prestou depoimento \u00e0 Pol\u00edcia Civil de S\u00e3o Paulo denunciando Marcos Feliciano (PSC-SP) por ass\u00e9dio sexual, tentativa de estupro e agress\u00e3o. Ap\u00f3s a den\u00fancia, a jovem foi mantida em c\u00e1rcere privado em um hotel pelo chefe de gabinete do deputado federal, Talma Bauer, que a coagiu a gravar um v\u00eddeo e publicar no seu perfil do Facebook desmentindo as den\u00fancias. Por sorte, Bauer foi detido pela pol\u00edcia, Patr\u00edcia teve seguran\u00e7a para denunciar e Marcos Feliciano e o PSC est\u00e3o agora na berlinda. Al\u00e9m disso, nessa semana vimos que a viol\u00eancia contra a mulher \u00e9 parte de toda a calamidade ol\u00edmpica, com dois casos de estupro de atletas contra camareiras na Vila Ol\u00edmpica.<\/p>\n<p style=\"text-align: justify;\"><strong>Feliciano na mira da pol\u00edcia e das lutas<\/strong><\/p>\n<p style=\"text-align: justify;\">Marcos Feliciano est\u00e1 hoje na mira da pol\u00edcia, mas est\u00e1 na mira das lutas feministas, anti-racistas e anti-LGBTf\u00f3bicas h\u00e1 bastante tempo. H\u00e1 tr\u00eas anos, ao entrar na presid\u00eancia da Comiss\u00e3o de Direitos Humanos e Minorias (CDHM) da C\u00e2mara, provocou importantes protestos nas principais capitais do pa\u00eds e tamb\u00e9m foi alvo de v\u00e1rios cartazes que estavam nas ruas durante as Jornadas de Junho de 2013. Ele \u00e9 um dos principais nomes da bancada evang\u00e9lica, defende o projeto da \u201ccura gay\u201d, \u00e9 campe\u00e3o em declara\u00e7\u00f5es LGBTf\u00f3bicas e racistas, \u00e9 a favor da criminaliza\u00e7\u00e3o do aborto e j\u00e1 foi investigado por receber R$1 milh\u00e3o em propina em esquema de fraude. Feliciano ainda \u00e9 autor do projeto de lei que permitiria castra\u00e7\u00e3o qu\u00edmica de estupradores. Uma proposta absurda que esconde a verdadeira origem de tanta viol\u00eancia sexual contra as mulheres que \u00e9 a cultura do estupro sustentada por uma sociedade machista e patriarcal, na qual as mulheres e seus corpos s\u00e3o compreendidos como propriedade privada dos homens. \u00a0E as declara\u00e7\u00f5es mis\u00f3ginas de Feliciano e companhia contribuem para fortalecer discursos machistas e o aumento da viol\u00eancia sexual, f\u00edsica e psicol\u00f3gica contra a mulher.<\/p>\n<p style=\"text-align: justify;\"><strong>Pelo fim da cultura do estupro! Os governos s\u00e3o respons\u00e1veis!<\/strong><\/p>\n<p style=\"text-align: justify;\">Por isso, o pr\u00f3prio Feliciano tentou obrigar atrav\u00e9s da for\u00e7a que uma jovem tivesse rela\u00e7\u00f5es sexuais com ele, a agrediu depois que ela negou e ainda tentou chantage\u00e1-la e amea\u00e7a-la quando ela decidiu denunciar. No pa\u00eds que est\u00e1 no topo do ranking da viol\u00eancia contra a mulher e do feminic\u00eddio, o que aconteceu com Patr\u00edcia n\u00e3o \u00e9 diferente do que ocorre com a maioria das mulheres trabalhadoras e jovens brasileiras todos os dias nas ruas, no transporte p\u00fablico, nos locais de trabalho e dentro de casa.<\/p>\n<p style=\"text-align: justify;\">Por isso, \u00e9 preciso acabar com a cultura do estupro fornecendo instrumentos de den\u00fancia e garantia de seguran\u00e7a para as mulheres que sofrem viol\u00eancia, ampliando para todos os bairros a rede de Delegacias Especiais de Atendimento \u00e0 Mulher (DEAMs), criando casas de acolhimento p\u00fablicas para as v\u00edtimas, e tamb\u00e9m incluindo o debate de g\u00eanero no curr\u00edculo das escolas, para combater o machismo desde a educa\u00e7\u00e3o b\u00e1sica. Todas essas propostas que bancada evang\u00e9lica de Feliciano jamais aprovaria no Congresso. Diferente de quando a pauta \u00e9 o ajuste fiscal e a retirada de direitos que afeta principalmente a realidade das mulheres trabalhadoras, uma pol\u00edtica que esses deputados apoiaram com Dilma (PT) e seguem apoiando com Temer (PMDB), compondo a base aliada desse governo, que assim como o anterior fez alian\u00e7as com os setores mais reacion\u00e1rios da pol\u00edtica brasileira. A\u00ed mora a responsabilidade dos governos. Por isso, devemos tamb\u00e9m impulsionar o Fora Temer e construir uma alternativa pol\u00edtica de esquerda e que de fato atenda \u00e0s nossas pautas!<\/p>\n<p style=\"text-align: justify;\"><strong>Das redes para as ruas #ForaFeliciano<\/strong><\/p>\n<p style=\"text-align: justify;\">A indigna\u00e7\u00e3o das mulheres contra Feliciano e contra os casos de estupro na Vila Ol\u00edmpica est\u00e1 tomando as redes sociais. E isso n\u00e3o acontece \u00e0 toa! Com as manifesta\u00e7\u00f5es pelo #ForaCunha pavimentamos o caminho para expulsar Eduardo Cunha (PMDB) da cadeira de presidente da C\u00e2mara. Com o Junho Feminista, colocamos na ordem do dia o debate da cultura do estupro e influenciamos positivamente a investiga\u00e7\u00e3o do estupro coletivo contra uma jovem no Rio. \u00c9 isso que faz com que tamb\u00e9m estejamos vibrando com a garra e com a vit\u00f3ria das atletas brasileiras. Somos protagonistas nos Jogos Ol\u00edmpicos e tamb\u00e9m na disputa da vida pol\u00edtica do pa\u00eds. Em alguns locais j\u00e1 est\u00e3o se articulando plen\u00e1rias para organizar protestos, a exemplo do Rio e Belo Horizonte, algo que devemos impulsionar em todo canto unificando os coletivos, movimentos, entidades sindicais e estudantis e partidos pol\u00edticos. \u00c9 hora da Primavera Feminista ocupar mais uma vez as ruas, exigindo uma investiga\u00e7\u00e3o a fundo sobre os casos de estupro e colocar Feliciano para fora do Congresso Nacional e os estupradores para fora da Vila Ol\u00edmpica!<\/p>\n<hr \/>\n<p style=\"text-align: justify;\">\n<p style=\"text-align: justify;\"><strong>Investiga\u00e7\u00e3o e puni\u00e7\u00e3o de Feliciano e seus c\u00famplices e cassa\u00e7\u00e3o do mandato! Fora Feliciano!<\/strong><\/p>\n<p style=\"text-align: justify;\"><strong>Chega de estupros e viol\u00eancia contra as trabalhadoras da Vila Ol\u00edmpica! Que os estupradores n\u00e3o coloquem mais os p\u00e9s nas competi\u00e7\u00f5es!<\/strong><\/p>\n<p style=\"text-align: justify;\"><strong>Pelo fim da cultura do estupro! Os governos s\u00e3o respons\u00e1veis! Fora Temer! Verbas para o combate a viol\u00eancia contra a mulher, n\u00e3o para a d\u00edvida e para os megaeventos!<\/strong><\/p>\n<hr \/>\n<p style=\"text-align: justify;\">\n","protected":false},"excerpt":{"rendered":"<p>Na \u00faltima semana, Patr\u00edcia Lelis, ex-militante do PSC, prestou depoimento \u00e0 Pol\u00edcia Civil de S\u00e3o Paulo denunciando Marcos Feliciano (PSC-SP) por ass\u00e9dio sexual, tentativa de estupro e agress\u00e3o. Ap\u00f3s a den\u00fancia, a jovem foi mantida em c\u00e1rcere privado em um hotel pelo chefe de gabinete<\/p>\n","protected":false},"author":1,"featured_media":1487,"comment_status":"open","ping_status":"open","sticky":false,"template":"","format":"standard","meta":{"footnotes":""},"categories":[55],"tags":[212,57,211],"class_list":["post-1486","post","type-post","status-publish","format-standard","has-post-thumbnail","hentry","category-mulheres","tag-feliciano","tag-mulheres","tag-olimpiada"],"_links":{"self":[{"href":"https:\/\/www.cstuit.com\/home\/wp-json\/wp\/v2\/posts\/1486","targetHints":{"allow":["GET"]}}],"collection":[{"href":"https:\/\/www.cstuit.com\/home\/wp-json\/wp\/v2\/posts"}],"about":[{"href":"https:\/\/www.cstuit.com\/home\/wp-json\/wp\/v2\/types\/post"}],"author":[{"embeddable":true,"href":"https:\/\/www.cstuit.com\/home\/wp-json\/wp\/v2\/users\/1"}],"replies":[{"embeddable":true,"href":"https:\/\/www.cstuit.com\/home\/wp-json\/wp\/v2\/comments?post=1486"}],"version-history":[{"count":0,"href":"https:\/\/www.cstuit.com\/home\/wp-json\/wp\/v2\/posts\/1486\/revisions"}],"wp:featuredmedia":[{"embeddable":true,"href":"https:\/\/www.cstuit.com\/home\/wp-json\/wp\/v2\/media\/1487"}],"wp:attachment":[{"href":"https:\/\/www.cstuit.com\/home\/wp-json\/wp\/v2\/media?parent=1486"}],"wp:term":[{"taxonomy":"category","embeddable":true,"href":"https:\/\/www.cstuit.com\/home\/wp-json\/wp\/v2\/categories?post=1486"},{"taxonomy":"post_tag","embeddable":true,"href":"https:\/\/www.cstuit.com\/home\/wp-json\/wp\/v2\/tags?post=1486"}],"curies":[{"name":"wp","href":"https:\/\/api.w.org\/{rel}","templated":true}]}}