

	{"id":1490,"date":"2016-08-19T00:01:06","date_gmt":"2016-08-19T00:01:06","guid":{"rendered":"https:\/\/www.cstuit.com\/home\/?p=1490"},"modified":"2016-08-19T13:23:21","modified_gmt":"2016-08-19T13:23:21","slug":"eleicoes-2016-em-sao-paulo-para-fortalecer-nossas-lutas-apoiamos-erundina-e-gianazzi","status":"publish","type":"post","link":"https:\/\/www.cstuit.com\/home\/2016\/08\/19\/eleicoes-2016-em-sao-paulo-para-fortalecer-nossas-lutas-apoiamos-erundina-e-gianazzi\/","title":{"rendered":"Elei\u00e7\u00f5es 2016 em S\u00e3o Paulo | Para fortalecer nossas lutas, apoiamos Erundina e Giannazi"},"content":{"rendered":"<div style=\"text-align: justify;\">\n<p>Esta semana come\u00e7a a campanha eleitoral. Achamos fundamental fazer o debate pol\u00edtico e utilizar nosso voto para fortalecer a luta por direitos. Sabemos que os problemas de fundo do pa\u00eds n\u00e3o ser\u00e3o resolvidos nos processos eleitorais, mas nas lutas. Por\u00e9m, apoiar candidaturas de esquerda que estejam a servi\u00e7o das lutas \u00e9 a nossa tarefa, al\u00e9m de debater os rumos da cidade e do pa\u00eds.<\/p>\n<div style=\"text-align: justify;\"><strong>Gest\u00e3o Haddad: benevol\u00eancia com o empresariado, ataques contra os trabalhadores<\/strong><\/div>\n<\/div>\n<div style=\"text-align: justify;\"><\/div>\n<div style=\"text-align: justify;\">\n<p>O projeto implementado por Haddad nos \u00faltimos 4 anos em S\u00e3o Paulo n\u00e3o nos representa. O prefeito petista ficou de joelhos para a especula\u00e7\u00e3o imobili\u00e1ria, prometeu 55 mil moradias (em um d\u00e9ficit de 250 mil) e n\u00e3o entregou nem 10 mil. Al\u00e9m disso v\u00e1rias vezes ordenou a reintegra\u00e7\u00e3o de posse de terrenos ocupados por sem teto. No transporte p\u00fablico, Haddad tamb\u00e9m optou pela subservi\u00eancia aos mais ricos. Repassou mais de R$2 bilh\u00f5es em subs\u00eddios aos empres\u00e1rios e todo ano tentou, sempre ao lado de Alckmin, aumentar a tarifa, sofrendo sua principal derrota nas Jornadas de Junho de 2013, onde a juventude mobilizada desmascarou o projeto elitista do PT para S\u00e3o Paulo.<\/p>\n<p>N\u00e3o \u00e0 toa o atual prefeito tem baix\u00edssima aprova\u00e7\u00e3o nas periferias de S\u00e3o Paulo. Por exemplo, entre os trabalhadores que vivem com renda de 0 a 2 sal\u00e1rios m\u00ednimos, apenas 12% aprovam o atual prefeito.<\/p>\n<p><strong>Marta, Russomano e D\u00f3ria: faces de uma mesma moeda<\/strong><\/p>\n<p>Marta foi para o PMDB, de Temer e Cunha, o que por si s\u00f3 j\u00e1 dispensa coment\u00e1rios. Um partido que governou ao lado do PT nos \u00faltimos anos e tamb\u00e9m foi respons\u00e1vel pela crise do pa\u00eds.\u00a0 Hoje, seu aliado Temer ataca direitos trabalhistas, tem em sua agenda a privatiza\u00e7\u00e3o de setores estrat\u00e9gicos do pa\u00eds e est\u00e1 at\u00e9 o pesco\u00e7o envolvido em corrup\u00e7\u00e3o. Russomano (PRB), est\u00e1 envolvido em corrup\u00e7\u00e3o, j\u00e1 foi citado por v\u00e1rios delatores e \u00e9 apoiado pela reacion\u00e1ria m\u00e1quina da Igreja Universal.<\/p>\n<p>J\u00e1 o empres\u00e1rio multimilion\u00e1rio Jo\u00e3o D\u00f3ria PSDB), ter\u00e1 como principal cabo eleitoral o respons\u00e1vel pelo caos que vive a educa\u00e7\u00e3o e a sa\u00fade do estado de S\u00e3o Paulo, al\u00e9m de ser o arquiteto do desmonte da USP; o Governador Geraldo Alckmin.<\/p>\n<\/div>\n<div style=\"text-align: justify;\">Essas falsas alternativas que se apresentam n\u00e3o representam mudan\u00e7a nenhuma, mas continuidade. Assim como Haddad, s\u00e3o todos defensores do ajuste fiscal que o empresariado e o governo Temer querem jogar nas costas da classe trabalhadora e da juventude. Por isso dizemos: <strong>N\u00c3O NOS REPRESENTAM!<\/strong><br \/>\n<strong>\u00a0<\/strong><br \/>\n<strong>Vamos com o PSOL! Um voto de protesto!<\/strong><\/div>\n<div style=\"text-align: justify;\"><\/div>\n<div style=\"text-align: justify;\">\n<p>Para derrotar todos os partidos que governam atacando o povo (PMDB, PSDB, PRB, PT, etc) e enchendo o bolso dos mais ricos, estamos com Erundina prefeita e Celso Giannazi vereador. Queremos um voto de esquerda com o objetivo de fortalecer as lutas. Tendo em vista que o PT h\u00e1 muito deixou de ser de esquerda, \u00a0Erundina representa a principal candidatura de esquerda \u00e0 prefeitura e estaremos em sua campanha. Estaremos em sua campanha para fortalecer a luta \u00a0contra a especula\u00e7\u00e3o imobili\u00e1ria, que deixa centenas de milhares de pessoas sem um teto, e para enfrentar o empresariado do transporte, fortalecendo a luta sobre a necessidade de estatizar o transporte e implementar Tarifa Zero nos \u00f4nibus de S\u00e3o Paulo.<\/p>\n<p>Celso Giannazi \u00e9 uma alternativa para quem busca votar em quem colocara o seu mandato a servi\u00e7o das lutas. O \u00f3timo exemplo qe temos disso \u00e9 o mandato de irm\u00e3o Carlos Giannazi, que sempre apoiou ativamente as greves aqui na USP e todas as principais lutas do estado de S\u00e3o Paulo. Ter na C\u00e2mara dos Vereadores um mandato que sirva para fortalecer as lutas, assim como Giannazi faz na ALESP, \u00e9 uma importante tarefa para todos lutadores de S\u00e3o Paulo.<\/p>\n<p>Por essas raz\u00f5es, Erundina e Giannazi s\u00e3o nossas alternativas para quem quer dar um voto de protesto contra os grandes partidos envolvidos nos esc\u00e2ndalos da Lava-Jato (PMDB, PSDB, PT, etc), para n\u00f3s que fizemos greve este ano para lutar contra o desmonte que Alckmin (PSDB) quer impor na USP, para quem luta pelo Fora Temer e o fim do ajuste fiscal, para quem protesta contra o aumento da tarifa do \u00f4nibus, para as mulheres que saem \u00e0s ruas em defesa de seus direitos e para todos que lutam em defesa de uma sociedade justa e igualit\u00e1ria.<\/p>\n<p><strong>Queremos Erundina nos debates!<\/strong><\/p>\n<p>A lei da Mordaca de Eduardo Cunha foi diretamente voltada contra o PSOL, que encabe\u00e7ou a luta contra esse corrupto reacion\u00e1rio. A partir da lei de Cunha, o PSOL pode ser exclu\u00eddo dos debates televisivos, mesmo estando muito bem posicionado nas pesquisas. Contra esse verdadeiro ataque \u00e0 democracia estamos na campanha \u201cQueremos o PSOL nos debates!\u201d exigindo que as emissoras de TV e os outros candidatos aceitem o m\u00ednimo: que o PSOL possa se expressar e debater suas propostas as confrontando com as dos outros candidatos.<\/p>\n<\/div>\n<div style=\"text-align: justify;\">\u00c9 escandalosa a postura anti-democr\u00e1tica das candidaturas de Marta Suplicy e Jo\u00e3o Doria, que j\u00e1 declararam que votar\u00e3o contra a participa\u00e7\u00e3o de Erundina nos debates. Caso isso se confirme, construiremos com a candidata do PSOL um grande com\u00edcio na frente de casa emissora de TV onde estar\u00e1 tendo debate, fazendo um di\u00e1logo direto com a popula\u00e7\u00e3o.<\/div>\n<div style=\"text-align: justify;\"><\/div>\n<div>\n<hr \/>\n<p style=\"text-align: justify;\"><em><strong>S\u00e3o Paulo, 16 de agosto de 2016 |\u00a0Corrente Socialista dos Trabalhadores &#8211; PSOL<\/strong><\/em><\/p>\n<\/div>\n","protected":false},"excerpt":{"rendered":"<p>Esta semana come\u00e7a a campanha eleitoral. Achamos fundamental fazer o debate pol\u00edtico e utilizar nosso voto para fortalecer a luta por direitos. Sabemos que os problemas de fundo do pa\u00eds n\u00e3o ser\u00e3o resolvidos nos processos eleitorais, mas nas lutas. Por\u00e9m, apoiar candidaturas de esquerda que<\/p>\n","protected":false},"author":1,"featured_media":1491,"comment_status":"open","ping_status":"open","sticky":false,"template":"","format":"standard","meta":{"footnotes":""},"categories":[5],"tags":[],"class_list":["post-1490","post","type-post","status-publish","format-standard","has-post-thumbnail","hentry","category-nacional"],"_links":{"self":[{"href":"https:\/\/www.cstuit.com\/home\/wp-json\/wp\/v2\/posts\/1490","targetHints":{"allow":["GET"]}}],"collection":[{"href":"https:\/\/www.cstuit.com\/home\/wp-json\/wp\/v2\/posts"}],"about":[{"href":"https:\/\/www.cstuit.com\/home\/wp-json\/wp\/v2\/types\/post"}],"author":[{"embeddable":true,"href":"https:\/\/www.cstuit.com\/home\/wp-json\/wp\/v2\/users\/1"}],"replies":[{"embeddable":true,"href":"https:\/\/www.cstuit.com\/home\/wp-json\/wp\/v2\/comments?post=1490"}],"version-history":[{"count":0,"href":"https:\/\/www.cstuit.com\/home\/wp-json\/wp\/v2\/posts\/1490\/revisions"}],"wp:featuredmedia":[{"embeddable":true,"href":"https:\/\/www.cstuit.com\/home\/wp-json\/wp\/v2\/media\/1491"}],"wp:attachment":[{"href":"https:\/\/www.cstuit.com\/home\/wp-json\/wp\/v2\/media?parent=1490"}],"wp:term":[{"taxonomy":"category","embeddable":true,"href":"https:\/\/www.cstuit.com\/home\/wp-json\/wp\/v2\/categories?post=1490"},{"taxonomy":"post_tag","embeddable":true,"href":"https:\/\/www.cstuit.com\/home\/wp-json\/wp\/v2\/tags?post=1490"}],"curies":[{"name":"wp","href":"https:\/\/api.w.org\/{rel}","templated":true}]}}