

	{"id":1501,"date":"2016-08-27T14:57:18","date_gmt":"2016-08-27T14:57:18","guid":{"rendered":"https:\/\/www.cstuit.com\/home\/?p=1501"},"modified":"2016-08-27T22:45:33","modified_gmt":"2016-08-27T22:45:33","slug":"eleicoes-2016-em-campinas-para-fortalecer-nossas-lutas-estamos-com-mariana-e-marcela","status":"publish","type":"post","link":"https:\/\/www.cstuit.com\/home\/2016\/08\/27\/eleicoes-2016-em-campinas-para-fortalecer-nossas-lutas-estamos-com-mariana-e-marcela\/","title":{"rendered":"Elei\u00e7\u00f5es 2016 em Campinas | Para fortalecer nossas lutas, estamos com Mariana e Marcela"},"content":{"rendered":"<h5>Para fortalecer nossas lutas, estamos com Marcela Moreira e Mariana Conti<\/h5>\n<p>Primeiramente, Fora Temer! Estamos no in\u00edcio da campanha eleitoral.\u00a0Achamos fundamental fazer o debate pol\u00edtico e utilizar nosso voto para fortalecer a luta por direitos. Sabemos que os problemas de fundo do\u00a0pa\u00eds n\u00e3o ser\u00e3o resolvidos nos processos eleitorais, mas nas lutas.\u00a0Por isso, nossa tarefa numa elei\u00e7\u00e3o \u00e9 apoiar candidaturas de esquerda\u00a0que estejam a servi\u00e7o das lutas, al\u00e9m de debater e intervir\u00a0politicamente nos rumos da cidade e do pa\u00eds.<\/p>\n<h5>Gest\u00e3o Jonas: negociatas com partidos corruptos e empres\u00e1rios, ataques\u00a0contra os trabalhadores<\/h5>\n<p>O projeto implementado por Jonas nos \u00faltimos 4 anos em Campinas n\u00e3o\u00a0nos representa.\u00a0No transporte p\u00fablico, Jonas mostra toda sua subservi\u00eancia aos mais\u00a0ricos. Ano ap\u00f3s ano, aumenta o pre\u00e7o da tarifa de forma absurda e \u00e9 o\u00a0principal respons\u00e1vel pelo pre\u00e7o que pagamos por um servi\u00e7o de m\u00e1\u00a0qualidade. Em m\u00e9dia, o prefeito Jonas repassou R$95 milh\u00f5es por ano\u00a0para os empres\u00e1rios do transporte. Demitiu 1200 cobradores de \u00f4nibus,\u00a0impondo dupla fun\u00e7\u00e3o aos motoristas. Ainda quer levar adiante a\u00a0absurda proposta de privatizar os terminais e pontos de \u00f4nibus,\u00a0abrindo mais o caminho para a mesma iniciativa privada que faz do\u00a0transporte p\u00fablico da cidade um caos.\u00a0Os cerca de\u00a01500 cargos comissionados da prefeitura s\u00e3o um esc\u00e2ndalo\u00a0que inclusive j\u00e1 foi parar na justi\u00e7a. O prefeito aumentou em mais de\u00a050% os gastos com este tipo de funcion\u00e1rio, gastando por m\u00eas R$5,23\u00a0milh\u00f5es do dinheiro p\u00fablico negociando com vereadores este tipo de\u00a0apadrinhado pol\u00edtico na prefeitura de Campinas em troca de votos na\u00a0C\u00e2mara.<\/p>\n<h5>Artur Orsi, Dr. H\u00e9lio e Pochmann representam a velha pol\u00edtica<\/h5>\n<p>Orsi (PSD) passou 27 anos no PSDB, ao lado de todas as administra\u00e7\u00f5es\u00a0tucanas que representaram um desastre para o Estado de S\u00e3o Paulo. Os\u00a0governos tucanos significaram o desmonte da educa\u00e7\u00e3o p\u00fablica e a\u00a0brutal repress\u00e3o aos movimentos sociais, foram sempre apoiados por\u00a0Orsi. H\u00e1 poucos meses, com o \u00fanico objetivo de ser candidato, migrou\u00a0para o PSD de Gilberto Kassab, Ministro de Dilma e de Temer, mostrando\u00a0que representa o que h\u00e1 de mais podre na velha pol\u00edtica, o \u201ctoma l\u00e1 d\u00e1\u00a0c\u00e1\u201d dos parlamentos, o balc\u00e3o de neg\u00f3cios que os partidos tradicionais\u00a0transformaram a pol\u00edtica brasileira.<\/p>\n<p>Dr. H\u00e9lio (PDT) por sua vez foi expulso da prefeitura pela for\u00e7a da\u00a0mobiliza\u00e7\u00e3o do povo pelo #ForaHelio em 2013, que culminou na sua\u00a0cassa\u00e7\u00e3o e de seu vice petista por den\u00fancias de desvios de R$ 615\u00a0milh\u00f5es da Sanasa e outros milh\u00f5es do Hospital Ouro Verde. Ele, que\u00a0foi eleito duas vezes com apoio de Lula, teve financiamento de\u00a0campanha denunciado na Lava-Jato. Sua esposa, participante dos\u00a0esquemas, foi condenada a 20 anos de pris\u00e3o no ano passado.<\/p>\n<p>M\u00e1rcio Pochmann (PT) tenta aparecer como um candidato de \u201cesquerda\u201d em\u00a0Campinas, que utiliza sua trajet\u00f3ria acad\u00eamica como economista para\u00a0isso. Por\u00e9m, na pr\u00e1tica, seu projeto est\u00e1 muito distante de ser de\u00a0esquerda. O partido apoiou o governo de Dr. H\u00e9lio at\u00e9 o final. J\u00e1 Pochmann foi, como os demais candidatos petistas, conivente em \u00faltima consequ\u00eancia o ajuste fiscal que o governo Dilma vinha implementando no pa\u00eds antes que os antigos aliados do PT\u00a0articulassem a sua queda. Esse ajuste cortou mais\u00a0de R$12 bilh\u00f5es da educa\u00e7\u00e3o p\u00fablica, metade a verba da secretaria de\u00a0combate \u00e0 viol\u00eancia contra a mulher, retirou acesso ao seguro\u00a0desemprego de milh\u00f5es de trabalhadores que foram demitidos, entre\u00a0outros absurdos de dar inveja a qualquer tucano. Uma pol\u00edtica\u00a0econ\u00f4mica que s\u00f3 serviu para encher os bolsos dos banqueiros e grandes\u00a0empres\u00e1rios, al\u00e9m, obviamente, dos cofres do PT, o seu partido.<\/p>\n<p>Por essas e outras que dizemos claramente que Orsi, H\u00e9lio e Pochmann\u00a0n\u00e3o nos representam. S\u00e3o representantes da velha pol\u00edtica de\u00a0corrup\u00e7\u00e3o, balc\u00e3o de neg\u00f3cios e ataques contra os direitos dos\u00a0trabalhadores. Por isso dizemos: N\u00c3O NOS REPRESENTAM!<\/p>\n<h5>Vamos com o PSOL! Marcela Moreira Prefeita 50!<\/h5>\n<p>Para derrotar todos os partidos que governam atacando o povo (PSB,\u00a0PSD, PT, PMDB, PSDB. etc) e enchendo o bolso dos mais ricos, estamos\u00a0com Marcela Moreira prefeita. Queremos um voto de esquerda com o\u00a0objetivo de fortalecer as lutas. Uma candidata feminista que tem como\u00a0marca estar ao lado das lutas dos trabalhadores e da juventude.\u00a0Tendo em vista que o PT h\u00e1 muito deixou de ser de esquerda, Marcela\u00a0representa a principal candidatura de esquerda \u00e0 prefeitura e estamos\u00a0em sua campanha para fortalecer a luta contra o empresariado do\u00a0transporte, discutindo a necessidade de implementar o passe-livre nos\u00a0\u00f4nibus de Campinas e abrir a caixa preta do transporte.<\/p>\n<h5>Em defesa dos direitos das mulheres e contra os privil\u00e9gios dos\u00a0pol\u00edticos! Mariana Conti Vereadora 50100<\/h5>\n<p>Mariana Conti \u00e9 uma alternativa para quem busca votar em quem colocar\u00e1\u00a0o seu mandato a servi\u00e7o das lutas. Mariana j\u00e1 cumpriu muitas vezes um\u00a0papel protagonista na luta dos trabalhadores e da juventude de\u00a0Campinas. Articulou a luta contra o aumento salarial de 126% para os\u00a0vereadores, que pela mobiliza\u00e7\u00e3o popular que ocorreu, foi vitoriosa.\u00a0Com Mariana estamos lutando para acabar com a farra dos 1500 cargos\u00a0comissionados que existem em Campinas. Ela se manteve ao lado dos\u00a0secundaristas na ocupa\u00e7\u00f5es de escolas, dos estudantes e t\u00e9cnicos da\u00a0Unicamp em suas mais diversas lutas. \u00c9 uma candidata feminista, que\u00a0batalha pelos direitos da mulheres, denunciando a viol\u00eancia machista\u00a0existente na nossa sociedade. Temos certeza de que as lutas em<br \/>\nCampinas estar\u00e3o fortalecidas com um mandato de Mariana Conti.<\/p>\n<p>Lutaremos por isso!<\/p>\n<h5>Queremos Marcela Moreira nos debates!<\/h5>\n<p>A lei da Morda\u00e7a de Eduardo Cunha, sancionada por Dilma, foi diretamente voltada contra o\u00a0PSOL, que encabe\u00e7ou a luta contra esse corrupto reacion\u00e1rio, para\u00a0deixar os candidatos de luta para fora dos debates mesmo com destaque\u00a0nas pesquisas eleitorais. Uma decis\u00e3o do STF barrou a aplica\u00e7\u00e3o desta\u00a0lei nestas elei\u00e7\u00f5es, garantindo que os candidatos convidados pelas\u00a0emissoras participem dos debates mesmo que outros candidatos n\u00e3o\u00a0queiram deixar, por medo de debater. Seguimos pressionando para que as\u00a0redes de TV aceitem o m\u00ednimo: que o PSOL seja convidado para expressar\u00a0suas propostas, as confrontando com os candidatos do sistema.<\/p>\n<hr \/>\n<p style=\"text-align: justify;\"><em><strong>Campinas, 27 de agosto de 2016 |\u00a0Corrente Socialista dos Trabalhadores &#8211; PSOL<\/strong><\/em><\/p>\n","protected":false},"excerpt":{"rendered":"<p>Para fortalecer nossas lutas, estamos com Marcela Moreira e Mariana Conti Primeiramente, Fora Temer! Estamos no in\u00edcio da campanha eleitoral.\u00a0Achamos fundamental fazer o debate pol\u00edtico e utilizar nosso voto para fortalecer a luta por direitos. Sabemos que os problemas de fundo do\u00a0pa\u00eds n\u00e3o ser\u00e3o resolvidos<\/p>\n","protected":false},"author":1,"featured_media":1508,"comment_status":"open","ping_status":"open","sticky":false,"template":"","format":"standard","meta":{"footnotes":""},"categories":[5],"tags":[57,37],"class_list":["post-1501","post","type-post","status-publish","format-standard","has-post-thumbnail","hentry","category-nacional","tag-mulheres","tag-psol"],"_links":{"self":[{"href":"https:\/\/www.cstuit.com\/home\/wp-json\/wp\/v2\/posts\/1501","targetHints":{"allow":["GET"]}}],"collection":[{"href":"https:\/\/www.cstuit.com\/home\/wp-json\/wp\/v2\/posts"}],"about":[{"href":"https:\/\/www.cstuit.com\/home\/wp-json\/wp\/v2\/types\/post"}],"author":[{"embeddable":true,"href":"https:\/\/www.cstuit.com\/home\/wp-json\/wp\/v2\/users\/1"}],"replies":[{"embeddable":true,"href":"https:\/\/www.cstuit.com\/home\/wp-json\/wp\/v2\/comments?post=1501"}],"version-history":[{"count":0,"href":"https:\/\/www.cstuit.com\/home\/wp-json\/wp\/v2\/posts\/1501\/revisions"}],"wp:featuredmedia":[{"embeddable":true,"href":"https:\/\/www.cstuit.com\/home\/wp-json\/wp\/v2\/media\/1508"}],"wp:attachment":[{"href":"https:\/\/www.cstuit.com\/home\/wp-json\/wp\/v2\/media?parent=1501"}],"wp:term":[{"taxonomy":"category","embeddable":true,"href":"https:\/\/www.cstuit.com\/home\/wp-json\/wp\/v2\/categories?post=1501"},{"taxonomy":"post_tag","embeddable":true,"href":"https:\/\/www.cstuit.com\/home\/wp-json\/wp\/v2\/tags?post=1501"}],"curies":[{"name":"wp","href":"https:\/\/api.w.org\/{rel}","templated":true}]}}