

	{"id":15160,"date":"2024-05-22T20:07:50","date_gmt":"2024-05-22T23:07:50","guid":{"rendered":"https:\/\/www.cstuit.com\/home\/?p=15160"},"modified":"2024-05-27T20:10:14","modified_gmt":"2024-05-27T23:10:14","slug":"venezuela-partidos-da-esquerda-proscrita-se-manifestam-sobre-as-eleicoes-de-28j","status":"publish","type":"post","link":"https:\/\/www.cstuit.com\/home\/2024\/05\/22\/venezuela-partidos-da-esquerda-proscrita-se-manifestam-sobre-as-eleicoes-de-28j\/","title":{"rendered":"Venezuela: Partidos da esquerda proscrita se manifestam sobre as elei\u00e7\u00f5es de #28J"},"content":{"rendered":"<p><strong>Partidos da esquerda proscrita se manifestam sobre as elei\u00e7\u00f5es de #28J<\/strong><\/p>\n<p>&nbsp;<\/p>\n<p>Por Laclase.info<\/p>\n<p>&nbsp;<\/p>\n<p>Publicamos a declara\u00e7\u00e3o das organiza\u00e7\u00f5es de esquerda PPT-APR, Marea Socialista, Partido Socialismo e Liberdade (PSL) e Liga de Trabajadores por el Socialismo (LTS) [Liga dos Trabalhadores pelo Socialismo], que realizaram uma confer\u00eancia de imprensa no dia 25 de abril. Na confer\u00eancia, anunciaram a decis\u00e3o de pedir voto nulo nas elei\u00e7\u00f5es de 28 de julho, apresentando o documento unit\u00e1rio que fundamenta a sua posi\u00e7\u00e3o pol\u00edtica.<\/p>\n<p>&nbsp;<\/p>\n<p>Angel Arias, da LTS, apresentou um resumo do documento acordado entre as quatro organiza\u00e7\u00f5es, seguido de interven\u00e7\u00f5es de representantes do PSL, PPT\/APR, Marea Socialista e do grupo feminista Mujeres en Lucha (PSL e independentes) [Mulheres em Luta].<\/p>\n<p>&nbsp;<\/p>\n<p>Seguem abaixo o documento completo e as interven\u00e7\u00f5es dos representantes das organiza\u00e7\u00f5es.<\/p>\n<p>&nbsp;<\/p>\n<blockquote class=\"twitter-tweet\" data-width=\"550\" data-dnt=\"true\">\n<p lang=\"es\" dir=\"ltr\">Angel Arias de la <a href=\"https:\/\/twitter.com\/LTS_ven?ref_src=twsrc%5Etfw\">@LTS_ven<\/a> resume el documento com\u00fan de esa organizaci\u00f3n, Marea Socialista, PPT\/APR y PSL ante las elecciones del <a href=\"https:\/\/twitter.com\/hashtag\/28Jul?src=hash&amp;ref_src=twsrc%5Etfw\">#28Jul<\/a> <a href=\"https:\/\/t.co\/l7qfKDGQKE\">pic.twitter.com\/l7qfKDGQKE<\/a><\/p>\n<p>&mdash; Miguel Angel Hern\u00e1ndez Arvelo (@UcvMiguelangel) <a href=\"https:\/\/twitter.com\/UcvMiguelangel\/status\/1783644608095752455?ref_src=twsrc%5Etfw\">April 25, 2024<\/a><\/p><\/blockquote>\n<p><script async src=\"https:\/\/platform.twitter.com\/widgets.js\" charset=\"utf-8\"><\/script><\/p>\n<p>&nbsp;<\/p>\n<p><strong>DECLARA\u00c7\u00c3O UNIT\u00c1RIA<\/strong><\/p>\n<p>&nbsp;<\/p>\n<p>O governo est\u00e1 preparando elei\u00e7\u00f5es sob medida para os seus interesses. S\u00e3o v\u00e1rias as organiza\u00e7\u00f5es que tiveram seus direitos pol\u00edticos violados pelos mais diversos procedimentos e manobras: interven\u00e7\u00e3o judicial, recusa de registro, aus\u00eancia de respostas administrativas \u00e0s solicita\u00e7\u00f5es e inelegibilidades pessoais.<\/p>\n<p>&nbsp;<\/p>\n<p>As condi\u00e7\u00f5es impostas pelo governo impediram que a Plataforma Unit\u00e1ria registasse Mar\u00eda Corina Machado e sua primeira suplente, permitindo-lhe registar apenas um segundo suplente, Edmundo Gonz\u00e1lez Urrutia. Tamb\u00e9m impediram a apresenta\u00e7\u00e3o de qualquer candidatura localizada \u00e0 esquerda, para evitar que se expressassem eleitoralmente vozes que questionassem a farsa do governo \u201coper\u00e1rio\u201d e do falso \u201csocialismo\u201d de Maduro.<\/p>\n<p>&nbsp;<\/p>\n<p>Somos contr\u00e1rios \u00e0s proscri\u00e7\u00f5es e defendemos o direito democr\u00e1tico do povo venezuelano de decidir em quem votar, sem que os candidatos sejam impostos pelo governo. Por\u00e9m, denunciamos que, apesar das restri\u00e7\u00f5es anti-democr\u00e1ticas, todas as correntes patronais ter\u00e3o candidatos, mas n\u00e3o a esquerda que questiona a explora\u00e7\u00e3o dos trabalhadores e as desigualdades do capitalismo. Com isso, procura-se silenciar as vozes daqueles que se op\u00f5em consequentemente a pol\u00edticas que s\u00f3 beneficiam os patr\u00f5es, os ricos de sempre e os novos-ricos.<\/p>\n<p>&nbsp;<\/p>\n<p><strong>Nem o governo e o seu candidato nem aqueles apresentados pela oposi\u00e7\u00e3o patronal s\u00e3o uma op\u00e7\u00e3o para quem vive do pr\u00f3prio trabalho<\/strong><\/p>\n<p>&nbsp;<\/p>\n<p>Todos os candidatos representam os interesses dos empres\u00e1rios, das transnacionais e dos burocratas que enriqueceram a partir do controle das receitas do petr\u00f3leo. O cen\u00e1rio \u00e9 de disputa entre um governo amplamente repudiado, que est\u00e1 empenhado em permanecer no poder a todo custo, e a oposi\u00e7\u00e3o patronal, anti-oper\u00e1ria e pr\u00f3-imperialista, que busca recuperar o controle do Estado e gerir o capitalismo venezuelano.<\/p>\n<p>&nbsp;<\/p>\n<blockquote class=\"twitter-tweet\" data-width=\"550\" data-dnt=\"true\">\n<p lang=\"es\" dir=\"ltr\">Hoy <a href=\"https:\/\/twitter.com\/hashtag\/25A?src=hash&amp;ref_src=twsrc%5Etfw\">#25A<\/a> en rueda de prensa unitaria a nombre del <a href=\"https:\/\/twitter.com\/PSLVenezuela?ref_src=twsrc%5Etfw\">@PSLVenezuela<\/a> explicando nuestra posici\u00f3n sobre elecciones del <a href=\"https:\/\/twitter.com\/hashtag\/28Jul?src=hash&amp;ref_src=twsrc%5Etfw\">#28Jul<\/a> <a href=\"https:\/\/t.co\/DHTftA4Xfu\">pic.twitter.com\/DHTftA4Xfu<\/a><\/p>\n<p>&mdash; Miguel Angel Hern\u00e1ndez Arvelo (@UcvMiguelangel) <a href=\"https:\/\/twitter.com\/UcvMiguelangel\/status\/1783648912856813909?ref_src=twsrc%5Etfw\">April 26, 2024<\/a><\/p><\/blockquote>\n<p><script async src=\"https:\/\/platform.twitter.com\/widgets.js\" charset=\"utf-8\"><\/script><\/p>\n<p>&nbsp;<\/p>\n<p>A d\u00edvida externa pesa dramaticamente sobre as condi\u00e7\u00f5es de vida das maiorias; para pag\u00e1-la, \u00e9 retirado dinheiro da sa\u00fade, da educa\u00e7\u00e3o, dos sal\u00e1rios e de outras necessidades b\u00e1sicas. Foi isso que Maduro fez. E a oposi\u00e7\u00e3o patronal quer fazer o mesmo, mas sob a tutela do FMI e dos Estados Unidos.<\/p>\n<p>&nbsp;<\/p>\n<p>O governo, os partidos patronais e os empres\u00e1rios concordam com a destrui\u00e7\u00e3o dos direitos trabalhistas e com a imposi\u00e7\u00e3o de condi\u00e7\u00f5es de super-explora\u00e7\u00e3o aos trabalhadores. Essa alian\u00e7a anti-oper\u00e1ria n\u00e3o \u00e9 questionada por nenhum dos candidatos da oposi\u00e7\u00e3o.<\/p>\n<p>&nbsp;<\/p>\n<blockquote class=\"twitter-tweet\" data-width=\"550\" data-dnt=\"true\">\n<p lang=\"es\" dir=\"ltr\">Gustavo Mart\u00ednez de <a href=\"https:\/\/twitter.com\/MareaSoc89?ref_src=twsrc%5Etfw\">@MareaSoc89<\/a> en rueda de prensa junto al PPT\/APR, PSL y LTS sobre elecciones del <a href=\"https:\/\/twitter.com\/hashtag\/28Jul?src=hash&amp;ref_src=twsrc%5Etfw\">#28Jul<\/a> <a href=\"https:\/\/t.co\/cTZJN3j73j\">pic.twitter.com\/cTZJN3j73j<\/a><\/p>\n<p>&mdash; Miguel Angel Hern\u00e1ndez Arvelo (@UcvMiguelangel) <a href=\"https:\/\/twitter.com\/UcvMiguelangel\/status\/1783642796257165517?ref_src=twsrc%5Etfw\">April 25, 2024<\/a><\/p><\/blockquote>\n<p><script async src=\"https:\/\/platform.twitter.com\/widgets.js\" charset=\"utf-8\"><\/script><\/p>\n<p>&nbsp;<\/p>\n<p>O governo aprofundou o seu compromisso com os setores religiosos anti-direitos, que se op\u00f5em \u00e0s exig\u00eancias das mulheres e da comunidade sexo-diversa. E nenhum candidato da oposi\u00e7\u00e3o questiona essa alian\u00e7a regressiva. A viol\u00eancia policial contra a juventude dos bairros populares \u00e9 aplicada pelo governo, mas endossada por todos os partidos da oposi\u00e7\u00e3o patronal.<\/p>\n<p>&nbsp;<\/p>\n<p>Se os partidos capitalistas que hoje est\u00e3o na oposi\u00e7\u00e3o voltarem a governar, continuar\u00e3o a aplicar medidas anti-oper\u00e1rias e anti-populares, com a desculpa de que o governo de Maduro deixou o pa\u00eds quebrado e de que teremos que seguir apertando os cintos. E essas pol\u00edticas n\u00e3o ser\u00e3o implementadas sem repress\u00e3o.<\/p>\n<p>&nbsp;<\/p>\n<p><strong>N\u00e3o nos representam!<\/strong><\/p>\n<p>&nbsp;<\/p>\n<p>Nesse contexto, v\u00e1rias organiza\u00e7\u00f5es pol\u00edticas de esquerda acordaram promover uma campanha unit\u00e1ria para denunciar as restri\u00e7\u00f5es \u00e0s liberdades pol\u00edticas e democr\u00e1ticas, e particularmente \u00e0s aplicadas \u00e0 esquerda, bem como apresentar uma posi\u00e7\u00e3o de independ\u00eancia pol\u00edtica dos\/as trabalhadores\/as nas pr\u00f3ximas elei\u00e7\u00f5es presidenciais.<\/p>\n<p>&nbsp;<\/p>\n<blockquote class=\"twitter-tweet\" data-width=\"550\" data-dnt=\"true\">\n<p lang=\"es\" dir=\"ltr\">Luis Zapata del <a href=\"https:\/\/twitter.com\/ppt_uzcategui?ref_src=twsrc%5Etfw\">@ppt_uzcategui<\/a> en rueda de prensa <a href=\"https:\/\/twitter.com\/hashtag\/25A?src=hash&amp;ref_src=twsrc%5Etfw\">#25A<\/a> sobre elecciones del <a href=\"https:\/\/twitter.com\/hashtag\/28Jul?src=hash&amp;ref_src=twsrc%5Etfw\">#28Jul<\/a> <a href=\"https:\/\/t.co\/7SMDz8w3pV\">pic.twitter.com\/7SMDz8w3pV<\/a><\/p>\n<p>&mdash; Miguel Angel Hern\u00e1ndez Arvelo (@UcvMiguelangel) <a href=\"https:\/\/twitter.com\/UcvMiguelangel\/status\/1783638001345556576?ref_src=twsrc%5Etfw\">April 25, 2024<\/a><\/p><\/blockquote>\n<p><script async src=\"https:\/\/platform.twitter.com\/widgets.js\" charset=\"utf-8\"><\/script><\/p>\n<p>&nbsp;<\/p>\n<p>Compreendemos o cansa\u00e7o do povo com um governo profundamente repressivo e corrupto, que tem aplicado um ajuste econ\u00f4mico brutal durante uma d\u00e9cada. Compartilhamos do rep\u00fadio a um regime que levou as condi\u00e7\u00f5es de vida do povo trabalhador a n\u00edveis tr\u00e1gicos. Sabemos da confus\u00e3o gerada pelo chavismo, que se apresenta como \u201csocialista\u201d ao mesmo tempo em que destr\u00f3i sal\u00e1rios e direitos trabalhistas, com medidas que s\u00f3 beneficiam patr\u00f5es, comerciantes, transnacionais, empres\u00e1rios e banqueiros.<\/p>\n<p>&nbsp;<\/p>\n<p>O cansa\u00e7o e a confus\u00e3o podem levar setores do povo a buscar qualquer via para remover o atual\u00a0 governo. Tamb\u00e9m queremos que esse desastre acabe. Por\u00e9m, consideramos errado votar nos nossos algozes. Os nossos problemas n\u00e3o terminar\u00e3o apenas com a sa\u00edda de Maduro. O problema central \u00e9 o sistema econ\u00f4mico e social, em que prevalecem os interesses dos empres\u00e1rios e das transnacionais. \u00c9 por isso que n\u00e3o podemos aceitar acriticamente um novo messias, que represente interesses de classe semelhantes aos do atual governo.<\/p>\n<p>&nbsp;<\/p>\n<blockquote class=\"twitter-tweet\" data-width=\"550\" data-dnt=\"true\">\n<p lang=\"es\" dir=\"ltr\">Claudia Rodr\u00edguez militante del <a href=\"https:\/\/twitter.com\/PSLVenezuela?ref_src=twsrc%5Etfw\">@PSLVenezuela<\/a> e integrante de la agrupaci\u00f3n feminista <a href=\"https:\/\/twitter.com\/MujeresenluchaV?ref_src=twsrc%5Etfw\">@MujeresenluchaV<\/a> en rueda de prensa explicando la posici\u00f3n de la izquierda proscrita ante las elecciones del <a href=\"https:\/\/twitter.com\/hashtag\/28Jul?src=hash&amp;ref_src=twsrc%5Etfw\">#28Jul<\/a> <a href=\"https:\/\/t.co\/NlaV8MYnTv\">pic.twitter.com\/NlaV8MYnTv<\/a><\/p>\n<p>&mdash; Miguel Angel Hern\u00e1ndez Arvelo (@UcvMiguelangel) <a href=\"https:\/\/twitter.com\/UcvMiguelangel\/status\/1783636457615184024?ref_src=twsrc%5Etfw\">April 25, 2024<\/a><\/p><\/blockquote>\n<p><script async src=\"https:\/\/platform.twitter.com\/widgets.js\" charset=\"utf-8\"><\/script><\/p>\n<p>&nbsp;<\/p>\n<p>Nesse sentido, n\u00e3o compartilhamos a posi\u00e7\u00e3o de algumas organiza\u00e7\u00f5es que se dizem de esquerda, bem como de ex-ministros de Ch\u00e1vez e de alguns indiv\u00edduos provenientes do chavismo, que est\u00e3o chamando o voto no candidato da Plataforma Unit\u00e1ria ou em outras variantes da oposi\u00e7\u00e3o patronal, com o argumento de que \u00e9 o \u201cmal menor\u201d, para se livrar de Maduro. Com l\u00f3gica semelhante, h\u00e1 setores do chavismo cr\u00edtico que defendem que o \u201cmal menor\u201d \u00e9 a perman\u00eancia de Maduro, dada a possibilidade de vit\u00f3ria do candidato da oposi\u00e7\u00e3o pr\u00f3-imperialista. Tamb\u00e9m n\u00e3o partilhamos dessa posi\u00e7\u00e3o. N\u00e3o votaremos naqueles que destru\u00edram os direitos econ\u00f4micos e sociais da classe trabalhadora e que nos perseguiram ou prenderam quando lutarmos por tais direitos. N\u00e3o se trata de escolher entre duas op\u00e7\u00f5es reacion\u00e1rias.<\/p>\n<p>&nbsp;<\/p>\n<p><strong>Por um programa oper\u00e1rio e popular de emerg\u00eancia, conquistado com a mobiliza\u00e7\u00e3o dos trabalhadores e do povo pobre<\/strong><\/p>\n<p>&nbsp;<\/p>\n<p>Perante a crise do capitalismo venezuelano \u2013 pela qual os trabalhadores est\u00e3o sendo obrigados a pagar \u2013, com o ajuste econ\u00f4mico do governo, a corrup\u00e7\u00e3o, a fuga de capitais e as san\u00e7\u00f5es imperialistas, a \u00fanica alternativa progressiva e de fundo \u00e9 recuperar a capacidade de luta por um plano econ\u00f4mico oper\u00e1rio e popular de emerg\u00eancia, que inverta as prioridades; que, em vez de continuar a descarregar a crise nas costas dos trabalhadores e dos pobres, atinja os interesses dos patr\u00f5es, das transnacionais e dos empres\u00e1rios nacionais e daqueles que se enriqueceram com a corrup\u00e7\u00e3o a partir do Estado.<\/p>\n<p>&nbsp;<\/p>\n<p>&#8211; Por sal\u00e1rio-m\u00ednimo e pens\u00f5es equivalentes \u00e0 cesta b\u00e1sica. Chega de bonifica\u00e7\u00e3o salarial. Revoga\u00e7\u00e3o do Memorando 2792 e das Instru\u00e7\u00f5es da Onapre. Respeito aos contratos coletivos.<\/p>\n<p>&nbsp;<\/p>\n<p>\u2013 Pela reintegra\u00e7\u00e3o dos demitidos, dos suspensos e dos \u201cn\u00e3o requisitados\u201d.<\/p>\n<p>&nbsp;<\/p>\n<p>\u2013 Liberdade plena para os trabalhadores e as trabalhadoras presos\/as ou processados\/as. N\u00e3o \u00e0 criminaliza\u00e7\u00e3o dos protestos oper\u00e1rios e populares!<\/p>\n<p>&nbsp;<\/p>\n<p>\u2013 Defendemos intransigentemente as liberdades do povo trabalhador: pelo direito de express\u00e3o, pelas liberdades de imprensa, de mobiliza\u00e7\u00e3o e de organiza\u00e7\u00e3o sindical e pol\u00edtica. Pelo respeito ao direito de greve.<\/p>\n<p>&nbsp;<\/p>\n<p>&#8211; Basta de san\u00e7\u00f5es imperialistas! Devolu\u00e7\u00e3o dos bens nacionais confiscados!<\/p>\n<p>&nbsp;<\/p>\n<p>\u2013 Contra a pol\u00edtica de \u201cseguran\u00e7a\u201d imposta aos jovens nas comunidades populares.<\/p>\n<p>&nbsp;<\/p>\n<p>&#8211; Por plenos direitos econ\u00f4micos, sociais, sexuais e reprodutivos das mulheres.<\/p>\n<p>&nbsp;<\/p>\n<p>&#8211; Plenos direitos para a popula\u00e7\u00e3o sexo-g\u00eanero-diversa (LGTBIQ+).<\/p>\n<p>&nbsp;<\/p>\n<p>\u2013 N\u00e3o ao pagamento da d\u00edvida externa! N\u00e3o aos gastos militares e com a repress\u00e3o! Que esses recursos sejam utilizados em sa\u00fade, educa\u00e7\u00e3o, habita\u00e7\u00e3o, sal\u00e1rios e outras necessidades b\u00e1sicas.<\/p>\n<p>&nbsp;<\/p>\n<p>\u2013 Nenhum imposto para os trabalhadores! Abaixo o IVA! Impostos pesados \u200b\u200bsobre os lucros, as rendas e as grandes fortunas.<\/p>\n<p>&nbsp;<\/p>\n<p>\u2013 Repatria\u00e7\u00e3o for\u00e7ada de todo o dinheiro retirado do pa\u00eds por banqueiros, empres\u00e1rios e altos burocratas.<\/p>\n<p>&nbsp;<\/p>\n<p>\u2013 N\u00e3o \u00e0 privatiza\u00e7\u00e3o da ind\u00fastria petrol\u00edfera, das empresas b\u00e1sicas e de outras empresas p\u00fablicas. Elas devem ser 100% estatais, sem transnacionais ou empresas mistas, e geridas pelos seus trabalhadores, profissionais e t\u00e9cnicos.<\/p>\n<p>&nbsp;<\/p>\n<p>Para al\u00e9m das elei\u00e7\u00f5es, apelamos \u00e0 mobiliza\u00e7\u00e3o e ao fortalecimento da batalha pela organiza\u00e7\u00e3o pol\u00edtica independente da classe trabalhadora, a \u00fanica for\u00e7a social que, com o seu pr\u00f3prio programa, pode apresentar uma solu\u00e7\u00e3o progressiva para a crise atual.<\/p>\n<p>&nbsp;<\/p>\n<p>Defendemos o voto nulo, em rep\u00fadio \u00e0s restri\u00e7\u00f5es \u00e0s liberdades democr\u00e1ticas do povo trabalhador, contra a proscri\u00e7\u00e3o da esquerda e como maneira de forjar uma alternativa pol\u00edtico-eleitoral da classe trabalhadora. N\u00e3o depositamos qualquer confian\u00e7a ou apoio pol\u00edtico a candidatos que n\u00e3o representam os interesses dos assalariados.<\/p>\n<p>&nbsp;<\/p>\n<p>A classe trabalhadora precisa de uma alternativa pol\u00edtica que represente verdadeiramente os seus interesses. Nossa perspectiva estrat\u00e9gica \u00e9 a luta por um governo dos trabalhadores e do povo pobre. A classe trabalhadora deve governar!<\/p>\n<p>&nbsp;<\/p>\n<p>Caracas, 25 de abril de 2024.<\/p>\n<p>&nbsp;<\/p>\n<p><strong>Patria Para Todos (PPT-APR), Marea Socialista (MS), Partido Socialismo y Libertad (PSL), Liga de Trabajadores por el Socialismo (LTS)<\/strong><\/p>\n<p>&nbsp;<\/p>\n<blockquote class=\"twitter-tweet\" data-width=\"550\" data-dnt=\"true\">\n<p lang=\"es\" dir=\"ltr\"><a href=\"https:\/\/twitter.com\/hashtag\/25A?src=hash&amp;ref_src=twsrc%5Etfw\">#25A<\/a> Rafael Uzc\u00e1tegui del <a href=\"https:\/\/twitter.com\/ppt_uzcategui?ref_src=twsrc%5Etfw\">@ppt_uzcategui<\/a> explicando como se cerr\u00f3 la posibilidad de que la izquierda presentara una candidatura <a href=\"https:\/\/t.co\/bXTShw5XV1\">pic.twitter.com\/bXTShw5XV1<\/a><\/p>\n<p>&mdash; Miguel Angel Hern\u00e1ndez Arvelo (@UcvMiguelangel) <a href=\"https:\/\/twitter.com\/UcvMiguelangel\/status\/1783648553606304006?ref_src=twsrc%5Etfw\">April 26, 2024<\/a><\/p><\/blockquote>\n<p><script async src=\"https:\/\/platform.twitter.com\/widgets.js\" charset=\"utf-8\"><\/script><\/p>\n","protected":false},"excerpt":{"rendered":"<p>Partidos da esquerda proscrita se manifestam sobre as elei\u00e7\u00f5es de #28J &nbsp; Por Laclase.info &nbsp; Publicamos a declara\u00e7\u00e3o das organiza\u00e7\u00f5es de esquerda PPT-APR, Marea Socialista, Partido Socialismo e Liberdade (PSL) e Liga de Trabajadores por el Socialismo (LTS) [Liga dos Trabalhadores pelo Socialismo], que realizaram<\/p>\n","protected":false},"author":1,"featured_media":0,"comment_status":"open","ping_status":"open","sticky":false,"template":"","format":"standard","meta":{"footnotes":""},"categories":[6],"tags":[],"class_list":["post-15160","post","type-post","status-publish","format-standard","hentry","category-internacional"],"_links":{"self":[{"href":"https:\/\/www.cstuit.com\/home\/wp-json\/wp\/v2\/posts\/15160","targetHints":{"allow":["GET"]}}],"collection":[{"href":"https:\/\/www.cstuit.com\/home\/wp-json\/wp\/v2\/posts"}],"about":[{"href":"https:\/\/www.cstuit.com\/home\/wp-json\/wp\/v2\/types\/post"}],"author":[{"embeddable":true,"href":"https:\/\/www.cstuit.com\/home\/wp-json\/wp\/v2\/users\/1"}],"replies":[{"embeddable":true,"href":"https:\/\/www.cstuit.com\/home\/wp-json\/wp\/v2\/comments?post=15160"}],"version-history":[{"count":0,"href":"https:\/\/www.cstuit.com\/home\/wp-json\/wp\/v2\/posts\/15160\/revisions"}],"wp:attachment":[{"href":"https:\/\/www.cstuit.com\/home\/wp-json\/wp\/v2\/media?parent=15160"}],"wp:term":[{"taxonomy":"category","embeddable":true,"href":"https:\/\/www.cstuit.com\/home\/wp-json\/wp\/v2\/categories?post=15160"},{"taxonomy":"post_tag","embeddable":true,"href":"https:\/\/www.cstuit.com\/home\/wp-json\/wp\/v2\/tags?post=15160"}],"curies":[{"name":"wp","href":"https:\/\/api.w.org\/{rel}","templated":true}]}}