

	{"id":15162,"date":"2024-05-22T20:36:08","date_gmt":"2024-05-22T23:36:08","guid":{"rendered":"https:\/\/www.cstuit.com\/home\/?p=15162"},"modified":"2024-05-27T20:51:52","modified_gmt":"2024-05-27T23:51:52","slug":"acao-global-em-apoio-ao-povo-palestino","status":"publish","type":"post","link":"https:\/\/www.cstuit.com\/home\/2024\/05\/22\/acao-global-em-apoio-ao-povo-palestino\/","title":{"rendered":"A\u00e7\u00e3o global em apoio ao povo palestino"},"content":{"rendered":"<p><span style=\"font-weight: 400;\">No \u00e2mbito de um novo anivers\u00e1rio da Nakba, a comemora\u00e7\u00e3o da cat\u00e1strofe ocorrida em 15 de maio de 1948, quando o Estado de Israel foi criado e 700.000 palestinos foram exilados de suas terras. Em todo o mundo, realizaram-se a\u00e7\u00f5es de apoio ao povo palestino, que atualmente resiste aos ataques genocidas de Israel em Gaza, \u00e0 ocupa\u00e7\u00e3o da Cisjord\u00e2nia e \u00e0 iminente invas\u00e3o de Rafah.<\/span><\/p>\n<p><span style=\"font-weight: 400;\">Estas a\u00e7\u00f5es juntam-se \u00e0 onda de rep\u00fadios no mundo contra o Estado de Israel e o seu ataque criminoso, como os acampamentos de estudantes universit\u00e1rios nos EUA e na Europa.<\/span><\/p>\n<p><span style=\"font-weight: 400;\">A UIT-CI faz parte destas a\u00e7\u00f5es que decorrem em todo o mundo, com a sua campanha permanente de solidariedade com a resist\u00eancia palestina.<\/span><\/p>\n<p><span style=\"font-weight: 400;\">Na quarta-feira, 15 de maio, realizaram-se manifesta\u00e7\u00f5es em v\u00e1rias cidades, acompanhadas de marchas, r\u00e1dio aberta ou ades\u00e3o aos acampamentos universit\u00e1rios.<\/span><\/p>\n<p><span style=\"font-weight: 400;\">Em Barcelona, os camaradas do Lucha Internacionalista, que fazem parte dos acampamentos universit\u00e1rios, tamb\u00e9m se juntaram ao evento pelo anivers\u00e1rio da Nakba, onde interveio o camarada Marc del Alc\u00e1zar, dirigente estudantil.<\/span><span style=\"font-weight: 400;\">\u00a0<\/span><\/p>\n<p><span style=\"font-weight: 400;\">Na Argentina, foi realizado um ato unit\u00e1rio em conjunto com o Comit\u00e9 Argentino de solidariedade com o povo palestino, onde intervieram Juan Carlos Giordano, deputado nacional eleito pela Izquierda Socialista e Jorgelina Bueno do Centro de Estudantes de Ci\u00eancias Exatas da UBA, tamb\u00e9m uma refer\u00eancia do movimento estudantil e da Izquierda Socialista.<\/span><span style=\"font-weight: 400;\">\u00a0<\/span><\/p>\n<p><span style=\"font-weight: 400;\">No Chile, o dirigente do MST, se\u00e7\u00e3o da UIT-QI, Rainier \u201cOso\u201d Rios, participou na atividade organizada em conjunto com a comunidade palestiniana da cidade, organiza\u00e7\u00f5es pol\u00edticas, sociais e feministas.<\/span><\/p>\n<p><span style=\"font-weight: 400;\">Tamb\u00e9m se realizaram a\u00e7\u00f5es no Brasil, em S\u00e3o Paulo e no Rio de Janeiro, onde participaram camaradas da CST. Tal como na Bol\u00edvia, onde os camaradas do PT participaram na manifesta\u00e7\u00e3o em La Paz \u00e0s portas da embaixada dos EUA. No Panam\u00e1 e no Peru, a Propuesta Socialista e o PT-Unios tamb\u00e9m fizeram parte das a\u00e7\u00f5es de apoio \u00e0 resist\u00eancia palestina. Tal como na Venezuela, o Partido Socialismo e Liberdade juntou-se ao rep\u00fadio dos crimes sionistas com a interven\u00e7\u00e3o de Miguel Angel Hernandez, dirigente da UIT-CI e do PSL.<\/span><\/p>\n<p><span style=\"font-weight: 400;\">A partir da Unidade Internacional dos Trabalhadores &#8211; Quarta Internacional, apelamos a que continuem a mobilizar-se em solidariedade com a resist\u00eancia do povo palestino. Por um cessar-fogo imediato! N\u00e3o \u00e0 invas\u00e3o de Rafah! Pela retirada de todas as tropas sionistas de todo o territ\u00f3rio hist\u00f3rico da Palestina, do rio ao mar! Pelo regresso de todos os refugiados ao seu territ\u00f3rio! Fora com Israel da Palestina! <\/span><span style=\"font-weight: 400;\">Por uma Palestina \u00fanica, laica, democr\u00e1tica e n\u00e3o racista! Palestina livre do rio ao mar!<\/span><\/p>\n<p>&nbsp;<\/p>\n<p><strong>Venezuela<\/strong><img loading=\"lazy\" decoding=\"async\" class=\"alignnone size-medium wp-image-15164\" src=\"https:\/\/www.cstuit.com\/home\/wp-content\/uploads\/2024\/05\/venezuela.palestina-300x135.jpeg\" alt=\"\" width=\"300\" height=\"135\" srcset=\"https:\/\/www.cstuit.com\/home\/wp-content\/uploads\/2024\/05\/venezuela.palestina-300x135.jpeg 300w, https:\/\/www.cstuit.com\/home\/wp-content\/uploads\/2024\/05\/venezuela.palestina.jpeg 600w\" sizes=\"auto, (max-width: 300px) 100vw, 300px\" \/><\/p>\n<p><strong>Peru<\/strong><img loading=\"lazy\" decoding=\"async\" class=\"alignnone size-medium wp-image-15166\" src=\"https:\/\/www.cstuit.com\/home\/wp-content\/uploads\/2024\/05\/peru.palestina-300x300.jpeg\" alt=\"\" width=\"300\" height=\"300\" srcset=\"https:\/\/www.cstuit.com\/home\/wp-content\/uploads\/2024\/05\/peru.palestina-300x300.jpeg 300w, https:\/\/www.cstuit.com\/home\/wp-content\/uploads\/2024\/05\/peru.palestina-150x150.jpeg 150w, https:\/\/www.cstuit.com\/home\/wp-content\/uploads\/2024\/05\/peru.palestina-375x375.jpeg 375w, https:\/\/www.cstuit.com\/home\/wp-content\/uploads\/2024\/05\/peru.palestina.jpeg 600w\" sizes=\"auto, (max-width: 300px) 100vw, 300px\" \/><\/p>\n<p><strong>Turquia<\/strong><img loading=\"lazy\" decoding=\"async\" class=\"alignnone size-medium wp-image-15165\" src=\"https:\/\/www.cstuit.com\/home\/wp-content\/uploads\/2024\/05\/turquia.palestina-300x225.jpeg\" alt=\"\" width=\"300\" height=\"225\" srcset=\"https:\/\/www.cstuit.com\/home\/wp-content\/uploads\/2024\/05\/turquia.palestina-300x225.jpeg 300w, https:\/\/www.cstuit.com\/home\/wp-content\/uploads\/2024\/05\/turquia.palestina.jpeg 600w\" sizes=\"auto, (max-width: 300px) 100vw, 300px\" \/><\/p>\n<p><strong>Panam\u00e1<\/strong><img loading=\"lazy\" decoding=\"async\" class=\"alignnone size-medium wp-image-15167\" src=\"https:\/\/www.cstuit.com\/home\/wp-content\/uploads\/2024\/05\/panama.palestina-300x225.jpeg\" alt=\"\" width=\"300\" height=\"225\" srcset=\"https:\/\/www.cstuit.com\/home\/wp-content\/uploads\/2024\/05\/panama.palestina-300x225.jpeg 300w, https:\/\/www.cstuit.com\/home\/wp-content\/uploads\/2024\/05\/panama.palestina.jpeg 600w\" sizes=\"auto, (max-width: 300px) 100vw, 300px\" \/><\/p>\n<p><strong>S\u00e3o Paulo &#8211; Brasil<\/strong><img loading=\"lazy\" decoding=\"async\" class=\"alignnone size-full wp-image-15168\" src=\"https:\/\/www.cstuit.com\/home\/wp-content\/uploads\/2024\/05\/brasil.sp_.palestina.jpeg\" alt=\"\" width=\"300\" height=\"225\" \/><\/p>\n","protected":false},"excerpt":{"rendered":"<p>No \u00e2mbito de um novo anivers\u00e1rio da Nakba, a comemora\u00e7\u00e3o da cat\u00e1strofe ocorrida em 15 de maio de 1948, quando o Estado de Israel foi criado e 700.000 palestinos foram exilados de suas terras. Em todo o mundo, realizaram-se a\u00e7\u00f5es de apoio ao povo palestino,<\/p>\n","protected":false},"author":1,"featured_media":15163,"comment_status":"open","ping_status":"open","sticky":false,"template":"","format":"standard","meta":{"footnotes":""},"categories":[6],"tags":[2072,251,31,312,2067,223,2069,300,374,359],"class_list":["post-15162","post","type-post","status-publish","format-standard","has-post-thumbnail","hentry","category-internacional","tag-cessarfogo","tag-genocidio","tag-internacional","tag-liberdade","tag-nakba","tag-palestina","tag-rafah","tag-sionismo","tag-solidariedade","tag-uit"],"_links":{"self":[{"href":"https:\/\/www.cstuit.com\/home\/wp-json\/wp\/v2\/posts\/15162","targetHints":{"allow":["GET"]}}],"collection":[{"href":"https:\/\/www.cstuit.com\/home\/wp-json\/wp\/v2\/posts"}],"about":[{"href":"https:\/\/www.cstuit.com\/home\/wp-json\/wp\/v2\/types\/post"}],"author":[{"embeddable":true,"href":"https:\/\/www.cstuit.com\/home\/wp-json\/wp\/v2\/users\/1"}],"replies":[{"embeddable":true,"href":"https:\/\/www.cstuit.com\/home\/wp-json\/wp\/v2\/comments?post=15162"}],"version-history":[{"count":0,"href":"https:\/\/www.cstuit.com\/home\/wp-json\/wp\/v2\/posts\/15162\/revisions"}],"wp:featuredmedia":[{"embeddable":true,"href":"https:\/\/www.cstuit.com\/home\/wp-json\/wp\/v2\/media\/15163"}],"wp:attachment":[{"href":"https:\/\/www.cstuit.com\/home\/wp-json\/wp\/v2\/media?parent=15162"}],"wp:term":[{"taxonomy":"category","embeddable":true,"href":"https:\/\/www.cstuit.com\/home\/wp-json\/wp\/v2\/categories?post=15162"},{"taxonomy":"post_tag","embeddable":true,"href":"https:\/\/www.cstuit.com\/home\/wp-json\/wp\/v2\/tags?post=15162"}],"curies":[{"name":"wp","href":"https:\/\/api.w.org\/{rel}","templated":true}]}}