

	{"id":15229,"date":"2024-05-31T13:58:23","date_gmt":"2024-05-31T16:58:23","guid":{"rendered":"https:\/\/www.cstuit.com\/home\/?p=15229"},"modified":"2024-05-31T13:58:23","modified_gmt":"2024-05-31T16:58:23","slug":"venezuela-frente-a-recusa-em-aumentar-o-salario-a-alternativa-e-lutar","status":"publish","type":"post","link":"https:\/\/www.cstuit.com\/home\/2024\/05\/31\/venezuela-frente-a-recusa-em-aumentar-o-salario-a-alternativa-e-lutar\/","title":{"rendered":"Venezuela: Frente a Recusa em Aumentar o Sal\u00e1rio, a Alternativa \u00e9 Lutar"},"content":{"rendered":"<p>Por Jos\u00e9 Bodas<\/p>\n<p>Como temos alertado em nosso partido e em nossa corrente sindical Ccura, o governo de Maduro n\u00e3o aumentou o sal\u00e1rio m\u00ednimo neste 1\u00ba de maio, dia do trabalhador. Pelo segundo ano consecutivo, um balde de \u00e1gua fria caiu sobre aqueles de n\u00f3s que vivem de sal\u00e1rios.<\/p>\n<p>Maduro fez um an\u00fancio enganoso dizendo que aumentou a &#8220;renda m\u00ednima integral&#8221; para US$ 130. Nem na LOTTT, nem na constitui\u00e7\u00e3o, nem em nenhuma lei venezuelana existe esse valor, isso \u00e9 apenas uma inven\u00e7\u00e3o do governo para n\u00e3o aumentar os sal\u00e1rios. Por outro lado, n\u00e3o houve esse aumento para US$ 130.<\/p>\n<p>O que o governo fez foi aumentar em 30 d\u00f3lares o chamado Bono de Guerra Econ\u00f3mica (B\u00f4nus de Guerra Econ\u00f4mica), que passou de 60 para 90 d\u00f3lares, mantendo inalterado o vale-alimenta\u00e7\u00e3o (cestatickets), que \u00e9 pago pelos empregadores privados.<\/p>\n<p>Na Venezuela, o sal\u00e1rio m\u00ednimo ainda \u00e9 inferior a 4 d\u00f3lares e n\u00e3o \u00e9 aumentado h\u00e1 26 meses! Em um pa\u00eds com uma das maiores taxas de infla\u00e7\u00e3o do mundo. Essa \u00e9 a dura realidade.<\/p>\n<p>N\u00e3o Aumentar o Sal\u00e1rio \u00c9 Parte do Ajuste de Fome do Governo.<\/p>\n<p>Como j\u00e1 explicamos anteriormente, o governo n\u00e3o tem planos de aumentar o sal\u00e1rio m\u00ednimo, pois isso desequilibraria sua pol\u00edtica econ\u00f4mica, que visa manter a taxa de c\u00e2mbio est\u00e1vel e conter a infla\u00e7\u00e3o. Mas ele faz isso \u00e0s custas da fome dos trabalhadores, reduzindo o consumo por n\u00e3o aumentar os sal\u00e1rios e reduzindo os gastos sociais, o que \u00e9 uma das explica\u00e7\u00f5es para a dram\u00e1tica deteriora\u00e7\u00e3o dos servi\u00e7os p\u00fablicos.<\/p>\n<p>Esses dois elementos s\u00e3o a base central do brutal pacote de ajuste que o governo vem aplicando h\u00e1 mais de uma d\u00e9cada e que, em 2018, chamou de Programa de Recupera\u00e7\u00e3o, Crescimento e Prosperidade Econ\u00f4mica, que acompanhou com o memorando 2792, as instru\u00e7\u00f5es da Onapre e, no setor de petr\u00f3leo, o chamado Fator de Equil\u00edbrio 9030, instrumentos com os quais liquidou sal\u00e1rios, negocia\u00e7\u00f5es coletivas e abriu a porta para b\u00f4nus salariais em empresas p\u00fablicas e privadas.<\/p>\n<p>A rigor, a recusa em aumentar o sal\u00e1rio m\u00ednimo e reduzir os gastos sociais n\u00e3o s\u00e3o meras coincid\u00eancias ou ocorr\u00eancias de algum burocrata. S\u00e3o decis\u00f5es deliberadas do governo que fazem parte de uma pol\u00edtica econ\u00f4mica que visa a jogar as consequ\u00eancias da crise sobre os ombros dos trabalhadores e dos setores populares.<\/p>\n<p>N\u00e3o s\u00e3o as San\u00e7\u00f5es, \u00c9 a Corrup\u00e7\u00e3o e o Ajuste Favor\u00e1vel aos Empres\u00e1rios<\/p>\n<p>O argumento do governo para n\u00e3o aumentar o sal\u00e1rio m\u00ednimo s\u00e3o as san\u00e7\u00f5es aplicadas pelo imperialismo norte-americano e europeu. N\u00e3o h\u00e1 d\u00favida de que as san\u00e7\u00f5es tiveram um efeito negativo sobre a economia, especialmente sobre o padr\u00e3o de vida dos trabalhadores, e por essa raz\u00e3o n\u00f3s as repudiamos e exigimos que sejam revogadas, mas, no entanto, elas n\u00e3o s\u00e3o a causa fundamental da terr\u00edvel trag\u00e9dia social que o povo venezuelano est\u00e1 vivendo, nem a raz\u00e3o para os sal\u00e1rios de fome recebidos pela maioria dos trabalhadores do pa\u00eds, tanto no setor p\u00fablico quanto no privado. Eles agravaram uma situa\u00e7\u00e3o preexistente.<\/p>\n<p>J\u00e1 explicamos por que o governo n\u00e3o aumenta os sal\u00e1rios. Portanto, \u00e9 falso que as san\u00e7\u00f5es sejam a causa. N\u00f3s que vivemos de sal\u00e1rio e o povo como um todo estamos sofrendo uma cat\u00e1strofe social h\u00e1 mais de uma d\u00e9cada, muito antes do in\u00edcio das san\u00e7\u00f5es contra a economia, que datam de 2017, as san\u00e7\u00f5es financeiras e, a partir de 2019, as san\u00e7\u00f5es contra o petr\u00f3leo venezuelano.<\/p>\n<p>O que explica nossos sal\u00e1rios de fome, a destrui\u00e7\u00e3o dos setores de eletricidade e petr\u00f3leo, das empresas b\u00e1sicas e de todos os servi\u00e7os \u00e9 a pol\u00edtica governamental que favorece os patr\u00f5es e a corrup\u00e7\u00e3o desenfreada nas institui\u00e7\u00f5es estatais. O caso de Tarek El Aissami \u00e9 mais um dos in\u00fameros casos de corrup\u00e7\u00e3o, basta citar o Plano Bol\u00edvar 2000, o Fundo \u00danico Social, &#8220;Pudreval&#8221;, o roubo do banqueiro Francisco Illaramendi do Fundo de Pens\u00e3o dos Aposentados da PDVSA, o caso das usinas el\u00e9tricas e uma longa lista de neg\u00f3cios, muitos deles na PDVSA, pelos quais v\u00e1rios funcion\u00e1rios e ex-presidentes da PDVSA, como Rafael Ram\u00edrez e Eulogio del Pino, foram acusados pelo Minist\u00e9rio P\u00fablico.<\/p>\n<p>Em muitos desses casos, houve uma associa\u00e7\u00e3o corrupta entre empres\u00e1rios privados, l\u00edderes dos partidos de oposi\u00e7\u00e3o dos empregadores e funcion\u00e1rios do governo. Al\u00e9m do roubo de Mon\u00f3meros e Citgo por Juan Guaid\u00f3, Voluntad Popular e outros partidos e l\u00edderes patronais.<\/p>\n<p>A combina\u00e7\u00e3o nefasta de pol\u00edticas econ\u00f4micas pr\u00f3-neg\u00f3cios e corrup\u00e7\u00e3o desenfreada \u00e9 o que explica os sal\u00e1rios de fome e o fato de n\u00e3o haver eletricidade ou \u00e1gua na maior parte do pa\u00eds; o g\u00e1s \u00e9 dolarizado e h\u00e1 escassez de gasolina em um pa\u00eds produtor de petr\u00f3leo; e nossas principais ind\u00fastrias est\u00e3o no ch\u00e3o.<\/p>\n<p>200 D\u00f3lares ou Sal\u00e1rio Igual a Cesta B\u00e1sica?<\/p>\n<p>Enquanto o governo continua com sua pol\u00edtica de b\u00f4nus salarial em acordo com a Fedec\u00e1maras e os empregadores como um todo, as confedera\u00e7\u00f5es sindicais reduziram a demanda salarial para US$ 200, com base em um suposto &#8220;estudo econ\u00f4mico&#8221; realizado por economistas da UCV. Uma grande parte da lideran\u00e7a sindical, incluindo os partidos patronais, aderiu a essa proposta.<\/p>\n<p>Nas semanas que antecederam o dia 1\u00ba de maio, eles criaram expectativas sobre a possibilidade de conseguir esse aumento, confiando nas negocia\u00e7\u00f5es com o governo e sem convocar a\u00e7\u00f5es de mobiliza\u00e7\u00e3o.<\/p>\n<p>Precisamos ser categ\u00f3ricos quanto a isso. O governo n\u00e3o tem inten\u00e7\u00e3o de aumentar os sal\u00e1rios. A \u00fanica maneira de conseguir um aumento \u00e9 por meio da mobiliza\u00e7\u00e3o unida e maci\u00e7a dos trabalhadores. Nem US$ 200, nem 50, nem qualquer outra coisa ser\u00e1 obtida se n\u00e3o lutarmos.<\/p>\n<p>Do PSL e do Ccura, conclamamos as dire\u00e7\u00f5es sindicais da CTV, da ASI e da CGT a abandonarem sua pol\u00edtica de privilegiar a negocia\u00e7\u00e3o com o governo e o chamado di\u00e1logo social com a OIT, e a irem \u00e0s empresas, escrit\u00f3rios, hospitais, escolas e universidades para discutir em assembleia um plano de luta e mobiliza\u00e7\u00e3o nacional por um sal\u00e1rio igual \u00e0 cesta b\u00e1sica, conforme estabelecido no art. 91 da constitui\u00e7\u00e3o. \u00c9 poss\u00edvel tirar o sal\u00e1rio se lutarmos. Temos que seguir o exemplo dos professores, aposentados e estudantes universit\u00e1rios que, h\u00e1 dois anos, conseguiram com mobiliza\u00e7\u00e3o o pagamento integral do abono de f\u00e9rias.<\/p>\n<p>Por um Plano Emergencial dos Trabalhadores e Setores Populares <\/p>\n<p>\u00c9 necess\u00e1rio retomar a mobiliza\u00e7\u00e3o para derrotar o ajuste do governo e impor um Plano de Emerg\u00eancia dos Trabalhadores e do Povo, financiado por meio de um Fundo Social e Econ\u00f4mico, cujos recursos devem vir dos grandes empres\u00e1rios nacionais, banqueiros e transnacionais, que contemple:<\/p>\n<p>&#8211; Petr\u00f3leo 100% estatal sem transnacionais ou empresas de capital misto, administrado por seus trabalhadores, profissionais e t\u00e9cnicos.<br \/>\n&#8211; Tributa\u00e7\u00e3o dos grandes capitalistas nacionais e transnacionais.<br \/>\n&#8211; N\u00e3o pagamento da d\u00edvida externa.<br \/>\n&#8211; Suspens\u00e3o dos gastos policiais e militares.<br \/>\n&#8211; Repatria\u00e7\u00e3o de recursos do exterior.<br \/>\n&#8211; Confisco de bens dos corruptos.<br \/>\n&#8211; Garantia de sal\u00e1rios e pens\u00f5es equivalentes \u00e0 cesta b\u00e1sica de necessidades b\u00e1sicas.<br \/>\n&#8211; Por um plano de infraestrutura para recuperar universidades, escolas, hospitais e cl\u00ednicas, proporcionando empregos decentes e produtivos.<br \/>\n&#8211; Abrigo e prote\u00e7\u00e3o para todas as mulheres e dissidentes que ousarem denunciar a viol\u00eancia masculina.<br \/>\n&#8211; Um plano de investimento no setor petrol\u00edfero, no setor el\u00e9trico e nas empresas b\u00e1sicas para que haja gasolina, g\u00e1s e eletricidade!<br \/>\n&#8211; Solidariedade com o povo palestino. Parem o genoc\u00eddio sionista. Viva a Palestina livre do rio ao mar.<\/p>\n<p>A alternativa estrat\u00e9gica \u00e9 que os trabalhadores, os oper\u00e1rios e os setores populares governem na perspectiva de lutar pelo socialismo real com democracia oper\u00e1ria e popular.<\/p>\n","protected":false},"excerpt":{"rendered":"<p>Por Jos\u00e9 Bodas Como temos alertado em nosso partido e em nossa corrente sindical Ccura, o governo de Maduro n\u00e3o aumentou o sal\u00e1rio m\u00ednimo neste 1\u00ba de maio, dia do trabalhador. Pelo segundo ano consecutivo, um balde de \u00e1gua fria caiu sobre aqueles de n\u00f3s<\/p>\n","protected":false},"author":1,"featured_media":15231,"comment_status":"open","ping_status":"open","sticky":false,"template":"","format":"standard","meta":{"footnotes":""},"categories":[6,1],"tags":[],"class_list":["post-15229","post","type-post","status-publish","format-standard","has-post-thumbnail","hentry","category-internacional","category-sem-categoria"],"_links":{"self":[{"href":"https:\/\/www.cstuit.com\/home\/wp-json\/wp\/v2\/posts\/15229","targetHints":{"allow":["GET"]}}],"collection":[{"href":"https:\/\/www.cstuit.com\/home\/wp-json\/wp\/v2\/posts"}],"about":[{"href":"https:\/\/www.cstuit.com\/home\/wp-json\/wp\/v2\/types\/post"}],"author":[{"embeddable":true,"href":"https:\/\/www.cstuit.com\/home\/wp-json\/wp\/v2\/users\/1"}],"replies":[{"embeddable":true,"href":"https:\/\/www.cstuit.com\/home\/wp-json\/wp\/v2\/comments?post=15229"}],"version-history":[{"count":0,"href":"https:\/\/www.cstuit.com\/home\/wp-json\/wp\/v2\/posts\/15229\/revisions"}],"wp:featuredmedia":[{"embeddable":true,"href":"https:\/\/www.cstuit.com\/home\/wp-json\/wp\/v2\/media\/15231"}],"wp:attachment":[{"href":"https:\/\/www.cstuit.com\/home\/wp-json\/wp\/v2\/media?parent=15229"}],"wp:term":[{"taxonomy":"category","embeddable":true,"href":"https:\/\/www.cstuit.com\/home\/wp-json\/wp\/v2\/categories?post=15229"},{"taxonomy":"post_tag","embeddable":true,"href":"https:\/\/www.cstuit.com\/home\/wp-json\/wp\/v2\/tags?post=15229"}],"curies":[{"name":"wp","href":"https:\/\/api.w.org\/{rel}","templated":true}]}}