

	{"id":1553,"date":"2016-10-15T00:52:57","date_gmt":"2016-10-15T00:52:57","guid":{"rendered":"https:\/\/www.cstuit.com\/home\/?p=1553"},"modified":"2016-10-15T23:33:25","modified_gmt":"2016-10-15T23:33:25","slug":"em-defesa-do-povo-palestino-eleger-marcelo-freixo-prefeito-e-enfrentar-temer-para-barrar-a-pec-241","status":"publish","type":"post","link":"https:\/\/www.cstuit.com\/home\/2016\/10\/15\/em-defesa-do-povo-palestino-eleger-marcelo-freixo-prefeito-e-enfrentar-temer-para-barrar-a-pec-241\/","title":{"rendered":"Em defesa do povo palestino, eleger Marcelo Freixo Prefeito e enfrentar Temer para barrar a PEC-241"},"content":{"rendered":"<div class=\"\" style=\"text-align: justify;\" data-block=\"true\" data-editor=\"6ihtc\" data-offset-key=\"6godc-0-0\">\n<p>Nestes dias em que estamos enfrentando o PRB, os Garotinho, \u00cdndio da Costa e o desembarque de praticamente todo o PMDB na campanha de Crivella, voltaram com for\u00e7a desproporcional e desnecess\u00e1ria as pol\u00eamicas que existem entre n\u00f3s acerca do car\u00e1ter do Estado de Israel e da solidariedade ao povo palestino. O primeiro e mais importante \u00e9 ressaltarmos que mantemos nossa integral defesa dos direitos humanos em todo o mundo, portanto, mantemos nossa solidariedade total e irrestrita ao povo palestino e o nosso rep\u00fadio ao apartheid imposto pelo Estado de Israel. Em resumo, n\u00e3o abandonamos a causa palestina.<\/p>\n<p>Dito isso, esclarecemos que:<\/p>\n<p><strong>1 &#8211;<\/strong> A milit\u00e2ncia psolista precisa saber que a dire\u00e7\u00e3o da CST foi surpreendida com um ataque ao companheiro Bab\u00e1 no site oficial da campanha majorit\u00e1ria no in\u00edcio do segundo turno. Na resposta do ponto \u201cFreixo queimou bandeira de Israel?\u201d, a coordena\u00e7\u00e3o de campanha lan\u00e7ou um post onde tenta culpar o companheiro Bab\u00e1 por ter participado de uma a\u00e7\u00e3o coletiva realizada para repudiar o massacre perpetrado pelo estado sionista de Israel contra a popula\u00e7\u00e3o palestina no ano 2009. De forma descontextualizada, o post acaba por refor\u00e7ar a ideia de um suposto antissemitismo de nossa parte, como fosse um ato isolado de Bab\u00e1 e n\u00e3o uma a\u00e7\u00e3o do conjunto do ativismo mundial.<\/p>\n<p>Em um e-mail cuidadoso, enviado apenas para os dirigentes partid\u00e1rios do RJ, solicitamos a retirada da men\u00e7\u00e3o que se fazia \u00e0 Bab\u00e1, sem preju\u00edzo que se esclarecessem as posi\u00e7\u00f5es de Freixo. Algo muito simples. Nunca obtivemos resposta, nem positiva, nem negativa, nenhuma linha sequer, e ao mesmo tempo os ataques \u00e0 Bab\u00e1 e \u00e0s nossas posi\u00e7\u00f5es pol\u00edticas cresceram de forma aguda. Milhares de pessoas visualizaram a postagem e, animados pela postagem do nosso pr\u00f3prio partido, do nosso candidato, os ataques do sionismo foram aumentando. Ocorre agora uma invers\u00e3o completa dos fatos: dirigentes e figuras p\u00fablicas utilizam suas redes sociais para se solidarizar com Israel, mais precisamente contra postagens que supostamente \u201cdesqualificam Israel\u201d. Nenhuma palavra sobre os palestinos, sobre os massacres que sofrem diariamente pelas m\u00e3os do Estado Terrorista de Israel.<\/p>\n<p>Trata-se de uma deturpa\u00e7\u00e3o. N\u00e3o vemos que hoje, o problema seja a exist\u00eancia de \u201cantissemitismo na esquerda\u201d. Repudiamos a velha t\u00e1tica do sionismo de tentar confundir antisionismo com antissemitismo. Se houver antissemitismo na esquerda ou em qualquer lugar, este deve ser combatido com for\u00e7a. De nossa parte, seguimos crendo que o grande e urgente problema \u00e9 que h\u00e1 mais de 60 anos um povo vive oprimido, aprisionado e massacrado por um Estado n\u00e3o laico, que usurpou suas terras desde 1948 e se dedicou a massacrar o povo palestino, antigo e leg\u00edtimo habitante da regi\u00e3o.<\/p>\n<div id=\"attachment_1559\" style=\"width: 950px\" class=\"wp-caption aligncenter\"><img loading=\"lazy\" decoding=\"async\" aria-describedby=\"caption-attachment-1559\" class=\"wp-image-1559 size-large\" src=\"https:\/\/www.cstuit.com\/home\/wp-content\/uploads\/2016\/10\/FourMaps2-1024x687.png\" alt=\"Palestina\" width=\"940\" height=\"631\" srcset=\"https:\/\/www.cstuit.com\/home\/wp-content\/uploads\/2016\/10\/FourMaps2-1024x687.png 1024w, https:\/\/www.cstuit.com\/home\/wp-content\/uploads\/2016\/10\/FourMaps2-300x201.png 300w, https:\/\/www.cstuit.com\/home\/wp-content\/uploads\/2016\/10\/FourMaps2-768x515.png 768w, https:\/\/www.cstuit.com\/home\/wp-content\/uploads\/2016\/10\/FourMaps2-600x403.png 600w, https:\/\/www.cstuit.com\/home\/wp-content\/uploads\/2016\/10\/FourMaps2-210x140.png 210w, https:\/\/www.cstuit.com\/home\/wp-content\/uploads\/2016\/10\/FourMaps2-272x182.png 272w, https:\/\/www.cstuit.com\/home\/wp-content\/uploads\/2016\/10\/FourMaps2.png 1100w\" sizes=\"auto, (max-width: 940px) 100vw, 940px\" \/><p id=\"caption-attachment-1559\" class=\"wp-caption-text\">Imagem mostra a invas\u00e3o das terras da Palestina por Israel desde 1947<\/p><\/div>\n<p>Foi irrespons\u00e1vel servir de correia de transmiss\u00e3o dessas posi\u00e7\u00f5es e prejudicar a campanha. Crivella, a IURD e os setores do sionismo com quem eles t\u00eam rela\u00e7\u00e3o \u00edntima e org\u00e2nica, saem fortalecidos e a pol\u00eamica chegou at\u00e9 as p\u00e1ginas de o Globo.<\/p>\n<p><strong>2 &#8211;<\/strong> Em hip\u00f3tese alguma temos a inten\u00e7\u00e3o de transformar este debate no centro da disputa eleitoral do segundo turno. Apenas, como nos \u00e9 de direito e da nossa tradi\u00e7\u00e3o, publicamos um pequeno artigo assinado por Miguel Lamas, dirigente da UIT-QI (Unidade Internacional dos Trabalhadores) em nosso site acerca das posi\u00e7\u00f5es que temos sobre o papel pol\u00edtico que Shimon Peres cumpriu. Assim tamb\u00e9m fizeram de maneira semelhante o PCB que comp\u00f5e nossa coliga\u00e7\u00e3o, os companheiros do movimento MAIS, no texto do companheiro Waldo Mermelstein e o pr\u00f3prio Milton Temer, nosso companheiro de funda\u00e7\u00e3o de partido.<\/p>\n<p><strong>3 \u2013<\/strong> N\u00e3o cairemos em nenhuma armadilha e, sem preju\u00edzo algum das nossas posi\u00e7\u00f5es, conclamamos todos os setores a fechar fileiras na campanha para eleger Marcelo Freixo, lotarmos os com\u00edcios, inundarmos as redes, massificarmos as manifesta\u00e7\u00f5es que est\u00e3o previstas contra a PEC 241 e todos os demais ataques do governo Temer e contra o projeto de cidade patronal e excludente que uma vit\u00f3ria de Crivella deve significar para a nossa cidade;<\/p>\n<p><strong>4 \u2013<\/strong> N\u00e3o aceitaremos de maneira alguma a interven\u00e7\u00e3o e a press\u00e3o sobre o PSOL e sobre nossas posi\u00e7\u00f5es pol\u00edticas de entidades e federa\u00e7\u00f5es, como a FIERJ, com car\u00e1ter de classe bastante expl\u00edcitos e inequ\u00edvocos. Quem manda em nosso partido \u00e9 a base e a milit\u00e2ncia que repudia e rejeita amplamente o apartheid palestino imposto por Israel, conforme nosso programa fundacional que define: \u201co Estado de Israel pratica terrorismo de estado contra os palestinos\u201d, e demais resolu\u00e7\u00f5es posteriores;<\/p>\n<p><strong>5 \u2013<\/strong> Por fim, \u00e9 imperioso um debate s\u00e9rio, qualificado, fraterno, que supere as caricaturas das posi\u00e7\u00f5es, nas fileiras do PSOL-RJ e de toda a esquerda sobre estes temas em que temos acumulado diferen\u00e7as. Propomos que t\u00e3o logo passe o segundo turno realizemos um semin\u00e1rio com a exposi\u00e7\u00e3o de todas as posi\u00e7\u00f5es existentes. \u00c9 necess\u00e1rio que o companheiro Jean, Marcelo, os setores que se reivindicam do sionismo, assim como aqueles que n\u00e3o o reivindicam e todos e quantos mais que tenham posi\u00e7\u00f5es acerca do tema se disponham a sentar junto com a milit\u00e2ncia e debater tais quest\u00f5es, o que certamente ir\u00e3o fortalecer nossas resolu\u00e7\u00f5es e nossa constru\u00e7\u00e3o partid\u00e1ria. A CST certamente estar\u00e1 presente.<\/p>\n<hr \/>\n<p><strong>Corrente Socialista dos Trabalhadores &#8211; CST\/PSOL<\/strong><br \/>\n<strong>Unidade Internacional dos Trabalhadores &#8211; UIT\/QI<\/strong><\/p>\n<div class=\"_1mf _1mj\" data-offset-key=\"6godc-0-0\"><\/div>\n<\/div>\n<div class=\"\" style=\"text-align: justify;\" data-block=\"true\" data-editor=\"6ihtc\" data-offset-key=\"a72qi-0-0\"><\/div>\n","protected":false},"excerpt":{"rendered":"<p>Nestes dias em que estamos enfrentando o PRB, os Garotinho, \u00cdndio da Costa e o desembarque de praticamente todo o PMDB na campanha de Crivella, voltaram com for\u00e7a desproporcional e desnecess\u00e1ria as pol\u00eamicas que existem entre n\u00f3s acerca do car\u00e1ter do Estado de Israel e<\/p>\n","protected":false},"author":2,"featured_media":1560,"comment_status":"open","ping_status":"open","sticky":false,"template":"","format":"standard","meta":{"footnotes":""},"categories":[8],"tags":[169,223],"class_list":["post-1553","post","type-post","status-publish","format-standard","has-post-thumbnail","hentry","category-debates-socialistas","tag-marcelo-freixo","tag-palestina"],"_links":{"self":[{"href":"https:\/\/www.cstuit.com\/home\/wp-json\/wp\/v2\/posts\/1553","targetHints":{"allow":["GET"]}}],"collection":[{"href":"https:\/\/www.cstuit.com\/home\/wp-json\/wp\/v2\/posts"}],"about":[{"href":"https:\/\/www.cstuit.com\/home\/wp-json\/wp\/v2\/types\/post"}],"author":[{"embeddable":true,"href":"https:\/\/www.cstuit.com\/home\/wp-json\/wp\/v2\/users\/2"}],"replies":[{"embeddable":true,"href":"https:\/\/www.cstuit.com\/home\/wp-json\/wp\/v2\/comments?post=1553"}],"version-history":[{"count":0,"href":"https:\/\/www.cstuit.com\/home\/wp-json\/wp\/v2\/posts\/1553\/revisions"}],"wp:featuredmedia":[{"embeddable":true,"href":"https:\/\/www.cstuit.com\/home\/wp-json\/wp\/v2\/media\/1560"}],"wp:attachment":[{"href":"https:\/\/www.cstuit.com\/home\/wp-json\/wp\/v2\/media?parent=1553"}],"wp:term":[{"taxonomy":"category","embeddable":true,"href":"https:\/\/www.cstuit.com\/home\/wp-json\/wp\/v2\/categories?post=1553"},{"taxonomy":"post_tag","embeddable":true,"href":"https:\/\/www.cstuit.com\/home\/wp-json\/wp\/v2\/tags?post=1553"}],"curies":[{"name":"wp","href":"https:\/\/api.w.org\/{rel}","templated":true}]}}