

	{"id":15619,"date":"2024-07-09T14:05:25","date_gmt":"2024-07-09T17:05:25","guid":{"rendered":"https:\/\/www.cstuit.com\/home\/?p=15619"},"modified":"2024-07-09T14:05:25","modified_gmt":"2024-07-09T17:05:25","slug":"as-lutas-secundaristas-nas-escolas","status":"publish","type":"post","link":"https:\/\/www.cstuit.com\/home\/2024\/07\/09\/as-lutas-secundaristas-nas-escolas\/","title":{"rendered":"As lutas secundaristas nas escolas"},"content":{"rendered":"<p><em>Por Isadora Bueno &#8211; Juventude Vamos \u00e0 Luta; Caroline Tine &#8211; Presidenta do Gr\u00eamio GTA e Arianny Silva &#8211; Vamos \u00e0 Luta E.E. Her\u00f3is da FEB<\/em><\/p>\n<p><strong> Depois do CONUBES, seguir a luta secundarista nas escolas<\/strong><\/p>\n<p><em>Entre os dias 14 e 16 de junho aconteceu o 45\u00ba Congresso da Uni\u00e3o Brasileira de Estudantes Secundaristas. N\u00f3s, da Juventude Revolucion\u00e1ria Vamos \u00e0 Luta (CST e Independentes), fomos com uma bancada de lutadores das escolas p\u00fablicas para apresentar nossa tese \u201cPor uma UBES Combativa e Independente\u201d.<\/em><\/p>\n<p><strong>O CONUBES expressou que ningu\u00e9m suporta mais o NEM.<\/strong><\/p>\n<p>Houve um acordo entre todos os estudantes nesse Congresso: ningu\u00e9m aguenta mais o Novo Ensino M\u00e9dio. Isso se d\u00e1 porque, ainda que o Lula tenha prometido revogar o NEM, o governo somente mexeu em algumas quest\u00f5es e encaminha um projeto de lei que mant\u00e9m os itiner\u00e1rios e o not\u00f3rio saber, ou seja, a parte mais central do projeto. Por isso, exigimos durante todo o CONUBES e seguiremos falando: Lula, revogue completamente o Novo Ensino M\u00e9dio, j\u00e1!<\/p>\n<p><strong>A dire\u00e7\u00e3o majorit\u00e1ria da UBES n\u00e3o quer lutar<\/strong><\/p>\n<p>A majorit\u00e1ria (UJS\/PCdoB, LPJ e juventudes do PT) apresentava uma pol\u00edtica na qual simulavam que houve uma verdadeira revoga\u00e7\u00e3o do NEM e reivindicavam o PL mentiroso de Lula, tentando mentir que a batalha j\u00e1 foi vencida para blindar o governo que ocupam. Da mesma forma, fingem que a greve da educa\u00e7\u00e3o federal, que j\u00e1 dura mais de tr\u00eas meses, n\u00e3o existe. N\u00f3s, junto com outros setores da oposi\u00e7\u00e3o, fomos diversas vezes impedidos de falar nas mesas e, inclusive, barrados na nossa defesa de resolu\u00e7\u00e3o sobre conjuntura nacional na plen\u00e1ria final do dia 15\/06. Por isso, seguimos lutando por uma UBES combativa, independente e democr\u00e1tica.<\/p>\n<p><strong>Pelego se sacode, unificou oposi\u00e7\u00e3o<\/strong><\/p>\n<p>Nos tr\u00eas dias, os v\u00e1rios coletivos de oposi\u00e7\u00e3o \u00e0 majorit\u00e1ria se expressaram em distintas falas e agita\u00e7\u00e3o. Mas, infelizmente, nesse primeiro momento est\u00e1vamos divididos, sem um bloco unit\u00e1rio das oposi\u00e7\u00f5es. Para superar esse problema, a juventude Vamos \u00e0 Luta lutou firmemente por uma unidade da oposi\u00e7\u00e3o \u00e0 UJS\/PCdoB e aliados. A Juventude Sem Medo votou com a majorit\u00e1ria. Nesse sentido, n\u00f3s batalhamos pela unidade de quem tem independ\u00eancia (UJR, UJC, Juntos, Rebeldia e n\u00f3s) e, felizmente, essa chapa se concretizou.<\/p>\n<p>Apesar de que a UJS\/PCdoB e aliados se reelegeram, acreditamos que esse congresso foi positivo para as oposi\u00e7\u00f5es. A chapa unificada foi um passo \u00e0 frente na luta contra a majorit\u00e1ria. Defendemos que essa unidade avance ap\u00f3s o Conubes e se expresse num polo de luta nas escolas e nos estados para disputar com a majorit\u00e1ria da UBES.<\/p>\n<p><strong>Lutar contra a pol\u00edtica de Tarc\u00edsio\/Nunes de expuls\u00e3o dos pobres e trabalhadores da escola<\/strong><\/p>\n<p>Nas \u00faltimas semanas, estamos lidando com ataques brutais \u00e0 educa\u00e7\u00e3o; um deles \u00e9 o fechamento de salas de aulas sem explica\u00e7\u00f5es. Na E.E. Her\u00f3is da FEB, os estudantes est\u00e3o sofrendo de superlota\u00e7\u00e3o das salas de aulas, cancelamento da matr\u00edcula de alunos que frequentam a escola e alunos que estavam afastados mediante atestado m\u00e9dico para embasar a pol\u00edtica de fechamento das salas.<\/p>\n<p>A nossa escola se localiza em uma regi\u00e3o perif\u00e9rica, sendo a \u00fanica escola da regi\u00e3o com per\u00edodo noturno e EJA. Com o fechamento das salas, o per\u00edodo noturno est\u00e1 em risco e n\u00e3o abrir\u00e3o vagas para o pr\u00f3ximo semestre do EJA. A inten\u00e7\u00e3o desse projeto \u00e9 afastar o estudante trabalhador da sala de aula, jogando a juventude nos trabalhos mais prec\u00e1rios. Acreditamos que o caminho seja a mobiliza\u00e7\u00e3o contra esse projeto nefasto. Por isso, chamamos todos a assinarem o abaixo-assinado em unidade com os professores, exigindo que a DRE v\u00e1 \u00e0 escola e se explique, a fim de que possamos reivindicar nosso direito \u00e0 educa\u00e7\u00e3o.<\/p>\n<p>&#8212;&#8212;&#8212;&#8212;&#8212;&#8212;&#8212;&#8212;&#8212;&#8212;&#8212;&#8212;&#8212;&#8212;&#8212;&#8212;&#8212;&#8212;&#8212;&#8212;&#8212;&#8212;&#8212;&#8212;&#8212;&#8212;&#8212;&#8212;&#8212;&#8212;&#8212;&#8212;&#8212;&#8212;&#8212;&#8212;&#8212;&#8212;-<\/p>\n<p>Por Jeane Carla &#8211; Juventude Vamos \u00e0 Luta<\/p>\n<p><strong>Seguir a luta por um movimento secundarista combativo e independente dos governos<\/strong><\/p>\n<p><em>No dia 27\/06, realizamos uma reuni\u00e3o de avalia\u00e7\u00e3o do congresso da UBES (CONUBES) em Uberl\u00e2ndia. A reuni\u00e3o reafirmou a importante batalha que a juventude revolucion\u00e1ria Vamos \u00e0 Luta deu no CONUBES, assim como nos preparou para as demais lutas que est\u00e3o por vir.<\/em><\/p>\n<p><strong>Nenhum estudante aguenta mais o NEM<\/strong><\/p>\n<p>Os estudantes expressaram a batalha fundamental da revoga\u00e7\u00e3o completa do NEM no congresso. O NEM \u00e9 um projeto dos capitalistas e de seus governos para jogar a crise capitalista nas costas da juventude filha da classe trabalhadora. Al\u00e9m disso, coloca uma realidade brutal para a juventude pobre: a evas\u00e3o das escolas e a disparidade do ensino p\u00fablico com o ensino privado. Por isso, exigimos no CONUBES: Lula, revogue completamente o NEM, j\u00e1!<\/p>\n<p><strong>A majorit\u00e1ria n\u00e3o quer organizar a luta dos estudantes secundaristas<\/strong><\/p>\n<p>A UJS e seus aliados t\u00eam uma pol\u00edtica traidora com os estudantes. Durante todo o congresso, eles reivindicaram a PL do Remendo do governo Lula, como se ela tivesse revogado o NEM. Isso porque o setor da majorit\u00e1ria possui um compromisso com governo Lula e tenta passar a ideia de que a batalha pela revoga\u00e7\u00e3o j\u00e1 foi vencida, para blindar o governo que ocupam!<\/p>\n<p><strong>A batalha pela unidade da oposi\u00e7\u00e3o<\/strong><\/p>\n<p>Na reuni\u00e3o, foi reafirmada a importante conquista da unidade da oposi\u00e7\u00e3o de esquerda para derrotar a majorit\u00e1ria. A juventude Vamos \u00e0 Luta fez parte dessa batalha durante todo o congresso. Felizmente, a forma\u00e7\u00e3o da chapa foi concretizada e, com ela, conseguimos apresentar uma alternativa de dire\u00e7\u00e3o para os estudantes secundaristas.<\/p>\n<p><strong>Seguir as lutas em cada escola!<\/strong><\/p>\n<p>Ap\u00f3s o congresso da UBES, seguiremos em cada escola reafirmando a necessidade de constru\u00e7\u00e3o de uma UBES combativa e independente dos governos, que lute contra o NEM, os projetos privatistas da educa\u00e7\u00e3o e os ataques de Tarc\u00edsio e de Zema. S\u00f3 podemos derrotar o NEM com um setor combativo e independente, que n\u00e3o tenha rabo preso com nenhum governo.<\/p>\n","protected":false},"excerpt":{"rendered":"<p>Por Isadora Bueno &#8211; Juventude Vamos \u00e0 Luta; Caroline Tine &#8211; Presidenta do Gr\u00eamio GTA e Arianny Silva &#8211; Vamos \u00e0 Luta E.E. Her\u00f3is da FEB Depois do CONUBES, seguir a luta secundarista nas escolas Entre os dias 14 e 16 de junho aconteceu o<\/p>\n","protected":false},"author":1,"featured_media":15620,"comment_status":"open","ping_status":"open","sticky":false,"template":"","format":"standard","meta":{"footnotes":""},"categories":[7],"tags":[1507,2171,2170,646,173,1810,1002,726,2169,172,236,1796,2168,2172],"class_list":["post-15619","post","type-post","status-publish","format-standard","has-post-thumbnail","hentry","category-juventude","tag-ataques","tag-conubes","tag-ensinomedio","tag-escolas","tag-estudantes","tag-governo","tag-luta","tag-mg","tag-nem","tag-secundaristas","tag-sp","tag-tarcisio","tag-ubes","tag-zema"],"_links":{"self":[{"href":"https:\/\/www.cstuit.com\/home\/wp-json\/wp\/v2\/posts\/15619","targetHints":{"allow":["GET"]}}],"collection":[{"href":"https:\/\/www.cstuit.com\/home\/wp-json\/wp\/v2\/posts"}],"about":[{"href":"https:\/\/www.cstuit.com\/home\/wp-json\/wp\/v2\/types\/post"}],"author":[{"embeddable":true,"href":"https:\/\/www.cstuit.com\/home\/wp-json\/wp\/v2\/users\/1"}],"replies":[{"embeddable":true,"href":"https:\/\/www.cstuit.com\/home\/wp-json\/wp\/v2\/comments?post=15619"}],"version-history":[{"count":0,"href":"https:\/\/www.cstuit.com\/home\/wp-json\/wp\/v2\/posts\/15619\/revisions"}],"wp:featuredmedia":[{"embeddable":true,"href":"https:\/\/www.cstuit.com\/home\/wp-json\/wp\/v2\/media\/15620"}],"wp:attachment":[{"href":"https:\/\/www.cstuit.com\/home\/wp-json\/wp\/v2\/media?parent=15619"}],"wp:term":[{"taxonomy":"category","embeddable":true,"href":"https:\/\/www.cstuit.com\/home\/wp-json\/wp\/v2\/categories?post=15619"},{"taxonomy":"post_tag","embeddable":true,"href":"https:\/\/www.cstuit.com\/home\/wp-json\/wp\/v2\/tags?post=15619"}],"curies":[{"name":"wp","href":"https:\/\/api.w.org\/{rel}","templated":true}]}}