

	{"id":15629,"date":"2024-07-09T14:36:29","date_gmt":"2024-07-09T17:36:29","guid":{"rendered":"https:\/\/www.cstuit.com\/home\/?p=15629"},"modified":"2024-07-09T14:36:29","modified_gmt":"2024-07-09T17:36:29","slug":"luta-das-mulheres-e-dissidencias-de-genero","status":"publish","type":"post","link":"https:\/\/www.cstuit.com\/home\/2024\/07\/09\/luta-das-mulheres-e-dissidencias-de-genero\/","title":{"rendered":"Luta das mulheres e dissid\u00eancias de g\u00eanero"},"content":{"rendered":"<p style=\"font-weight: 400;\"><em>Por Isis Reis \u2013 Mulheres da CST, se\u00e7\u00e3o da UIT-QI no Brasil<\/em><\/p>\n<p style=\"font-weight: 400;\"><strong>Plen\u00e1ria de mulheres da CST<\/strong><\/p>\n<p style=\"font-weight: 400;\">Na ter\u00e7a-feira, dia 25\/06, realizamos uma plen\u00e1ria online. O evento, que teve como tema principal a luta contra o PL 1904 (o &#8220;PL da gravidez infantil&#8221;) e a luta pela legaliza\u00e7\u00e3o do aborto, contou com a participa\u00e7\u00e3o de quase 80 pessoas de v\u00e1rios estados, incluindo tamb\u00e9m uma companheira da Argentina. E a mesa foi composta pelas companheiras Rana Agarriberri, militante da CST, professora e da Frente Estadual pela Legaliza\u00e7\u00e3o do Aborto de SP, e Isis Reis, militante feminista da CST &#8211; Rio de Janeiro.<\/p>\n<p style=\"font-weight: 400;\">A plen\u00e1ria iniciou com uma abertura da companheira Rana, que, entre outros pontos, destacou a import\u00e2ncia da resposta que foi dada nas ruas imediatamente ap\u00f3s a vota\u00e7\u00e3o de pedido de urg\u00eancia do projeto, e as mobiliza\u00e7\u00f5es que v\u00eam se construindo.<\/p>\n<p style=\"font-weight: 400;\">&#8220;<em>[na Frente Nacional] n\u00f3s propomos e batalhamos para que em 27 de junho ocorresse uma manifesta\u00e7\u00e3o, um chamado nacional, justamente porque a gente aposta nessa mobiliza\u00e7\u00e3o, porque de fato \u00e9 a\u00ed que a gente consegue ter uma resposta, disputar a opini\u00e3o p\u00fablica, colocar as nossas posi\u00e7\u00f5es e pressionar os governos<\/em>&#8220;, afirmou.<\/p>\n<p style=\"font-weight: 400;\">Em seguida, houve uma fala da companheira argentina Mercedes de Mendieta, da Izquierda Socialista (se\u00e7\u00e3o da UIT-QI no pa\u00eds) e dirigenta da campanha pelo aborto legal na Argentina. Ela trouxe paralelos entre o movimento na Argentina, que culminou com o direito ao aborto legal, e a luta atual contra a extrema direita de Milei e as nossas experi\u00eancias aqui, no Brasil.<\/p>\n<p style=\"font-weight: 400;\">Durante a plen\u00e1ria, diversas companheiras compartilharam suas experi\u00eancias e perspectivas sobre o tema. Sobre isso, se pautou a necessidade de um movimento de mulheres independente de governos e a exig\u00eancia de avan\u00e7ar no debate e na luta rumo \u00e0 legaliza\u00e7\u00e3o do aborto.<\/p>\n<p style=\"font-weight: 400;\">Ao final da plen\u00e1ria, foi proposto a todes presentes se somarem nessa batalha contra o PL 1904, constru\u00edrem plen\u00e1rias estaduais e apresentar um calend\u00e1rio de lutas por todo o pa\u00eds. E realizado o convite para se somarem nas fileiras da CST para fortalecermos um feminismo independente, socialista e classista.<\/p>\n<p>&nbsp;<\/p>\n<p style=\"font-weight: 400;\">&#8212;&#8212;&#8212;&#8212;&#8212;&#8212;&#8212;&#8212;&#8212;&#8212;&#8212;&#8212;&#8212;&#8212;&#8212;&#8212;&#8212;&#8212;&#8212;&#8212;&#8212;&#8212;&#8212;&#8212;&#8212;&#8212;&#8212;&#8212;&#8212;&#8212;&#8212;&#8212;&#8212;&#8212;&#8212;&#8212;&#8212;&#8212;&#8212;&#8212;&#8212;&#8212;&#8212;&#8212;&#8212;&#8211;<\/p>\n<p style=\"font-weight: 400;\"><em>Por Ana Teles &#8211; Mulheres da CST, se\u00e7\u00e3o da UIT-QI no Brasil<\/em><\/p>\n<p>&nbsp;<\/p>\n<p style=\"font-weight: 400;\"><strong>Pr\u00e9-candidatas na linha de frente contra o retrocesso<\/strong><\/p>\n<p style=\"font-weight: 400;\">Com a urgente necessidade de enfrentar o PL 1904, nossas pr\u00e9-candidatas Lorena Fernandes (SP), B\u00e1rbara Sinedino (RJ), Andressa Rocha (Belo Horizonte) e Jeane Carla (Uberl\u00e2ndia) t\u00eam sido parte da vanguarda das lutas nacionais que ocorrem.<\/p>\n<p style=\"font-weight: 400;\">A partir das mobiliza\u00e7\u00f5es, nossas pr\u00e9-candidatas a vereadoras estiveram ativas na constru\u00e7\u00e3o de um calend\u00e1rio nacional de mobiliza\u00e7\u00f5es pelo fim do PL 1904.<\/p>\n<p style=\"font-weight: 400;\">Abrindo esse calend\u00e1rio, no dia 23 de junho, a professora Lorena esteve presente na Av. Paulista, e, durante sua fala, ressaltou a import\u00e2ncia desta terceira mobiliza\u00e7\u00e3o e que o recuo do car\u00e1ter de urg\u00eancia para a vota\u00e7\u00e3o do PL 1904 se deve a essas massivas ocupa\u00e7\u00f5es nas ruas.<\/p>\n<p style=\"font-weight: 400;\">No RJ, a professora B\u00e1rbara Sinedino, durante a marcha em Copacabana, enfatizou a necessidade de nos mantermos mobilizadas e organizadas, assim como as argentinas, que permaneceram nas ruas at\u00e9 a conquista da legaliza\u00e7\u00e3o do aborto no pa\u00eds e ainda lutam contra as investidas de Milei para retirar direitos j\u00e1 conquistados.<\/p>\n<p style=\"font-weight: 400;\">No mesmo dia, a professora Andressa Rocha, presente na Pra\u00e7a Raul Soares (Belo Horizonte-MG), reiterou a import\u00e2ncia hist\u00f3rica das mulheres na vanguarda das principais lutas sociais e a necessidade da perman\u00eancia da mobiliza\u00e7\u00e3o nas ruas, n\u00e3o apenas at\u00e9 a derrubada do PL 1904, mas at\u00e9 a conquista da legaliza\u00e7\u00e3o do aborto no Brasil.<\/p>\n<p style=\"font-weight: 400;\">Essas pr\u00e9-candidaturas feministas e socialistas est\u00e3o a servi\u00e7o das pautas das mulheres e da popula\u00e7\u00e3o LGBTQIA+, defendem o arquivamento\u00a0do PL 1904, o fim da cultura do estupro,\u00a0do machismo, do patriarcado; lutam pela igualdade salarial e contra a retirada de direitos; em defesa do aborto legal, seguro, gratuito e ofertado pelo SUS!<\/p>\n<p style=\"font-weight: 400;\"><em>Pela vida das meninas, mulheres e pessoas que gestam!<\/em><\/p>\n","protected":false},"excerpt":{"rendered":"<p>Por Isis Reis \u2013 Mulheres da CST, se\u00e7\u00e3o da UIT-QI no Brasil Plen\u00e1ria de mulheres da CST Na ter\u00e7a-feira, dia 25\/06, realizamos uma plen\u00e1ria online. O evento, que teve como tema principal a luta contra o PL 1904 (o &#8220;PL da gravidez infantil&#8221;) e a<\/p>\n","protected":false},"author":1,"featured_media":15630,"comment_status":"open","ping_status":"open","sticky":false,"template":"","format":"standard","meta":{"footnotes":""},"categories":[55],"tags":[40,162,2179,1988,1232,259,57,2181,2180,1201,2178,1989,1484],"class_list":["post-15629","post","type-post","status-publish","format-standard","has-post-thumbnail","hentry","category-mulheres","tag-argentina","tag-brasil","tag-dissidencias","tag-lgbtqia","tag-lutas","tag-mobilizacoes","tag-mulheres","tag-organizarluta","tag-pl-1904","tag-plenaria","tag-retrocesso","tag-vida","tag-violencia"],"_links":{"self":[{"href":"https:\/\/www.cstuit.com\/home\/wp-json\/wp\/v2\/posts\/15629","targetHints":{"allow":["GET"]}}],"collection":[{"href":"https:\/\/www.cstuit.com\/home\/wp-json\/wp\/v2\/posts"}],"about":[{"href":"https:\/\/www.cstuit.com\/home\/wp-json\/wp\/v2\/types\/post"}],"author":[{"embeddable":true,"href":"https:\/\/www.cstuit.com\/home\/wp-json\/wp\/v2\/users\/1"}],"replies":[{"embeddable":true,"href":"https:\/\/www.cstuit.com\/home\/wp-json\/wp\/v2\/comments?post=15629"}],"version-history":[{"count":0,"href":"https:\/\/www.cstuit.com\/home\/wp-json\/wp\/v2\/posts\/15629\/revisions"}],"wp:featuredmedia":[{"embeddable":true,"href":"https:\/\/www.cstuit.com\/home\/wp-json\/wp\/v2\/media\/15630"}],"wp:attachment":[{"href":"https:\/\/www.cstuit.com\/home\/wp-json\/wp\/v2\/media?parent=15629"}],"wp:term":[{"taxonomy":"category","embeddable":true,"href":"https:\/\/www.cstuit.com\/home\/wp-json\/wp\/v2\/categories?post=15629"},{"taxonomy":"post_tag","embeddable":true,"href":"https:\/\/www.cstuit.com\/home\/wp-json\/wp\/v2\/tags?post=15629"}],"curies":[{"name":"wp","href":"https:\/\/api.w.org\/{rel}","templated":true}]}}