

	{"id":15635,"date":"2024-07-09T14:50:05","date_gmt":"2024-07-09T17:50:05","guid":{"rendered":"https:\/\/www.cstuit.com\/home\/?p=15635"},"modified":"2024-08-19T23:21:06","modified_gmt":"2024-08-20T02:21:06","slug":"sp-lancamento-da-pre-candidatura-revolucionaria-e-feminista-de-lorena-fernandes","status":"publish","type":"post","link":"https:\/\/www.cstuit.com\/home\/2024\/07\/09\/sp-lancamento-da-pre-candidatura-revolucionaria-e-feminista-de-lorena-fernandes\/","title":{"rendered":"SP: Lan\u00e7amento da pr\u00e9-candidatura revolucion\u00e1ria e feminista de Lorena Fernandes"},"content":{"rendered":"<p style=\"font-weight: 400;\">Na tarde de 22 de junho, professores, metrovi\u00e1rios e estudantes participaram da plen\u00e1ria de apresenta\u00e7\u00e3o da pr\u00e9-candidatura de Lorena Fernandes, da CST, a vereadora da cidade de S\u00e3o Paulo. Uma voz da esquerda independente.<\/p>\n<p style=\"font-weight: 400;\">\nNa apresenta\u00e7\u00e3o, Lorena colocou as propostas e o programa que aponta e fortalece as mobiliza\u00e7\u00f5es da classe trabalhadora\u00a0\u2014\u00a0enfrentando os patr\u00f5es e a pol\u00edtica de arrocho, desmonte e privatiza\u00e7\u00f5es levada a cabo pelo prefeito Ricardo Nunes e o governador Tarc\u00edsio\u00a0\u2014,\u00a0como a defesa dos servi\u00e7os p\u00fablicos, contra as privatiza\u00e7\u00f5es e pela reestatiza\u00e7\u00e3o das empresas p\u00fablicas privatizadas, por um aumento real dos sal\u00e1rios dos trabalhadores, contra a militariza\u00e7\u00e3o e privatiza\u00e7\u00e3o das escolas, por moradia, pelo Passe Livre e aumento do IPTU dos mais ricos, pela reabertura imediata dos servi\u00e7os de abortamento do hospital Nova Cachoeirinha e pela legaliza\u00e7\u00e3o do aborto seguro e gratuito.<\/p>\n<p style=\"font-weight: 400;\">Na plen\u00e1ria, o professor Ja\u00edlton destacou o abismo existente na cidade, onde a diferen\u00e7a de expectativa de vida entre moradores de bairros mais ricos em compara\u00e7\u00e3o aos bairros mais pobres chega a ser de vinte anos. O dirigente do Sindicato dos Metrovi\u00e1rios, Diego Vitello, sinalizou que as privatiza\u00e7\u00f5es colocadas s\u00f3 s\u00e3o poss\u00edveis porque Lula n\u00e3o reverteu as PPPs e d\u00e1 suporte \u00e0s privatiza\u00e7\u00f5es atrav\u00e9s do BNDES. A estudante de Filosofia da USP, Milena, afirmou que a extrema direita sempre quer atacar os direitos das mulheres e, por isso, \u00e9 fundamental levantarmos essa pauta. Os professores Danilo e Emilene lembraram que todas as conquistas que temos s\u00e3o parte de uma longa jornada de lutas da classe trabalhadora e dos oprimidos. As contribui\u00e7\u00f5es de trabalhadores e estudantes na plen\u00e1ria fazem parte da batalha que daremos no pr\u00f3ximo per\u00edodo.<\/p>\n<p style=\"font-weight: 400;\">O palco das elei\u00e7\u00f5es de S\u00e3o Paulo est\u00e1 sendo montado como uma repeti\u00e7\u00e3o das elei\u00e7\u00f5es de 2022, para parecer que a \u00fanica alternativa \u00e0 extrema direita \u00e9 a Frente Ampla de Boulos\/Marta. N\u00e3o vemos dessa forma. A plen\u00e1ria afirmou que n\u00e3o h\u00e1 como defender os interesses da nossa classe, das mulheres trabalhadoras e da juventude junto aos setores capitalistas da Faria Lima, como est\u00e1 fazendo Boulos, e nem com figuras que foram parte da prefeitura de Nunes, como \u00e9 o caso de Marta.<br \/>\nPara levar adiante as pautas da classe trabalhadora e dos oprimidos, \u00e9 necess\u00e1rio ter independ\u00eancia de classe e uma esquerda independente. Por isso, estamos com o metrovi\u00e1rio Altino Prazeres para prefeito de S\u00e3o Paulo e Lorena Fernandes para vereadora.<\/p>\n","protected":false},"excerpt":{"rendered":"<p>Na tarde de 22 de junho, professores, metrovi\u00e1rios e estudantes participaram da plen\u00e1ria de apresenta\u00e7\u00e3o da pr\u00e9-candidatura de Lorena Fernandes, da CST, a vereadora da cidade de S\u00e3o Paulo. Uma voz da esquerda independente. Na apresenta\u00e7\u00e3o, Lorena colocou as propostas e o programa que aponta<\/p>\n","protected":false},"author":1,"featured_media":15636,"comment_status":"open","ping_status":"open","sticky":false,"template":"","format":"standard","meta":{"footnotes":""},"categories":[2302],"tags":[1595,2188,24,671,1386,1968,2114,2189,1438,236,144],"class_list":["post-15635","post","type-post","status-publish","format-standard","has-post-thumbnail","hentry","category-eleicoes","tag-alternativa","tag-altino","tag-eleicoes","tag-feminista","tag-independencia","tag-interesses","tag-lorena","tag-oposicaoesquerda","tag-revolucionaria","tag-sp","tag-trabalhadores"],"_links":{"self":[{"href":"https:\/\/www.cstuit.com\/home\/wp-json\/wp\/v2\/posts\/15635","targetHints":{"allow":["GET"]}}],"collection":[{"href":"https:\/\/www.cstuit.com\/home\/wp-json\/wp\/v2\/posts"}],"about":[{"href":"https:\/\/www.cstuit.com\/home\/wp-json\/wp\/v2\/types\/post"}],"author":[{"embeddable":true,"href":"https:\/\/www.cstuit.com\/home\/wp-json\/wp\/v2\/users\/1"}],"replies":[{"embeddable":true,"href":"https:\/\/www.cstuit.com\/home\/wp-json\/wp\/v2\/comments?post=15635"}],"version-history":[{"count":0,"href":"https:\/\/www.cstuit.com\/home\/wp-json\/wp\/v2\/posts\/15635\/revisions"}],"wp:featuredmedia":[{"embeddable":true,"href":"https:\/\/www.cstuit.com\/home\/wp-json\/wp\/v2\/media\/15636"}],"wp:attachment":[{"href":"https:\/\/www.cstuit.com\/home\/wp-json\/wp\/v2\/media?parent=15635"}],"wp:term":[{"taxonomy":"category","embeddable":true,"href":"https:\/\/www.cstuit.com\/home\/wp-json\/wp\/v2\/categories?post=15635"},{"taxonomy":"post_tag","embeddable":true,"href":"https:\/\/www.cstuit.com\/home\/wp-json\/wp\/v2\/tags?post=15635"}],"curies":[{"name":"wp","href":"https:\/\/api.w.org\/{rel}","templated":true}]}}