

	{"id":1565,"date":"2016-10-20T21:40:13","date_gmt":"2016-10-20T21:40:13","guid":{"rendered":"https:\/\/www.cstuit.com\/home\/?p=1565"},"modified":"2023-10-12T19:38:03","modified_gmt":"2023-10-12T22:38:03","slug":"abaixo-a-censura-nenhum-defensor-da-palestina-pode-ser-calado-ou-preso","status":"publish","type":"post","link":"https:\/\/www.cstuit.com\/home\/2016\/10\/20\/abaixo-a-censura-nenhum-defensor-da-palestina-pode-ser-calado-ou-preso\/","title":{"rendered":"Abaixo a censura! Nenhum defensor da Palestina pode ser calado ou preso!"},"content":{"rendered":"<p><span style=\"color: #000000; font-family: Calibri;\">Nos \u00faltimos dias, o mandato do Vereador Bab\u00e1 e a CST (Corrente Socialista dos Trabalhadores) v\u00eam sendo atacados pela Federa\u00e7\u00e3o Israelita e por pol\u00edticos sionistas, sobretudo a vereadora Teresa Bergher (PSDB).\u00a0Desta vez o estopim foi a publica\u00e7\u00e3o de um texto que trata dos crimes que o Estado de Israel cometeu, citando a responsabilidade do ex-presidente Shimon Peres no genoc\u00eddio contra os palestinos.<\/span><\/p>\n<p><span style=\"color: #000000; font-family: Calibri;\">O movimento mais recente, por\u00e9m, ultrapassou qualquer limite. A vereadora Teresa Bergher (PSDB) vai protocolar pedido junto ao Procurador Geral de Justi\u00e7a, pedindo a \u201cinterdi\u00e7\u00e3o e retirada das p\u00e1ginas da Corrente Socialista dos Trabalhadores\u201d e \u201ca pris\u00e3o do autor do texto, Miguel Lamas\u201d (<\/span><a href=\"http:\/\/veja.abril.com\/\" target=\"_blank\" rel=\"noopener\"><u><span style=\"color: #0563c1; font-family: Calibri;\">Veja.abril.com<\/span><\/u><\/a><span style=\"color: #000000; font-family: Calibri;\">). Setores do sionismo falam em pedir a cassa\u00e7\u00e3o do Vereador Bab\u00e1, ou pressionar para que a CST seja expulsa do PSOL.<\/span><\/p>\n<p><span style=\"color: #000000; font-family: Calibri;\">\u00c9 importante esclarecer que a luta Palestina consta no programa de funda\u00e7\u00e3o do PSOL, onde se condena \u201co terrorismo de Estado de Israel contra os palestinos\u201d. Algo reafirmado em congressos posteriores e pelo diret\u00f3rio estadual do RJ. Tamb\u00e9m \u00e9 bom lembrar que a luta Palestina \u00e9 comum a diversos partidos de esquerda e movimentos sociais.<\/span><\/p>\n<p><span style=\"color: #000000; font-family: Calibri;\">Por isso repudiamos esses ataques. Discordamos de qualquer censura, cassa\u00e7\u00e3o, expuls\u00e3o ou pris\u00e3o para os que defendem a causa palestina. N\u00e3o \u00e9 poss\u00edvel calar, comprar, dobrar ou fazer retroceder um amplo movimento compartilhado por organiza\u00e7\u00f5es de esquerda, anti-imperialistas, democr\u00e1ticas, de direitos humanos, al\u00e9m de importantes intelectuais e artistas no Brasil e no mundo inteiro. Continuaremos gritando por uma Palestina Livre!<\/span><\/p>\n<p><b><span style=\"color: #000000; font-family: Calibri;\">\u00a0<\/span><\/b><\/p>\n<p><b><span style=\"color: #000000; font-family: Calibri;\">Assinam:<\/span><\/b><\/p>\n<p><strong>Plinio de Arruda Sampaio Jr<\/strong>, Professor de Economia da Unicamp<\/p>\n<p><strong>Waldo Mermelstein<\/strong>, militante do MAIS<\/p>\n<p><strong>Carlos Giannazi<\/strong>, Deputado PSOL-SP<\/p>\n<p><strong>Mauro Iasi<\/strong>, professor da UFRJ, dirigente do PCB<\/p>\n<p><strong>Z\u00e9 Maria<\/strong>, presidente nacional do PSTU<\/p>\n<p><strong>Gilberto Maringoni<\/strong>, Dirigente da Funda\u00e7\u00e3o Lauro Campos<\/p>\n<p><strong>Soraya Misleh<\/strong>, jornalista palestino-brasileira<\/p>\n<p><strong>Reginaldo Nasser<\/strong>, professor de Rela\u00e7\u00f5es Internacionais da PUC-SP<\/p>\n<p><strong>Osvaldo Coggiola<\/strong>, Professor da USP<\/p>\n<p><strong>Mario Maestri<\/strong>, professor do Programa de P\u00f3s-Gradua\u00e7\u00e3o de Hist\u00f3ria da UPF<\/p>\n<p><strong>Ciro Garcia<\/strong>, Presidente do PSTU-RJ<\/p>\n<p><strong>Baby Siqueira Abr\u00e3o<\/strong>, jornalista ex-correspondente do jornal Brasil de Fato no Oriente M\u00e9dio<\/p>\n<p><strong>Val\u00e9rio Arcary<\/strong>, Doutor em Hist\u00f3ria<\/p>\n<p><strong>Marcos Ten\u00f3rio<\/strong>, servidor p\u00fablico, ativista da luta pela paz \u2013 Bras\u00edlia, DF<\/p>\n<p><strong>Heitor Cesar<\/strong>, do Comit\u00ea Central do PCB<\/p>\n<p><strong>Ivan Pinheiro<\/strong>, do Comit\u00ea Central do PCB<\/p>\n<p><strong>Silvio Sinedino<\/strong>, Petroleiro aposentado<\/p>\n<p><strong>Magda Furtado<\/strong>, Professora do CPII e\u00a0Coordenadora do Sindiscope<\/p>\n<p><strong>Lucas Andrade<\/strong>, Secret\u00e1rio do PSOL Santa Maria\/RS<\/p>\n<p><strong>Marinalva Oliveira,<\/strong> Professora da UFF<\/p>\n<p><strong>Renato Lemos<\/strong>, professor da UFRJ<\/p>\n<p><strong>Olgaise Maues<\/strong>, professora UFPA<\/p>\n<p><strong>Suelene Pav\u00e3o,<\/strong> Professora da UFPA<\/p>\n<p><strong>Dion Monteiro<\/strong>, Coordenador Executivo do Instituto Amaz\u00f4nia Solid\u00e1ria<\/p>\n<p><strong>Gesa Corr\u00eaa<\/strong>, Diret\u00f3rio Nacional do PSOL<\/p>\n<p><strong>Lujan Miranda<\/strong>, Executiva Estadual &#8211; PSOL ES<\/p>\n<p><strong>Mathias Rodrigues<\/strong>, Psol Bras\u00edlia<\/p>\n<p><strong>Ricardo Nespoli<\/strong>, Executiva Municipal Vit\u00f3ria \/ES<\/p>\n<p><strong>Arthur Moreira<\/strong>, advogado trabalhista, filiado ao PSOL\/ES<\/p>\n<p><strong>Rafael Madeira da Veiga<\/strong>, advogado, PSOL\/ RS<\/p>\n<p><strong>Heitor Fernandes<\/strong>, cipeiro nos Correios, militante da CSP Conlutas e do PSTU<\/p>\n<p><strong>Hafid Omar Abdel Melek de Carvalho<\/strong>, Advogado Ativista PSOL-Volta Redonda<\/p>\n<p><strong>Douglas Diniz<\/strong>, Diret\u00f3rio Nacional do PSol<\/p>\n<p><strong>Adriano Diaz<\/strong> &#8211; Diret\u00f3rio Municipal PSOL-RJ, Cipeiro e Oposi\u00e7\u00e3o nos Correios<\/p>\n<p><strong>Victor Freitas<\/strong> &#8211; Tesoureiro do Psol em Maric\u00e1<\/p>\n<p><strong>Neide Solim\u00f5es<\/strong>, executiva nacional da condsef,<\/p>\n<p><strong>Manuel Iraola<\/strong>, executiva do Psol\/SP<\/p>\n<p><strong>Silvia Leticia,<\/strong> executiva municipal do Psol Bel\u00e9m e Coordena\u00e7\u00e3o Estadual do Sintepp,<\/p>\n<p><strong>Maur\u00edcio Matos<\/strong>,- movimento Xingu vivo para sempre e presidente do Sisemppa<\/p>\n<p><strong>Jos\u00e9 Lu\u00eds Primola<\/strong>, presidente Psol Nova Igua\u00e7u<\/p>\n<p><strong>Keli de Moraes<\/strong>, executiva Psol nova Friburgo<\/p>\n<p><strong>Marcio Freitas<\/strong>,- Diret\u00f3rio Municipal de Mossor\u00f3 RN<\/p>\n<p><strong>Simone Caixeiro<\/strong>, Dire\u00e7\u00e3o do Psol Nova Igua\u00e7u<\/p>\n<p><strong>Edson Bomfim<\/strong>, Executiva Municipal Vit\u00f3ria\/ ES\/ Setorial Nacional de Negros<\/p>\n<p><strong>Jair de Almeida Parreira<\/strong>, dire\u00e7\u00e3o estadual Psol\/PI<\/p>\n<p><strong>Fredson Alves Saraiva<\/strong>, Dire\u00e7\u00e3o Estadual Psol\/PI<\/p>\n<p><strong>Francisco Jos\u00e9 da Silva<\/strong>, Direcai Estadual Psol\/ PI<\/p>\n<p><strong>Willian Aguiar Martins<\/strong>, membro do diret\u00f3rio estadual do Esp\u00edrito Santo<\/p>\n<p><strong>C\u00edcero Nogueira da Silva Neto<\/strong>, presidente da comiss\u00e3o provis\u00f3ria do PSOL, Areia Branca\/RN.<\/p>\n<p><strong>Romualdo Brazil<\/strong>, presidente Psol Demerval Lob\u00e3o<\/p>\n<p><strong>Helbia Maria Bona Sousa<\/strong>, secret\u00e1ria geral Psol Demerval Lob\u00e3o<\/p>\n<p><strong>Rosi Messias<\/strong> \u2013 Secret\u00e1ria Geral do PSOL RJ<\/p>\n<p><strong>Silvia Santos<\/strong> \u2013 Integrante da coordena\u00e7\u00e3o dos 101 fundadores do PSOL<\/p>\n<p><strong>Gerson Lima<\/strong>, Coord. Geral do Sintsep-PA<\/p>\n<p><strong>Katia Rosangela<\/strong>, Coord. Geral do SINDTIFES<\/p>\n<p><strong>Zila Camar\u00e3o<\/strong>, Coordenador de impressa do SINDTIFES<\/p>\n<p><strong>Aguinaldo Barbosa<\/strong>, Executiva Sintsep-PA<\/p>\n<p><strong>Consola\u00e7\u00e3o Rodrigues<\/strong>, Sintsep-PA<\/p>\n<p><strong>Eziel Duarte<\/strong>, Coordenador geral do DCE UFPA<\/p>\n<p><strong>Denis Melo<\/strong>, Executiva Municipal do PSOL RJ<\/p>\n<p><strong>Barbara Sinedino<\/strong>, Diretora do SEPE-RJ<\/p>\n<p><strong>Bruno da Rosa<\/strong>, Oposi\u00e7\u00e3o nos Garis<\/p>\n<p><strong>Diego Vitelo<\/strong>, Cipista do Metro de S\u00e3o Paulo<\/p>\n<p><strong>Fernando Assun\u00e7\u00e3o<\/strong>, Diretor do DCE Livre da USP<\/p>\n<p><strong>Ismael Serrano<\/strong>, executiva do PSOL Volta Redonda<\/p>\n<p><strong>Guilherme Bento<\/strong>, estudante de psicologia da UERJ<\/p>\n<p><strong>Mariana Borzino<\/strong> &#8211; Executiva do PSOL\/Niter\u00f3i<\/p>\n<p><strong>Mariana Nolte<\/strong>, Diretora da UNE \u2013 Oposi\u00e7\u00e3o de Esquerda<\/p>\n<p><strong>Marco Ant\u00f4nio, <\/strong>PSOL Rio de Janeiro<\/p>\n<p><strong>Nancy Galv\u00e3o<\/strong>, Presidente do Psol S\u00e3o Jos\u00e9 dos campos\/SP<\/p>\n<p><strong>Michel Tunes,\u00a0\u00a0<\/strong>Executiva Nacional do PSOL<\/p>\n<p><strong>Moacir Lopes,<\/strong> Dire\u00e7\u00e3o da FENASPS<\/p>\n<p><strong>Lidia de Jesus, <\/strong>Dire\u00e7\u00e3o da FENASPS<\/p>\n<p><strong>Sebasti\u00e3o de Oliveira, <\/strong>Dire\u00e7\u00e3o da FENASPS<\/p>\n<p><strong>Marcia Paiva, <\/strong>Dire\u00e7\u00e3o da FENASPS<\/p>\n<p><strong>Lincoln Ramos,<\/strong> Dire\u00e7\u00e3o da FENASPS<\/p>\n<p><strong>Roberto Auad<\/strong>, Sindicato dos Advogados de MG e diretor da federa\u00e7\u00e3o nacional dos sindicatos dos advogados<\/p>\n<p><strong>Ana Clara Damasco<\/strong>, estudante da UFF<\/p>\n<p><strong>Dean Araujo<\/strong>,Vice Presidente do Gr\u00eamio do Instituto de Educa\u00e7\u00e3o Professor Manuel Marinho<\/p>\n<p><strong>Milena Batista<\/strong>, Secret\u00e1ria Intern\u00facleos PSOL RJ<\/p>\n<p><strong>Franco Machado<\/strong>, PSOL Porto Alegre<\/p>\n<p><strong>Pablo Farias<\/strong>, PSOL \u2013 RJ<\/p>\n<p><strong>Andr\u00e9 Castilho<\/strong>, miliante do PSOL\/SP e do coletivo Juntos!<\/p>\n<p><strong>Caio Sep\u00falveda<\/strong>, estudante de Ci\u00eancias Sociais, militante da CST-PSOL<\/p>\n<p><strong>Breno Pimentel C\u00e2mara<\/strong>, PSOL-RJ<\/p>\n<p><strong>Gabriel Guerra<\/strong>, professor de ingl\u00eas, PSOL AP<\/p>\n<p><strong>Vin\u00edcius da Costa<\/strong>, Secundarista -Presidente do PSOL de Itatiba<\/p>\n<p><strong>Nina Barcellos<\/strong>, Cst \u2013 Psol<\/p>\n<p><strong>Rana Agarriberri<\/strong>, vice presidente do PSOL BH<\/p>\n<p><strong>Katia Soares<\/strong>, Dire\u00e7\u00e3o do PSOL Nova Igua\u00e7u<\/p>\n<p><strong>Diogo peclat<\/strong>, Psol Nilopolis<\/p>\n<p><strong>Perpetua Kokama<\/strong>, Dire\u00e7\u00e3o Municipal do PSOL Manaus<\/p>\n<p><strong>Alice Kokama<\/strong>, Presidente do PSOL de Santo Antonio do Ica<\/p>\n<p><strong>K\u00e1tia Sales, <\/strong>vice presidente PSOL MG<\/p>\n<p><strong>Edivaldo de Paula, <\/strong>executiva municipal PSOL BH<\/p>\n<p><strong>Danilo Bianchi, <\/strong>executiva estadual PSOL MG<\/p>\n<p><strong>Bruna Gomes, <\/strong>diret\u00f3rio estadual PSOL MG<\/p>\n<p><strong>Nat\u00e1lia Lucena, <\/strong>executiva municipal do PSOL Uberl\u00e2ndia<\/p>\n<p><strong>K\u00e1tia Sales,<\/strong> vice presidente PSOL MG<\/p>\n<p><strong>L\u00e9o Zanzi<\/strong>, PSOL RJ<\/p>\n<p><strong>Gabriel Fernandes<\/strong>, secundarista da FAETEC Adolpho Bloch<\/p>\n<p><strong>Pedro Rosa<\/strong>, Dirigente da FASUBRA e do SINTUFF<\/p>\n<p><strong>Ligia Martins<\/strong>, Combate Classista e Pela Base &#8211; RJ<\/p>\n<p><strong>Frente em Defesa do Povo Palestino <\/strong><\/p>\n<p><strong>Mopat &#8211; Movimento Palestina para Tod@s<\/strong><\/p>\n<p><strong>Comit\u00ea Cearense de Solidariedade ao Povo Palestino, Cear\u00e1<\/strong><\/p>\n<p><strong>Comit\u00ea do Grande ABC\/Sp de Solidariedade ao Povo Palestino<\/strong><\/p>\n<p><strong>Campanha Global pelo Retorno \u00e0 Palestina (se\u00e7\u00e3o Brasil)<\/strong><\/p>\n<p><strong>Ciranda Internacional de Comunica\u00e7\u00e3o Compartilhada <\/strong><\/p>\n<p><strong>Comit\u00ea pr\u00f3-Haiti<\/strong><\/p>\n<p><strong>Organiza\u00e7\u00e3o Ind\u00edgena Revolucion\u00e1ria<\/strong><\/p>\n<p><strong>Tribunal Popular<\/strong><\/p>\n<p><strong>Comit\u00ea Brasileiro em Defesa dos Direitos do Povo Palestino<\/strong><\/p>\n<p><strong>Associa\u00e7\u00e3o Isl\u00e2mica de S\u00e3o Paulo<\/strong><\/p>\n<p><strong>Centro Cultural \u00c0rabe Brasileiro<\/strong><\/p>\n<p><strong>Comit\u00ea de Solidariedade a Palestina Bahia<\/strong><\/p>\n<p><strong>Comit\u00ea de Solidariedade \u00e0 Luta do Povo Palestino \u2013 Rio de Janeiro<\/strong><\/p>\n<p><strong>Portal Desacato<\/strong><\/p>\n<p><strong>CSP \u2013 CONLUTAS &#8211; Central Sindical e Popular<\/strong><\/p>\n<p><strong>Sindicato dos Metrovi\u00e1rios de S\u00e3o Paulo<\/strong><\/p>\n<p><strong>Tend\u00eancia Sindical Unidos Pra Lutar <\/strong><\/p>\n<p><strong>Sindicato dos qu\u00edmicos de S\u00e3o Jos\u00e9 dos Campos e Regi\u00e3o\/SP<\/strong><\/p>\n<p><strong>ANEL<\/strong> \u2013 <strong>Assembleia Nacional dos Estudantes Livres<\/strong><\/p>\n<p><strong>Centro Acad\u00eamico Rosa Luxemburgo \u2013 CAHIS\/UniCEUB <\/strong>\u2013 Bras\u00edlia\/DF<\/p>\n<p><strong>Soweto Organiza\u00e7\u00e3o Negra<\/strong><\/p>\n<p><strong>Movimento Quilombo Ra\u00e7a e Classe<\/strong><\/p>\n<p><strong>APS \u2013 A\u00e7\u00e3o Popular Socialista \u2013 PSOL<\/strong><\/p>\n<p><strong>LRP \u2013 Liberdade e Revolu\u00e7\u00e3o Popular \u2013 PSOL<\/strong><\/p>\n<p><strong>LSR \u2013 Liberdade Socialismo de Revolu\u00e7\u00e3o \u2013 PSOL<\/strong><\/p>\n<p><strong>LS \u2013 Luta Socialista \u2013 PSOL<\/strong><\/p>\n<p><strong>CS \u2013 Constru\u00e7\u00e3o Socialista \u2013 PSOL<\/strong><\/p>\n<p><strong>Comunismo e Liberdade \u2013 PSOL<\/strong><\/p>\n<p><strong>NOS \u2013 Nova Organiza\u00e7\u00e3o Socialista<\/strong><\/p>\n<p><strong>MAIS \u2013 Movimento por um Alternativa Independente e Socialista<\/strong><\/p>\n<p><strong>PCB \u2013 Partido Comunista Brasileiro<\/strong><\/p>\n<p><strong>PSTU \u2013 Partido Socialista dos Trabalhadores Unificado<\/strong><\/p>\n<p><strong>Esquerda Marxista<\/strong><\/p>\n<p><strong>Coletivo Espa\u00e7o Marxista<\/strong><\/p>\n<p><strong>\u00a0UIT-QI (Unidade Internacional dos Trabalhadores \u2013 Quarta Internacional)<\/strong><\/p>\n<p><strong>\u00a0Tribuna Classista<\/strong><\/p>\n<p><strong>Coletivo Espa\u00e7o Marxista<\/strong><\/p>\n<p><strong>Hugo Blanco Galdos<\/strong>, dirigente Campesino peruano, Director del\u00a0mensuario\u00a0LUCHA INDIGENA, Ex Congresista Constituyente, Ex Senador y ex diputado<\/p>\n<p><strong>Orlando Chirino<\/strong>, dirigente sindical de C-cura y del PSL<\/p>\n<p><strong>Rub\u00e9n \u201cPollo\u201d Sobrero<\/strong> (secretario general Seccional Gran Buenos Aires Oeste Uni\u00f3n Ferroviaria)<\/p>\n<p><strong>Juan Carlos Giordano<\/strong> (diputado nacional electo provincia de Buenos Aires por Izquierda Socialista en el Frente de Izquierda)<\/p>\n<p><strong>Miguel Angel Hern\u00e1ndez<\/strong>, profesor universitario y secretario general del PSL<\/p>\n<p><strong>Enrique Fern\u00e1ndez Chac\u00f3n<\/strong>, Ex congresista constituyente, Ex diputado nacional, Integrante del Concejo ejecutivo Nacional del Frente Amplio, Editor de\u00a0Lucha Indigena, Unios Per\u00fa<\/p>\n<p><strong>Jorge Altamira<\/strong>, Presidente do Partido Obrero, Argentina<\/p>\n<p><strong>Nicol\u00e1s del Ca\u00f1o, <\/strong>ex candidato a presidente del Frente de Izquierda<\/p>\n<p><strong>Myriam Bregman, <\/strong>diputada nacional PTS\/FIT<strong><br \/>\n<\/strong><\/p>\n<p><strong>Gonzalo Sanjines Portugal, <\/strong>dirigente nacional ARPT Bolivia<\/p>\n<p><strong>Eliseo Mamani, profesor, <\/strong>dirigente Frente Amplio Magisterio Rural<\/p>\n<p><strong>Ezequiel Peressini<\/strong>, legislador por C\u00f3rdoba, de Izquierda Socialista-FIT<\/p>\n<p><strong>Liliana Olivero<\/strong>; (ex legisladora por C\u00f3rdoba, por Izquierda Socialista en el FIT)<\/p>\n<p><strong>Jos\u00e9 Castillo<\/strong> (economista del EDI -Economistas de Izquierda- y profesor de la UBA, Universidad de Buenos Aires)<\/p>\n<p><strong>Ang\u00e9lica Lagunas<\/strong> (Izquierda Socialista en el FIT y dirigente de docentes)<\/p>\n<p><strong>Laura Marrone<\/strong> (legisladora electa Ciudad de Buenos Aires Izquierda Socialista en el FIT )<\/p>\n<p><strong>M\u00f3nica Schlottahuer<\/strong> (cuerpo delegados ferrocarril Sarmiento y diputada electa provincia de Buenos Aires Izquierda Socialista en el FIT)<\/p>\n<p><strong>Edgardo Reynoso<\/strong> (Cuerpo de delegados y comisi\u00f3n de reclamos ferrocarril Sarmiento)<\/p>\n<p><strong>Anisa Favoretti<\/strong> (diputada Santiago del Estero Izquierda Socialista en el Frente de Izquierda)<\/p>\n<p><strong>Jorge Adaro<\/strong> (Secretario General comisi\u00f3n directiva Ademys-Capital)<\/p>\n<p><strong>Pablo Almeida<\/strong> (Delegado General ATE Ministerio Econom\u00eda Naci\u00f3n)<\/p>\n<p><strong>Jos\u00e9 Bodas<\/strong>, secretario general de la Federaci\u00f3n Unitaria de Trabajadores Petroleros de Venezuela (Futpv)<\/p>\n<p><strong>Fran Luna<\/strong>, secretario ejecutivo de la Futpv<\/p>\n<p><strong>Bladimir Carvajal<\/strong>, dirigente de C-cura y el PSL, miembro del Tribunal Disciplinario de la Futpv<\/p>\n<p><strong>Armando Guerra<\/strong>, profesor universitario y dirigente del PSL<\/p>\n<p><strong>Antonio Espinoza<\/strong>, profesor universitario y dirigente del PSL<\/p>\n<p><strong>Rolando Gait\u00e1n<\/strong>, profesor universitario y directivo de la Asociaci\u00f3n de Profesores de la Universidad de Carabobo<\/p>\n<p><strong>Scarlet Di Yesi<\/strong>, docente y ex-dirigente sindical del magisterio, miembro de C-cura<\/p>\n<p><strong>Leonardo Ugarte<\/strong>, delegado de Prevenci\u00f3n, Petrocede\u00f1o, Pdvsa<\/p>\n<p><strong>Noelia Barbeito, <\/strong>senadora provincia de Mendoza PTS\/FIT<\/p>\n<p><strong> Lautaro Jim\u00e9nez, <\/strong>diputado provincia de Mendoza, PTS\/ FIT<\/p>\n<p><strong>Cecilia Soria, <\/strong>diputada provincia de Mendoza, PTS\/ FIT<\/p>\n<p><strong>Macarena Escudero, <\/strong>diputada provincia de Mendoza, PTS\/ FIT<\/p>\n<p><strong>Ra\u00fal Godoy, <\/strong>diputado provincia de Neuqu\u00e9n PTS\/FIT<\/p>\n<p><strong>Laura Vilches, <\/strong>diputada provincia de C\u00f3rdoba PTS\/FIT<\/p>\n<p><strong>Gualberto Arenas, <\/strong>Federaci\u00f3n Regional Campesina de Valle Alto Cochabamba<\/p>\n<p><strong>Mar\u00eda Lohman, <\/strong>directora programa radial Informaci\u00f3n Gente para la Gente, Cochabamba<\/p>\n<p><strong>Alicia Fern\u00e1ndez G\u00f3mez<\/strong>, Ense\u00f1ante, do Estado espa\u00f1ol<\/p>\n<p><strong>MICHEL Griselda<\/strong>, GSI-UIT, Paris<\/p>\n<p><strong>GEFFROTIN Loic<\/strong>, sindicato Solidaire \u00c9tudiant-e-s, Universidad Paris 10<\/p>\n<p><strong>FLAMBEAUX Julien<\/strong>, profesor, Solidaire \u00c9tudiant-e-s, Universidad Paris 3<\/p>\n<p><strong>GOURMELON Alexandre<\/strong>, sindicato Solidaire \u00c9tudiant-e-s, Paris 6.<\/p>\n<p><strong>ALBIZZATI Antoine<\/strong>, obrero construccion, GSI-UIT, Paris<\/p>\n<p><strong>DEMARET Mathieu<\/strong>, profesor, GSI-UIT, Toulouse<\/p>\n<p><strong>FINKI Sophie<\/strong>, estudiante, militante del GSI-UIT, Toulouse<\/p>\n<p><strong>DAVIER Jean-Louis<\/strong>, sindicato CGT correos,region de Paris<\/p>\n<p><strong>GUZMAN Andr\u00e9<\/strong>, profesor, militante del GSI-UIT, region de Paris<\/p>\n<p><strong>Ramiro Robles<\/strong>, PSOL RJ<\/p>\n<p><strong>Pedro Mara,<\/strong> professor da rede estadual do RJ e doutorando em educacao na UFRJ<\/p>\n<p><strong>Jonathan Willian Bazoni da Motta<\/strong> &#8211; Psol rio de Janeiro<\/p>\n<p><strong>Ester Cleane<\/strong>, PSOL RJ<\/p>\n<p><strong>Ana Escaleira<\/strong>, m\u00e9dica veterin\u00e1ria, analista de rela\u00e7\u00f5es internacionais e tradutora.<\/p>\n<p><strong>Varvara Sofia Bouhid Seabra<\/strong>, (Professora da Rede Estadual RJ)<\/p>\n<p><strong>J\u00falia Borges<\/strong>, CST-PSOL<\/p>\n<p><strong>Gustavo de Souza<\/strong>, PSTU<\/p>\n<p><strong>Ivana Fortunato<\/strong>, psic\u00f3loga, mestranda em Psicologia na UFF e militante do coletivo Vamos \u00e0 Luta.<\/p>\n<p><strong>Vin\u00edcio Machado<\/strong><\/p>\n<p><strong>Julio Baptista de Oliveira Nobre Neto<\/strong>, M\u00fasico, CST-PSOL-RJ<\/p>\n<p><strong>Andrea Solim\u00f5es,<\/strong> vice norte do Andes<\/p>\n<p><strong>Eduardo Pimentel,<\/strong> Executiva do SINTSEP-PA<\/p>\n<p><strong>Walmir Brito,<\/strong> executiva do SINTSEP-PA<\/p>\n<p><strong>Paulo S\u00e9rgio<\/strong>, Dire\u00e7\u00e3o sub-sede do sintepp conc\u00f3rdia do Par\u00e1<\/p>\n<p><strong>Reginaldo Reis<\/strong>, dire\u00e7\u00e3o sub-sede do sintepp Bai\u00e3o<\/p>\n<p><strong>\u00a0Jonas Favacho<\/strong>, presidente do Psol Bai\u00e3o<\/p>\n<p><strong>Virg\u00edlio Moura<\/strong>, Dire\u00e7\u00e3o do psol Par\u00e1<\/p>\n<p><strong>Suzete Chaffin<\/strong>, Presidente do psol Jacare\u00ed\/SP<\/p>\n<p><strong>Wellington Cabral,<\/strong> executiva da fetquim\/SP<\/p>\n<p><strong>\u00c2ngelo Balbino<\/strong> &#8211; psol\/DF<\/p>\n<p><strong>C\u00e1ssia cerese,<\/strong> n\u00facleo de base do IBGE\/Amap\u00e1,<\/p>\n<p><strong>Alex Santana e Rodrigo Puff,<\/strong> Dire\u00e7\u00e3o da Fenametro<\/p>\n<p><strong>Alex Fernandes e Alexandre Roldan,<\/strong> dire\u00e7\u00e3o do sindicato dos metrovi\u00e1rios\/SP<\/p>\n<p><strong>Afonso Rufino,<\/strong> vice presidente sindicatos dos correios do Amazonas,<\/p>\n<p><strong>Halisson Ten\u00f3rio, <\/strong>dire\u00e7\u00e3o do sindicato dos correios de Pernambuco e da dire\u00e7\u00e3o da Fentect,<\/p>\n<p><strong>S\u00e9rgio Brito,<\/strong> dire\u00e7\u00e3o da Apeoesp,<\/p>\n<p><strong>Davi Paulo,<\/strong> dire\u00e7\u00e3o sindicato dos qu\u00edmicos de S\u00e3o Jos\u00e9 dos Campos\/SP,<\/p>\n<p><strong>Alexandre Lisboa<\/strong>, Dire\u00e7\u00e3o do sindicato dos servidores municipais de S\u00e3o Sebasti\u00e3o\/SP,<\/p>\n<p><strong>Waleska Tim\u00f3teo<\/strong>, presidente do sindicato dos servidores municipais de vit\u00f3ria\/ES,<\/p>\n<p><strong>Rubens Teixeira<\/strong>, dire\u00e7\u00e3o do sindados\/MG,<\/p>\n<p><strong>Pedro Fonteles<\/strong>, professor militante do Psol\/PA,<\/p>\n<p><strong>Eduardo Rodrigues,\u00a0 <\/strong>juventude Unidos Pra Lutar<\/p>\n<p><strong>Emmanuelle Nery, <\/strong>juventude Unidos Pra Lutar<\/p>\n<p><strong>David Melo, <\/strong>juventude Unidos Pra Lutar<\/p>\n<p><strong>Gabriel Cunha,<\/strong> juventude Unidos Pra Lutar<\/p>\n<p><strong>Caio Sousa<\/strong>, estudante de geof\u00edsica UFRN<\/p>\n<p><strong>Let\u00edcia Rondon<\/strong> &#8211; Arquiteta, militante do coletivo Vamos \u00e0 Luta<\/p>\n<p><strong>Felipe Nabarro Nogueira<\/strong>, Psicologia na UFF e militante do Vamos \u00e0 Luta.<\/p>\n<p><strong>Daniela Possebon<\/strong>, CST\/PSOL<\/p>\n<p><strong>Vinicius Eckert<\/strong>, &#8211; Estudante Ci\u00eancias Sociais UFRGS<\/p>\n<p><strong>Matheus Moralles do<\/strong> Pinho, Filosofia na UFF e militante do coletivo Vamos a Luta<\/p>\n<p><strong>Maria Eduarda Luporini, <\/strong>secundarista e militante do Vamos \u00e0 Luta<\/p>\n<p><strong>La\u00eds Gomes<\/strong>, secundarista e militante da CST-PSOL<\/p>\n<p><strong>Camila leite<\/strong>, ppgs\/uff<\/p>\n<p><strong>Marcelle Autran<\/strong>, Psicologia UFF\/Niter\u00f3i e militante do coletivo Vamos \u00e0 Luta<\/p>\n<p><strong>Randerson Lobato<\/strong>, Designer Gr\u00e1fico &#8211; CST-PSOL Campinas\/SP<\/p>\n<p><strong>Henrique de Bem Lignani<\/strong>, estudante de Hist\u00f3ria da UFRJ<\/p>\n<p><strong>Ana Clara Damasco<\/strong>, estudante da UFF<\/p>\n<p><strong>Rogerio Carneiro<\/strong>, CST-PSOL<\/p>\n<p><strong>R\u00f4mulo Abreu Louren\u00e7o<\/strong>, Soci\u00f3logo. N\u00facleo Cantareira (PSOL-Niter\u00f3i)<\/p>\n<p><strong>Alberto Marins<\/strong>, professor<\/p>\n<p><strong>Leandro Galindo<\/strong>, professor, diretor do SEPE-Niter\u00f3i<\/p>\n<p>Stefany Ferreira, Secudnarista Rj<\/p>\n<p><strong>Samanta Serrano<\/strong>, coordenadora do CAHIS\/UniCEUB<\/p>\n<p><strong>Ana Maria<\/strong>, Direito do UniCEUB<\/p>\n<p><strong>Jo\u00e3o Carlos<\/strong>, ADM do IFB<\/p>\n<p><strong>Lorrana<\/strong>, secundarista de Bras\u00edlia<\/p>\n<p><strong>Cleber Victor<\/strong>, Historia do UNICEUB<\/p>\n<p><strong>Fabio Coutinho<\/strong>, Vamos \u00e0 Luta\/DF<\/p>\n<p><strong>Lilla Costa<\/strong>, direito do UniCEUB<\/p>\n<p><strong>Nina Ricci<\/strong>, Adm do UniCEUB<\/p>\n<p><strong>Gleudston da Costa<\/strong>, Historia do UniCEUB<\/p>\n<p><strong>Lucas Andrade<\/strong>, Medicina da ESCS<\/p>\n<p><strong>Thaylon Mendes<\/strong>, Enf. Do UniCEUB<\/p>\n<p><strong>Alisson Rodrigues<\/strong>, Hist\u00f3ria do UniCEUB<\/p>\n<p><strong>Jonte Fernandes<\/strong>, professor\/DF<\/p>\n<p><strong>Jorgina Guimaraes<\/strong>, PSOL RJ<\/p>\n<p><strong>Marcus Benedito<\/strong>, Servidor publico estadual\/PA<\/p>\n<p><strong>Gabriel Santos<\/strong>, estudante de Hist\u00f3ria, UFAL<\/p>\n<p>&nbsp;<\/p>\n<p><b><span style=\"color: #000000; font-family: Calibri;\">Este texto unit\u00e1rio continua aberto a novas incorpora\u00e7\u00f5es&#8230;.\u00a0<\/span><\/b><\/p>\n","protected":false},"excerpt":{"rendered":"<p>Nos \u00faltimos dias, o mandato do Vereador Bab\u00e1 e a CST (Corrente Socialista dos Trabalhadores) v\u00eam sendo atacados pela Federa\u00e7\u00e3o Israelita e por pol\u00edticos sionistas, sobretudo a vereadora Teresa Bergher (PSDB).\u00a0Desta vez o estopim foi a publica\u00e7\u00e3o de um texto que trata dos crimes que<\/p>\n","protected":false},"author":2,"featured_media":1566,"comment_status":"open","ping_status":"open","sticky":false,"template":"","format":"standard","meta":{"footnotes":""},"categories":[6],"tags":[],"class_list":["post-1565","post","type-post","status-publish","format-standard","has-post-thumbnail","hentry","category-internacional"],"_links":{"self":[{"href":"https:\/\/www.cstuit.com\/home\/wp-json\/wp\/v2\/posts\/1565","targetHints":{"allow":["GET"]}}],"collection":[{"href":"https:\/\/www.cstuit.com\/home\/wp-json\/wp\/v2\/posts"}],"about":[{"href":"https:\/\/www.cstuit.com\/home\/wp-json\/wp\/v2\/types\/post"}],"author":[{"embeddable":true,"href":"https:\/\/www.cstuit.com\/home\/wp-json\/wp\/v2\/users\/2"}],"replies":[{"embeddable":true,"href":"https:\/\/www.cstuit.com\/home\/wp-json\/wp\/v2\/comments?post=1565"}],"version-history":[{"count":0,"href":"https:\/\/www.cstuit.com\/home\/wp-json\/wp\/v2\/posts\/1565\/revisions"}],"wp:featuredmedia":[{"embeddable":true,"href":"https:\/\/www.cstuit.com\/home\/wp-json\/wp\/v2\/media\/1566"}],"wp:attachment":[{"href":"https:\/\/www.cstuit.com\/home\/wp-json\/wp\/v2\/media?parent=1565"}],"wp:term":[{"taxonomy":"category","embeddable":true,"href":"https:\/\/www.cstuit.com\/home\/wp-json\/wp\/v2\/categories?post=1565"},{"taxonomy":"post_tag","embeddable":true,"href":"https:\/\/www.cstuit.com\/home\/wp-json\/wp\/v2\/tags?post=1565"}],"curies":[{"name":"wp","href":"https:\/\/api.w.org\/{rel}","templated":true}]}}