

	{"id":15913,"date":"2024-08-15T12:12:45","date_gmt":"2024-08-15T15:12:45","guid":{"rendered":"https:\/\/www.cstuit.com\/home\/?p=15913"},"modified":"2024-08-15T12:54:47","modified_gmt":"2024-08-15T15:54:47","slug":"mocao-de-apoio-aos-trabalhadores-e-trabalhadoras-tecnico-administrativos-da-unesp","status":"publish","type":"post","link":"https:\/\/www.cstuit.com\/home\/2024\/08\/15\/mocao-de-apoio-aos-trabalhadores-e-trabalhadoras-tecnico-administrativos-da-unesp\/","title":{"rendered":"Apoio \u00e0s lutas da educa\u00e7\u00e3o em SP: UNESP, ETECs e FATECs"},"content":{"rendered":"<p><strong>Todo apoio \u00e0 greve dos\/as t\u00e9cnicos-administrativos da Unesp!<\/strong><\/p>\n<p>A corrente sindical Combate, parte da CSP-Conlutas, se solidariza com a greve de trabalhadores, trabalhadoras e t\u00e9cnicos-administrativos da Universidade Estadual Paulista \u2013 Unesp, iniciada o dia 05 de agosto, e se coloca a total disposi\u00e7\u00e3o desta luta. <\/p>\n<p>As reivindica\u00e7\u00f5es da equipara\u00e7\u00e3o salarial da categoria com a da universidade estadual USP, as melhores condi\u00e7\u00f5es de trabalho e mais concursos p\u00fablicos para a fun\u00e7\u00e3o, representam justas demandas que apoiamos. A unifica\u00e7\u00e3o das greves que est\u00e3o em curso (INSS, Sa\u00fade Federal, Correios) \u00e9 uma tarefa priorit\u00e1ria que as dire\u00e7\u00f5es de sindicatos e federa\u00e7\u00f5es tem que encampar para fortalecer as lutas no caminho de conseguir conquistas.<\/p>\n<p><strong>Todo apoio \u00e0 greve de trabalhadores e trabalhadoras da educa\u00e7\u00e3o das Etecs e Fatecs!<\/strong><\/p>\n<p>No dia 15 de agosto, os\/as trabalhadores\/as em educa\u00e7\u00e3o do Centro Paula Souza preparam uma greve de 24 horas em defesa do reajuste salarial, pagamento do b\u00f4nus e a retomada de direitos perdidos com a revis\u00e3o da carreira implementada em 2014. A greve se coloca tamb\u00e9m contra o desmonte perpetuado pelo governador Tarc\u00edsio de Freitas e o Secret\u00e1rio da Educa\u00e7\u00e3o Renato Feder que tem fechado salas de aula e deixado condi\u00e7\u00f5es cada vez mais prec\u00e1rias na estrutura das diversas escolas e faculdades.<\/p>\n<p>A luta dos e das educadores\/as \u00e9 em defesa da educa\u00e7\u00e3o p\u00fablica no estado de S\u00e3o Paulo. A corrente sindical Combate, parte da central sindical CSP-Conlutas, apoia totalmente as reivindica\u00e7\u00f5es levantadas e o movimento paredista.<\/p>\n","protected":false},"excerpt":{"rendered":"<p>Todo apoio \u00e0 greve dos\/as t\u00e9cnicos-administrativos da Unesp! A corrente sindical Combate, parte da CSP-Conlutas, se solidariza com a greve de trabalhadores, trabalhadoras e t\u00e9cnicos-administrativos da Universidade Estadual Paulista \u2013 Unesp, iniciada o dia 05 de agosto, e se coloca a total disposi\u00e7\u00e3o desta luta.<\/p>\n","protected":false},"author":1,"featured_media":15914,"comment_status":"open","ping_status":"open","sticky":false,"template":"","format":"standard","meta":{"footnotes":""},"categories":[17],"tags":[1994,2276,2275,2278,2279,22,1228,2277,144,2274,648],"class_list":["post-15913","post","type-post","status-publish","format-standard","has-post-thumbnail","hentry","category-sindical","tag-categoria","tag-equiparacao","tag-estadual","tag-etecs","tag-fatecs","tag-greve","tag-salario","tag-tecnicosadministrativos","tag-trabalhadores","tag-unesp","tag-universidade"],"_links":{"self":[{"href":"https:\/\/www.cstuit.com\/home\/wp-json\/wp\/v2\/posts\/15913","targetHints":{"allow":["GET"]}}],"collection":[{"href":"https:\/\/www.cstuit.com\/home\/wp-json\/wp\/v2\/posts"}],"about":[{"href":"https:\/\/www.cstuit.com\/home\/wp-json\/wp\/v2\/types\/post"}],"author":[{"embeddable":true,"href":"https:\/\/www.cstuit.com\/home\/wp-json\/wp\/v2\/users\/1"}],"replies":[{"embeddable":true,"href":"https:\/\/www.cstuit.com\/home\/wp-json\/wp\/v2\/comments?post=15913"}],"version-history":[{"count":0,"href":"https:\/\/www.cstuit.com\/home\/wp-json\/wp\/v2\/posts\/15913\/revisions"}],"wp:featuredmedia":[{"embeddable":true,"href":"https:\/\/www.cstuit.com\/home\/wp-json\/wp\/v2\/media\/15914"}],"wp:attachment":[{"href":"https:\/\/www.cstuit.com\/home\/wp-json\/wp\/v2\/media?parent=15913"}],"wp:term":[{"taxonomy":"category","embeddable":true,"href":"https:\/\/www.cstuit.com\/home\/wp-json\/wp\/v2\/categories?post=15913"},{"taxonomy":"post_tag","embeddable":true,"href":"https:\/\/www.cstuit.com\/home\/wp-json\/wp\/v2\/tags?post=15913"}],"curies":[{"name":"wp","href":"https:\/\/api.w.org\/{rel}","templated":true}]}}