

	{"id":15927,"date":"2024-08-19T21:01:19","date_gmt":"2024-08-20T00:01:19","guid":{"rendered":"https:\/\/www.cstuit.com\/home\/?p=15927"},"modified":"2024-08-19T21:01:19","modified_gmt":"2024-08-20T00:01:19","slug":"dia-do-estudante-a-aula-tem-que-ser-nas-ruas-pra-derrotar-o-nem","status":"publish","type":"post","link":"https:\/\/www.cstuit.com\/home\/2024\/08\/19\/dia-do-estudante-a-aula-tem-que-ser-nas-ruas-pra-derrotar-o-nem\/","title":{"rendered":"Dia do estudante: A aula tem que ser nas ruas pra derrotar o NEM!"},"content":{"rendered":"<p><em>Por Isadora Bueno &#8211; Juventude Vamos \u00e0 Luta SP e Jeane Carla &#8211; candidata a vereadora em Uberl\u00e2ndia<\/em><\/p>\n<p><strong>A realidade da juventude \u00e9 de precariza\u00e7\u00e3o<\/strong><\/p>\n<p>A realidade da juventude est\u00e1 cada vez mais precarizada com o aprofundamento da crise capitalista. Hoje, os jovens abandonam mais cedo a escola e\/ou universidade para trabalhar em empregos prec\u00e1rios com baixos sal\u00e1rios, para ajudar a sustentar a fam\u00edlia. Os cen\u00e1rios dos estudantes das universidades e das escolas p\u00fablicas s\u00e3o de sucateamento da educa\u00e7\u00e3o orquestrado pelos governos<br \/>\ncapitalistas: falta infraestrutura nas escolas e universidades, alimenta\u00e7\u00e3o de qualidade, verbas e valoriza\u00e7\u00e3o dos trabalhadores da educa\u00e7\u00e3o.<\/p>\n<p>O Novo Ensino M\u00e9dio (NEM) segue sendo o principal problema dos estudantes secundaristas e dos estudantes de licenciaturas das universidades. Desde o in\u00edcio de sua implementa\u00e7\u00e3o, denunciamos seu car\u00e1ter excludente: retirada de diversas disciplinas das humanidades em troca de itiner\u00e1rios que nada servem aos estudantes, disparidade de aprendizagem da escola p\u00fablica e not\u00f3rio saber.<br \/>\nAliado a essa situa\u00e7\u00e3o, o direito dos estudantes das escolas p\u00fablicas entrarem na universidade p\u00fablica vai ficando cada vez mais distante, uma vez que o que os vestibulares cobram n\u00e3o \u00e9 apresentado nas escolas.<\/p>\n<p>Mesmo com pesquisas que evidenciam o resultado desastroso do NEM e com a insatisfa\u00e7\u00e3o dos estudantes e professores, Lula sancionou, no dia 01\/08, o projeto aprovado na C\u00e2mara e celebrado por Camilo Santana. Foi o PL do remendo, que n\u00e3o revoga o NEM. A dire\u00e7\u00e3o majorit\u00e1ria da UBES, composta pela UJS\/PCdoB, LPJ\/Levante e juventudes do PT comemora essa pol\u00edtica e aposta na \u201creforma da reforma\u201d ao inv\u00e9s de mobilizar os estudantes. Para n\u00f3s, n\u00e3o h\u00e1 motivos para comemorar. Nossa luta \u00e9 pela revoga\u00e7\u00e3o total dessa pol\u00edtica e uma constru\u00e7\u00e3o verdadeiramente democr\u00e1tica do Ensino M\u00e9dio, com participa\u00e7\u00e3o dos estudantes, professores e comunidade escolar.<\/p>\n<p><strong>Construir uma jornada de lutas contra o NEM a partir do Dia do Estudante<\/strong><\/p>\n<p>O Dia do Estudante, no dia 11 de agosto, \u00e9 uma tradicional data de mobiliza\u00e7\u00e3o nacional para que os estudantes garantam suas pautas e reivindica\u00e7\u00f5es. A UBES e a UNE corretamente convocaram atos de rua para o dia 14 de agosto, por se tratar de um dia de semana. As entidades fizeram a convoca\u00e7\u00e3o nas redes sociais, pautando menos juros e mais investimentos em educa\u00e7\u00e3o, com uma leve cr\u00edtica a Fernando Haddad e sua pol\u00edtica de altos juros para manter o Arcabou\u00e7o Fiscal, sem sequer citar o NEM, abandonando essa luta fundamental.<\/p>\n<p>No entanto, apenas fazer uma postagem no Instagram sem constru\u00e7\u00e3o pela base \u00e9 insuficiente e n\u00e3o reflete a necessidade de inunda\u00e7\u00e3o das ruas para exigir as demandas mais sentidas pelos estudantes, a come\u00e7ar pela revoga\u00e7\u00e3o completa do NEM, mais or\u00e7amento para as universidades e escolas, mais verbas para bolsas e aux\u00edlios nas universidades, contra as escolas c\u00edvico-militares de Tarc\u00edsio e Zema, pelo Fora Nikolas Ferreira da Comiss\u00e3o de Educa\u00e7\u00e3o, 10% do PIB para educa\u00e7\u00e3o,<br \/>\nPasse Livre e fim do vestibular. \u00c9 preciso estar cotidianamente nas escolas e universidades para construir esse dia, com passagens em sala, garantia de transporte e assembleias de base.<\/p>\n<p>Em S\u00e3o Paulo, por exemplo, a UMES j\u00e1 convocou o ato no MASP \u00e0s 8h da manh\u00e3. Entretanto, n\u00e3o h\u00e1 nenhuma pol\u00edtica de paralisa\u00e7\u00e3o nas escolas ou transporte, sendo um hor\u00e1rio no qual a maioria dos estudantes est\u00e1 em aula. Assim como o ato contra as escolas c\u00edvico-militares, h\u00e1 a chance de ser um ato esvaziado. Por isso, n\u00f3s, da juventude revolucion\u00e1ria Vamos \u00e0 Luta, exigimos das nossas<br \/>\nprincipais entidades estudantis, UBES e UNE, que verdadeiramente construam esse dia pela base, para conquistarmos nossas pautas.<\/p>\n<p>Colocamos tamb\u00e9m que essa data deve ser constru\u00edda com total independ\u00eancia do governo Lula\/Alckmin, que, infelizmente, tem atacado os estudantes com a sua pol\u00edtica econ\u00f4mica de Arcabou\u00e7o Fiscal \u201ca qualquer custo\u201d, que retira or\u00e7amento das universidades e escolas para destinar aos banqueiros e patr\u00f5es, assim como sua pol\u00edtica de n\u00e3o revoga\u00e7\u00e3o do NEM. Chamamos tamb\u00e9m as organiza\u00e7\u00f5es que fazem oposi\u00e7\u00e3o \u00e0 majorit\u00e1ria da UBES e UNE (UJR\/PCR, Juntos\/MES, UJC\/PCB, UJC\/PCBR, Rebeldia\/PSTU, J\u00e1 Basta\/ SOB, Fa\u00edsca Revolucion\u00e1ria\/MRT) a exigirem com a gente uma jornada de lutas a partir do dia 14, como um pontap\u00e9 inicial de lutas para derrotar de vez o NEM e todas as pol\u00edticas que atacam os estudantes.<\/p>\n<p><strong>Venha conhecer a juventude revolucion\u00e1ria Vamos \u00e0 Luta!<\/strong><\/p>\n<p>Voc\u00ea, estudante secundarista e universit\u00e1rio, que acredita que s\u00f3 a luta combativa e independente dos governos muda a vida, venha nos conhecer e militar conosco. Defendemos que a conta da crise capitalista n\u00e3o seja paga pela juventude e trabalhadores, mas sim por aqueles que a causam: os patr\u00f5es e banqueiros. \u00c9 urgente esmagar nas ruas a extrema direita. Acreditamos que s\u00f3 a mobiliza\u00e7\u00e3o e organiza\u00e7\u00e3o dos estudantes com os trabalhadores pode mudar essa realidade. Se<br \/>\nvoc\u00ea tem acordo, vem dar essa batalha com a gente!<\/p>\n","protected":false},"excerpt":{"rendered":"<p>Por Isadora Bueno &#8211; Juventude Vamos \u00e0 Luta SP e Jeane Carla &#8211; candidata a vereadora em Uberl\u00e2ndia A realidade da juventude \u00e9 de precariza\u00e7\u00e3o A realidade da juventude est\u00e1 cada vez mais precarizada com o aprofundamento da crise capitalista. Hoje, os jovens abandonam mais<\/p>\n","protected":false},"author":1,"featured_media":15928,"comment_status":"open","ping_status":"open","sticky":false,"template":"","format":"standard","meta":{"footnotes":""},"categories":[7],"tags":[2019,2283,72,22,2231,1002,2280,2169,1867,2282,2281,2168,1109],"class_list":["post-15927","post","type-post","status-publish","format-standard","has-post-thumbnail","hentry","category-juventude","tag-arcaboucofiscal","tag-bolsas","tag-educacao","tag-greve","tag-investimento","tag-luta","tag-movestudantil","tag-nem","tag-orcamento","tag-passelivre","tag-pib","tag-ubes","tag-une"],"_links":{"self":[{"href":"https:\/\/www.cstuit.com\/home\/wp-json\/wp\/v2\/posts\/15927","targetHints":{"allow":["GET"]}}],"collection":[{"href":"https:\/\/www.cstuit.com\/home\/wp-json\/wp\/v2\/posts"}],"about":[{"href":"https:\/\/www.cstuit.com\/home\/wp-json\/wp\/v2\/types\/post"}],"author":[{"embeddable":true,"href":"https:\/\/www.cstuit.com\/home\/wp-json\/wp\/v2\/users\/1"}],"replies":[{"embeddable":true,"href":"https:\/\/www.cstuit.com\/home\/wp-json\/wp\/v2\/comments?post=15927"}],"version-history":[{"count":0,"href":"https:\/\/www.cstuit.com\/home\/wp-json\/wp\/v2\/posts\/15927\/revisions"}],"wp:featuredmedia":[{"embeddable":true,"href":"https:\/\/www.cstuit.com\/home\/wp-json\/wp\/v2\/media\/15928"}],"wp:attachment":[{"href":"https:\/\/www.cstuit.com\/home\/wp-json\/wp\/v2\/media?parent=15927"}],"wp:term":[{"taxonomy":"category","embeddable":true,"href":"https:\/\/www.cstuit.com\/home\/wp-json\/wp\/v2\/categories?post=15927"},{"taxonomy":"post_tag","embeddable":true,"href":"https:\/\/www.cstuit.com\/home\/wp-json\/wp\/v2\/tags?post=15927"}],"curies":[{"name":"wp","href":"https:\/\/api.w.org\/{rel}","templated":true}]}}