

	{"id":15948,"date":"2024-08-19T21:39:15","date_gmt":"2024-08-20T00:39:15","guid":{"rendered":"https:\/\/www.cstuit.com\/home\/?p=15948"},"modified":"2024-08-19T23:07:49","modified_gmt":"2024-08-20T02:07:49","slug":"sp-lorena-e-pre-candidata-a-servico-das-greves-e-em-defesa-do-povo-palestino","status":"publish","type":"post","link":"https:\/\/www.cstuit.com\/home\/2024\/08\/19\/sp-lorena-e-pre-candidata-a-servico-das-greves-e-em-defesa-do-povo-palestino\/","title":{"rendered":"SP | Lorena \u00e9 pr\u00e9-candidata a servi\u00e7o das greves e em defesa do povo palestino"},"content":{"rendered":"<p>As elei\u00e7\u00f5es municipais se aproximam. Em meio a um mar de propostas e candidaturas, a luta de classes se desenrola. Nossa pr\u00e9-candidata, Lorena Fernandes, representa o setor que n\u00e3o desistiu de lutar e se solidarizar com as lutas da nossa classe, participando ativamente das mobiliza\u00e7\u00f5es e<br \/>\nacompanhando presencialmente o desfecho delas.<\/p>\n<p>Lorena construiu os atos em defesa da Palestina, compareceu na greve dos trabalhadores da sa\u00fade federal, participou do ato dos trabalhadores do INSS. Ela considera absurda a pol\u00edtica de criminaliza\u00e7\u00e3o das greves, aplicada pelo governo Lula-Alckmin para garantir o lucro dos banqueiros. No marco de 10 meses da ofensiva do Estado genocida de Israel, n\u00f3s seguimos nas<br \/>\nmobiliza\u00e7\u00f5es, exigindo a ruptura das rela\u00e7\u00f5es com Israel e um cessar fogo imediato.<\/p>\n<p>Infelizmente, algumas candidaturas da esquerda preferem n\u00e3o entrar em supostas \u201cpol\u00eamicas\u201d, para n\u00e3o perder o voto de setores simp\u00e1ticos a \u201cIsrael\u201d. Guilherme Boulos, pr\u00e9-candidato a prefeito pela Frente Ampla chegou se esquivar do tema, dizendo que \u201cn\u00e3o ser\u00e1 Prefeito em Tel Aviv\u201d.<\/p>\n<p>Em contrapartida, a esquerda radical, que constr\u00f3i a pr\u00e9-candidatura de Altino Prazeres, n\u00e3o tem d\u00favidas de que lado ficar! Altino est\u00e1 a servi\u00e7o da den\u00fancia de Israel, exigindo a ruptura das rela\u00e7\u00f5es com esse Estado genocida e convoca as mobiliza\u00e7\u00f5es contra o massacre e a ocupa\u00e7\u00e3o! Altino n\u00e3o tem medo dizer: Palestina Livre! Durante o ato ocorrido em SP, no dia 28 de julho, Lorena declarou: \u201cEstamos nas ruas para dizer que exigimos do governo Lula que rompa as rela\u00e7\u00f5es pol\u00edticas, diplom\u00e1ticas, militares e econ\u00f4micas com o Estado de Israel, para isolar esse Estado genocida e por um cessar fogo imediato\u201d.<\/p>\n<p>Uma candidatura verdadeiramente comprometida com os interesses da classe trabalhadora tem que dizer que interesses vai contrariar e para quem vai governar. As pr\u00e9-candidaturas de Lorena e Altino est\u00e3o a servi\u00e7o das lutas e das greves e dizemos: \u201cAbaixo o Estado genocida de Israel! Palestina livre do rio ao mar!\u201d.<\/p>\n<p>Postado no site no dia 19\/08\/2024, 21h39.<\/p>\n","protected":false},"excerpt":{"rendered":"<p>As elei\u00e7\u00f5es municipais se aproximam. Em meio a um mar de propostas e candidaturas, a luta de classes se desenrola. Nossa pr\u00e9-candidata, Lorena Fernandes, representa o setor que n\u00e3o desistiu de lutar e se solidarizar com as lutas da nossa classe, participando ativamente das mobiliza\u00e7\u00f5es<\/p>\n","protected":false},"author":1,"featured_media":15949,"comment_status":"open","ping_status":"open","sticky":false,"template":"","format":"standard","meta":{"footnotes":""},"categories":[2302],"tags":[1595,72,24,381,1131,1386,1975,2231,2114,223,2129,2297,236,144],"class_list":["post-15948","post","type-post","status-publish","format-standard","has-post-thumbnail","hentry","category-eleicoes","tag-alternativa","tag-educacao","tag-eleicoes","tag-esquerda","tag-greves","tag-independencia","tag-independente","tag-investimento","tag-lorena","tag-palestina","tag-professora","tag-servicospublicos","tag-sp","tag-trabalhadores"],"_links":{"self":[{"href":"https:\/\/www.cstuit.com\/home\/wp-json\/wp\/v2\/posts\/15948","targetHints":{"allow":["GET"]}}],"collection":[{"href":"https:\/\/www.cstuit.com\/home\/wp-json\/wp\/v2\/posts"}],"about":[{"href":"https:\/\/www.cstuit.com\/home\/wp-json\/wp\/v2\/types\/post"}],"author":[{"embeddable":true,"href":"https:\/\/www.cstuit.com\/home\/wp-json\/wp\/v2\/users\/1"}],"replies":[{"embeddable":true,"href":"https:\/\/www.cstuit.com\/home\/wp-json\/wp\/v2\/comments?post=15948"}],"version-history":[{"count":0,"href":"https:\/\/www.cstuit.com\/home\/wp-json\/wp\/v2\/posts\/15948\/revisions"}],"wp:featuredmedia":[{"embeddable":true,"href":"https:\/\/www.cstuit.com\/home\/wp-json\/wp\/v2\/media\/15949"}],"wp:attachment":[{"href":"https:\/\/www.cstuit.com\/home\/wp-json\/wp\/v2\/media?parent=15948"}],"wp:term":[{"taxonomy":"category","embeddable":true,"href":"https:\/\/www.cstuit.com\/home\/wp-json\/wp\/v2\/categories?post=15948"},{"taxonomy":"post_tag","embeddable":true,"href":"https:\/\/www.cstuit.com\/home\/wp-json\/wp\/v2\/tags?post=15948"}],"curies":[{"name":"wp","href":"https:\/\/api.w.org\/{rel}","templated":true}]}}