

	{"id":16028,"date":"2024-09-04T18:53:45","date_gmt":"2024-09-04T21:53:45","guid":{"rendered":"https:\/\/www.cstuit.com\/home\/?p=16028"},"modified":"2024-09-04T18:53:45","modified_gmt":"2024-09-04T21:53:45","slug":"vote-na-esquerda-independente-sp","status":"publish","type":"post","link":"https:\/\/www.cstuit.com\/home\/2024\/09\/04\/vote-na-esquerda-independente-sp\/","title":{"rendered":"Vote na esquerda independente! | SP"},"content":{"rendered":"<h5 dir=\"ltr\"><strong>Professora Lorena 16160 para Vereadora de S\u00e3o Paulo. Altino e Silvana para a prefeitura 16!<\/strong><\/h5>\n<h5 dir=\"ltr\"><strong>Uma alternativa da classe trabalhadora e da juventude<\/strong><\/h5>\n<p dir=\"ltr\">A CST (Corrente Socialista de Trabalhadoras e Trabalhadores) pede seu voto para uma alternativa da esquerda independente dos patr\u00f5es e governos.<\/p>\n<p dir=\"ltr\">S\u00e3o Paulo \u00e9 a capital das desigualdades sociais. Enquanto um punhado de multimilion\u00e1rios fica com a maioria da riqueza na cidade, aumenta a pobreza e amargamos baixos sal\u00e1rios. Os mais ricos s\u00e3o os que menos pagam impostos. Temos que acabar com a farra dos rica\u00e7os e destinar a riqueza produzida em nossa cidade para o povo trabalhador.<\/p>\n<p dir=\"ltr\">Lutamos pela valoriza\u00e7\u00e3o da educa\u00e7\u00e3o e dos servi\u00e7os p\u00fablicos, pelo aumento dos sal\u00e1rios, contra todas as privatiza\u00e7\u00f5es, pela legaliza\u00e7\u00e3o do aborto e pela revoga\u00e7\u00e3o total do Novo Ensino M\u00e9dio. Batalhamos contra a in\u00e9rcia das burocracias sindicais, como da CUT, CTB e dire\u00e7\u00e3o da Apeoesp, que impedem o desenvolvimento das lutas pelos nossos direitos.<\/p>\n<p dir=\"ltr\">Para manter o Arcabou\u00e7o Fiscal (Teto de Gastos), o governo Lula \/Alckmin, pactuando com reacion\u00e1rios como Artur Lira e o Republicanos (partido de Tarc\u00edsio), cortou verbas da Sa\u00fade e Educa\u00e7\u00e3o, sancionou o Novo Ensino M\u00e9dio, ajudou Tarc\u00edsio a privatizar a Linha 7 da CPTM, declarou-se contr\u00e1rio \u00e0 legaliza\u00e7\u00e3o do aborto e criminaliza as greves de trabalhadores do servi\u00e7o p\u00fablico.<\/p>\n<p dir=\"ltr\">Apoiamos todas as lutas contra esses ataques dos governos e patr\u00f5es e defendemos um outro projeto pol\u00edtico: a constru\u00e7\u00e3o de um governo da classe trabalhadora, rumo a um Brasil socialista!<\/p>\n<h5 dir=\"ltr\"><strong>Enfrentar a extrema-direita de Ricardo Nunes e Tarc\u00edsio!<\/strong><\/h5>\n<p dir=\"ltr\">O atual prefeito Ricardo Nunes (MDB) \u00e9 apoiado por Bolsonaro e Tarc\u00edsio. Eles querem acabar com os servi\u00e7os p\u00fablicos com sua pol\u00edtica de privatiza\u00e7\u00f5es, como aconteceu recentemente com a Sabesp. As privatiza\u00e7\u00f5es representam mais precariza\u00e7\u00e3o, aumento de tarifas e abre espa\u00e7o para corrup\u00e7\u00e3o com os esquemas entre as empresas e entes p\u00fablicos, como acontece com a \u201cM\u00e1fia das Creches\u201d, pela qual Nunes est\u00e1 sendo investigado. Tamb\u00e9m recha\u00e7amos a candidatura do multimilion\u00e1rio youtuber Pablo Mar\u00e7al, porta-voz de Bolsonaro e propagador de fakenews.<\/p>\n<h5 dir=\"ltr\"><strong>A Frente Ampla de Boulos e Marta n\u00e3o \u00e9 sa\u00edda!<\/strong><\/h5>\n<p dir=\"ltr\">A Frente Ampla apresenta como uma alternativa Guilherme Boulos (PSOL) e sua vice, a ex-prefeita Marta Suplicy (PT), que h\u00e1 poucos meses era parte da prefeitura do bolsonarista Nunes. Marta se calou frente aos ataques ao servi\u00e7o p\u00fablico e quando senadora, votou a favor da Reforma Trabalhista.<\/p>\n<p dir=\"ltr\">Boulos n\u00e3o prop\u00f5e taxar os mais ricos da cidade, nem reestatizar o transporte p\u00fablico ou acabar com as OSs, que privatizam a sa\u00fade p\u00fablica.<\/p>\n<p dir=\"ltr\">\u00c9 vis\u00edvel a aus\u00eancia de Boulos nas lutas e greves, como as dos trabalhadores do Metr\u00f4, do CPTM, do servi\u00e7o p\u00fablico federal, dos educadores, ou nos atos das mulheres contra o PL 1904 e marchas em solidariedade \u00e0 resist\u00eancia palestina.<\/p>\n<p dir=\"ltr\">A Frente Ampla de Boulos chegou ao ponto de trazer para sua campanha o ex-comandante da Rota, Alexandre Gasparian. Isso \u00e9 uma afronta \u00e0 luta contra o racismo e as chacinas nas periferias!<\/p>\n<h5 dir=\"ltr\"><strong>Vote Professora Lorena 16160 &#8211; Uma Candidatura Socialista, Revolucion\u00e1ria e Feminista<\/strong><\/h5>\n<p dir=\"ltr\">A professora Lorena Fernandes, militante da CST (Corrente Socialista de Trabalhadoras e Trabalhadores) \u00e9 Conselheira licenciada da Apeoesp e uma lutadora pelas pautas de sua categoria e da educa\u00e7\u00e3o p\u00fablica. Defende os direitos das mulheres, da juventude e luta contra todas as formas de opress\u00e3o. Como militante internacionalista, apoia a resist\u00eancia Palestina contra o genoc\u00eddio de Israel.<\/p>\n<h5 dir=\"ltr\"><strong>Vote 16: Altino Metrovi\u00e1rio e Silvana para prefeitura de S\u00e3o Paulo<\/strong><\/h5>\n<p dir=\"ltr\">O companheiro Altino (PSTU), \u00e9 nosso candidato a prefeito e tem uma larga trajet\u00f3ria de lutas como dirigente metrovi\u00e1rio. A companheira Silvana \u00e9 uma lutadora pelo direito \u00e0 moradia. Essa chapa se apresenta com total independ\u00eancia e defende os direitos da classe trabalhadora contra os ataques dos governos e dos patr\u00f5es.<\/p>\n<h4 dir=\"ltr\"><strong>Por uma S\u00e3o Paulo a servi\u00e7o da popula\u00e7\u00e3o trabalhadora:<\/strong><\/h4>\n<ul>\n<li dir=\"ltr\" role=\"presentation\">Enfrentar o Arcabou\u00e7o Fiscal do governo Lula\/Alckmin. Fim da LRF \u2013 Lei de Responsabilidade Fiscal, que corta investimentos nas \u00e1reas sociais.<\/li>\n<li dir=\"ltr\" role=\"presentation\">Contra as privatiza\u00e7\u00f5es! N\u00e3o \u00e0 privatiza\u00e7\u00e3o da Sabesp, Metr\u00f4, CPTM! Fim das OSs na sa\u00fade! Reestatiza\u00e7\u00e3o dos servi\u00e7os privatizados como a ENEL!<\/li>\n<li dir=\"ltr\" role=\"presentation\">N\u00e3o \u00e0 militariza\u00e7\u00e3o e privatiza\u00e7\u00e3o nas escolas! Verbas para a educa\u00e7\u00e3o: sal\u00e1rio, carreira, nomea\u00e7\u00e3o, efetiva\u00e7\u00e3o e estrutura! Revoga\u00e7\u00e3o do NEM!<\/li>\n<li dir=\"ltr\" role=\"presentation\">Revoga\u00e7\u00e3o das reformas da Previd\u00eancia e do Sampaprev!<\/li>\n<li dir=\"ltr\" role=\"presentation\">Por transporte estatal e gratuito! Passe-livre j\u00e1!<\/li>\n<li dir=\"ltr\" role=\"presentation\">Contra a especula\u00e7\u00e3o imobili\u00e1ria e as remo\u00e7\u00f5es! IPTU progressivo! Taxa\u00e7\u00e3o dos donos das mans\u00f5es! Moradia para os sem-teto e redu\u00e7\u00e3o dos pre\u00e7os dos alugu\u00e9is!<\/li>\n<li dir=\"ltr\" role=\"presentation\">Contra o racismo! Fim da PM e das chacinas nas favelas! Pela legaliza\u00e7\u00e3o das drogas e n\u00e3o encarceramento da juventude negra!<\/li>\n<li dir=\"ltr\" role=\"presentation\">N\u00e3o ao PL1904\/24. Aborto legal, seguro e gratuito, garantido pelo SUS! Reabertura dos servi\u00e7os de aborto do Hospital Nova Cachoeirinha!<\/li>\n<li dir=\"ltr\" role=\"presentation\">Verbas para combater a viol\u00eancia de g\u00eanero, o racismo e a LGBTQIA+fobia!<\/li>\n<li dir=\"ltr\" role=\"presentation\">Combater nas ruas a extrema-direita bolsonarista! Pris\u00e3o e confisco de bens dos golpistas e genocidas!<\/li>\n<li dir=\"ltr\" role=\"presentation\">Emerg\u00eancia clim\u00e1tica e ambiental j\u00e1! Expropriar as multinacionais poluidoras! Fim do Plano Safra! Verbas para agricultura familiar e povos ind\u00edgenas!<\/li>\n<li dir=\"ltr\" role=\"presentation\">Por bandej\u00e3o nas FATEC! Redu\u00e7\u00e3o das mensalidades nas universidades pagas! Diminuir as filas no bandej\u00e3o da USP! Em defesa dos moradores do CRUSP!<\/li>\n<li dir=\"ltr\" role=\"presentation\">Governar S\u00e3o Paulo com Conselhos Populares que decidam o destino de 100% do Or\u00e7amento!<\/li>\n<\/ul>\n","protected":false},"excerpt":{"rendered":"<p>Professora Lorena 16160 para Vereadora de S\u00e3o Paulo. Altino e Silvana para a prefeitura 16! Uma alternativa da classe trabalhadora e da juventude A CST (Corrente Socialista de Trabalhadoras e Trabalhadores) pede seu voto para uma alternativa da esquerda independente dos patr\u00f5es e governos. S\u00e3o<\/p>\n","protected":false},"author":1,"featured_media":16031,"comment_status":"open","ping_status":"open","sticky":false,"template":"","format":"standard","meta":{"footnotes":""},"categories":[2302],"tags":[24],"class_list":["post-16028","post","type-post","status-publish","format-standard","has-post-thumbnail","hentry","category-eleicoes","tag-eleicoes"],"_links":{"self":[{"href":"https:\/\/www.cstuit.com\/home\/wp-json\/wp\/v2\/posts\/16028","targetHints":{"allow":["GET"]}}],"collection":[{"href":"https:\/\/www.cstuit.com\/home\/wp-json\/wp\/v2\/posts"}],"about":[{"href":"https:\/\/www.cstuit.com\/home\/wp-json\/wp\/v2\/types\/post"}],"author":[{"embeddable":true,"href":"https:\/\/www.cstuit.com\/home\/wp-json\/wp\/v2\/users\/1"}],"replies":[{"embeddable":true,"href":"https:\/\/www.cstuit.com\/home\/wp-json\/wp\/v2\/comments?post=16028"}],"version-history":[{"count":0,"href":"https:\/\/www.cstuit.com\/home\/wp-json\/wp\/v2\/posts\/16028\/revisions"}],"wp:featuredmedia":[{"embeddable":true,"href":"https:\/\/www.cstuit.com\/home\/wp-json\/wp\/v2\/media\/16031"}],"wp:attachment":[{"href":"https:\/\/www.cstuit.com\/home\/wp-json\/wp\/v2\/media?parent=16028"}],"wp:term":[{"taxonomy":"category","embeddable":true,"href":"https:\/\/www.cstuit.com\/home\/wp-json\/wp\/v2\/categories?post=16028"},{"taxonomy":"post_tag","embeddable":true,"href":"https:\/\/www.cstuit.com\/home\/wp-json\/wp\/v2\/tags?post=16028"}],"curies":[{"name":"wp","href":"https:\/\/api.w.org\/{rel}","templated":true}]}}