

	{"id":16072,"date":"2024-09-16T13:04:06","date_gmt":"2024-09-16T16:04:06","guid":{"rendered":"https:\/\/www.cstuit.com\/home\/?p=16072"},"modified":"2024-09-19T10:39:36","modified_gmt":"2024-09-19T13:39:36","slug":"abaixo-assinado-no-brasil-para-a-campanha-basta-de-repressao-na-venezuela","status":"publish","type":"post","link":"https:\/\/www.cstuit.com\/home\/2024\/09\/16\/abaixo-assinado-no-brasil-para-a-campanha-basta-de-repressao-na-venezuela\/","title":{"rendered":"Abaixo assinado no Brasil para a Campanha Basta de repress\u00e3o na Venezuela"},"content":{"rendered":"<h1 class=\"western\"><span style=\"color: #222222;\"><span style=\"font-family: Arial, Helvetica, sans-serif;\"><span style=\"font-size: medium;\">Estamos realizando uma ampla campanha pela liberdade dos presos pol\u00edticos na Venezuela e contra a repress\u00e3o e autoritarismo do governo Maduro. No texto h\u00e1 um abaixo-assinado unificado que divulgamos em todas as se\u00e7\u00f5es da UIT-QI (Unidade Internacional de Trabalhadores &#8211; Quarta Internacional). <\/span><\/span><\/span><span style=\"color: #222222;\"><span style=\"font-family: Arial, Helvetica, sans-serif;\"><span style=\"font-size: medium;\">\u00c9\u00a0 uma campanha independente, classista e unit\u00e1ria, que se diferencia da oposi\u00e7\u00e3o burguesa e pro imperialista de Maria Corina Machado. O texto na \u00edntegra <a href=\"https:\/\/www.cstuit.com\/home\/2024\/09\/11\/venezuela-campanha-basta-de-repressao\/\">pode ser lido aqui<\/a>. O direto de livre manifesta\u00e7\u00e3o \u00e9 uma liberdade democr\u00e1tica fundamental. Novas assinaturas de dirigentes, militantes, organiza\u00e7\u00f5es, sindicatos e entidades populares do Brasil ser\u00e3o inseridas brevemente.<\/span><\/span><\/span><\/h1>\n<h1 class=\"western\"><span style=\"color: #222222;\"><span style=\"font-family: Arial, Helvetica, sans-serif;\"><span style=\"font-size: medium;\">Participam da campanha na Venezuela: Comit\u00ea de Familiares e Amigos pela Liberdade dos Trabalhadores Presos, Partido P\u00e1tria para Todos (PPT-APR), Liga dos Trabalhadores pelo Socialismo (LTS), Luta de Classes, Marea Socialista, en Com\u00fan. Partido Comunista da Venezuela (PCV), Partido Socialismo e Liberdade (PSL), Mulheres em Luta e P\u00e3o e Rosas Venezuela.<\/span><\/span><\/span><\/h1>\n<h4 class=\"western\"><\/h4>\n<h4 class=\"western\"><strong><span style=\"color: #222222;\"><span style=\"font-family: Arial, Helvetica, sans-serif;\"><span style=\"font-size: medium;\">J\u00e1 assinam o abaixo-assinado no Brasil\u00a0<\/span><\/span><\/span><\/strong><\/h4>\n<h4 dir=\"auto\" style=\"color: #222222; font-family: Arial, Helvetica, sans-serif; font-size: small;\"><strong>\u00a0I-Sindicatos e centrais:<\/strong><\/h4>\n<h4 dir=\"auto\" style=\"color: #222222; font-family: Arial, Helvetica, sans-serif; font-size: small;\"><strong>1- <\/strong>CSP-CONLUTAS (Central Sindical e Popular)<\/h4>\n<h4 dir=\"auto\" style=\"color: #222222; font-family: Arial, Helvetica, sans-serif; font-size: small;\"><strong>II- organiza\u00e7\u00f5es:<\/strong><\/h4>\n<h4 dir=\"auto\" style=\"color: #222222; font-family: Arial, Helvetica, sans-serif; font-size: small;\">1- PCBR, Partido Comunista Brasileiro Revolucion\u00e1rio.<\/h4>\n<h4 dir=\"auto\" style=\"color: #222222; font-family: Arial, Helvetica, sans-serif; font-size: small;\">2- SoB, Socialismo ou Barb\u00e1rie<\/h4>\n<h4 dir=\"auto\" style=\"color: #222222; font-family: Arial, Helvetica, sans-serif; font-size: small;\">3- LSR, Liberdade, Socialismo e Revolu\u00e7\u00e3o, se\u00e7\u00e3o brasileira da ASI (Alternativa Socialista Internacional).<\/h4>\n<h4 dir=\"auto\" style=\"color: #222222; font-family: Arial, Helvetica, sans-serif; font-size: small;\">4- PSTU, Partido Socialista dos Trabalhadores Unificado<\/h4>\n<h4 dir=\"auto\" style=\"color: #222222; font-family: Arial, Helvetica, sans-serif; font-size: small;\">5- MES, Movimento Esquerda Socialista &#8211; PSOL.<\/h4>\n<h4 dir=\"auto\" style=\"color: #222222; font-family: Arial, Helvetica, sans-serif; font-size: small;\">6- Revolu\u00e7\u00e3o Socialista &#8211; PSOL<\/h4>\n<h4 dir=\"auto\" style=\"color: #222222; font-family: Arial, Helvetica, sans-serif; font-size: small;\">7- Movimento Revolucion\u00e1rio Socialista &#8211; MRS<\/h4>\n<h4 dir=\"auto\" style=\"color: #222222; font-family: Arial, Helvetica, sans-serif; font-size: small;\">8-Emancipa\u00e7\u00e3o Socialista<\/h4>\n<h4 dir=\"auto\" style=\"color: #222222; font-family: Arial, Helvetica, sans-serif; font-size: small;\">9-\u00a0CST, Corrente Socialista de Trabalhadoras e Trabalhadores\u00a0(Se\u00e7\u00e3o no Brasil da UIT-QI)<\/h4>\n<h4 dir=\"auto\" style=\"color: #222222; font-family: Arial, Helvetica, sans-serif; font-size: small;\"><strong>III &#8211; Dirigentes, parlamentares e militantes\u00a0<\/strong><\/h4>\n<h4 dir=\"auto\" style=\"color: #222222; font-family: Arial, Helvetica, sans-serif; font-size: small;\">1- Marco Antonio Perruso (Trog) professor da UFRRJ<\/h4>\n<h4 dir=\"auto\" style=\"color: #222222; font-family: Arial, Helvetica, sans-serif; font-size: small;\">2- Renato Assad, dirigente SoB.<\/h4>\n<h4 dir=\"auto\" style=\"color: #222222; font-family: Arial, Helvetica, sans-serif; font-size: small;\">3- Z\u00e9 Maria, presidente do PSTU<\/h4>\n<h4 dir=\"auto\" style=\"color: #222222; font-family: Arial, Helvetica, sans-serif; font-size: small;\">4- Barbara Sinedino, coordena\u00e7\u00e3o da CST e candidata a vereadora no RJ<\/h4>\n<h4 dir=\"auto\" style=\"color: #222222; font-family: Arial, Helvetica, sans-serif; font-size: small;\">5- Lorena Fernandes, diretora licenciada da APEOESP e candidata a vereadora em SP<\/h4>\n<h4 dir=\"auto\" style=\"color: #222222; font-family: Arial, Helvetica, sans-serif; font-size: small;\">6- Andressa Rocha, coordena\u00e7\u00e3o da CST MG e candidata a vereadora em BH<\/h4>\n<h4 dir=\"auto\" style=\"color: #222222; font-family: Arial, Helvetica, sans-serif; font-size: small;\">7- Jeane Carla, coordena\u00e7\u00e3o da Juventude Vamos a luta e candidata a vereadora em Uberl\u00e2ndia.<\/h4>\n<h4 dir=\"auto\" style=\"color: #222222; font-family: Arial, Helvetica, sans-serif; font-size: small;\">8- Bab\u00e1, coordena\u00e7\u00e3o nacional da CST<\/h4>\n<h4 dir=\"auto\" style=\"color: #222222; font-family: Arial, Helvetica, sans-serif; font-size: small;\">9- Adriano Dias, CSP Conlutas RJ e oposi\u00e7\u00e3o correios<\/h4>\n<h4 dir=\"auto\" style=\"color: #222222; font-family: Arial, Helvetica, sans-serif; font-size: small;\">10- Diego Vitello, Diretor do sindicato dos metrovi\u00e1rios e da SEN da CSP Conlutas.<\/h4>\n<h4 dir=\"auto\" style=\"color: #222222; font-family: Arial, Helvetica, sans-serif; font-size: small;\">11- Alessandra Dias, coordena\u00e7\u00e3o do Sintuff<\/h4>\n<h4 dir=\"auto\" style=\"color: #222222; font-family: Arial, Helvetica, sans-serif; font-size: small;\">12- Bernarda Thailania Ferreira Gomes, coordena\u00e7\u00e3o do Sintuff<\/h4>\n<h4 dir=\"auto\" style=\"color: #222222; font-family: Arial, Helvetica, sans-serif; font-size: small;\">13- Lucyene Almeida de Faria Brito, coordena\u00e7\u00e3o do Sintuff<\/h4>\n<h4 dir=\"auto\" style=\"color: #222222; font-family: Arial, Helvetica, sans-serif; font-size: small;\">14- Eduardo Mariani, coordena\u00e7\u00e3o do SEPE centra<\/h4>\n<h4 dir=\"auto\" style=\"color: #222222; font-family: Arial, Helvetica, sans-serif; font-size: small;\">15- Fernanda Melchionna (diputada federal \/ PSOL Rio Grande do Sul)<\/h4>\n<h4 dir=\"auto\" style=\"color: #222222; font-family: Arial, Helvetica, sans-serif; font-size: small;\">16- S\u00e2mia Bomfim (diputada federal \/ PSOL S\u00e3o Paulo)<\/h4>\n<h4 dir=\"auto\" style=\"color: #222222; font-family: Arial, Helvetica, sans-serif; font-size: small;\">17- Vivi Reis (exdiputada federal\/PSOL Par\u00e1)<\/h4>\n<h4 dir=\"auto\" style=\"color: #222222; font-family: Arial, Helvetica, sans-serif; font-size: small;\">18-Luciana Genro (diputada estatal \/ Presidenta de la Fundaci\u00f3n Lauro Campos y Marielle Franco &#8211; PSOL Rio Grande do Sul)<\/h4>\n<h4 dir=\"auto\" style=\"color: #222222; font-family: Arial, Helvetica, sans-serif; font-size: small;\">19-Mariana Riscali (Ejecutiva Nacional PSOL &#8211; Fundaci\u00f3n Lauro Campos<\/h4>\n<h4 dir=\"auto\" style=\"color: #222222; font-family: Arial, Helvetica, sans-serif; font-size: small;\">20- Josemar Carvalho (diputado estatal \/ PSOL R\u00edo de Janeiro)<\/h4>\n<h4 dir=\"auto\" style=\"color: #222222; font-family: Arial, Helvetica, sans-serif; font-size: small;\">21-M\u00f4nica Seixas (diputada estatal \/ PSOL S\u00e3o Paulo)<\/h4>\n<h4 dir=\"auto\" style=\"color: #222222; font-family: Arial, Helvetica, sans-serif; font-size: small;\">22- Camila Valad\u00e3o (diputada estatal \/ PSOL ES)<\/h4>\n<h4 dir=\"auto\" style=\"color: #222222; font-family: Arial, Helvetica, sans-serif; font-size: small;\">23-F\u00e1bio F\u00e9lix (diputado de distrito \/ PSOL DF)<\/h4>\n<h4 dir=\"auto\" style=\"color: #222222; font-family: Arial, Helvetica, sans-serif; font-size: small;\">24- Roberto Robaina (DN PSOL \/ concejal \/ PSOL Porto Alegre)<\/h4>\n<h4 dir=\"auto\" style=\"color: #222222; font-family: Arial, Helvetica, sans-serif; font-size: small;\">25- Luana Alves (concejal \/ PSOL S\u00e3o Paulo)<\/h4>\n<h4 dir=\"auto\" style=\"color: #222222; font-family: Arial, Helvetica, sans-serif; font-size: small;\">26- Mariana Conti (concejal\/PSOL Campinas)<\/h4>\n<h4 dir=\"auto\" style=\"color: #222222; font-family: Arial, Helvetica, sans-serif; font-size: small;\">27-Israel Dutra (Ejecutivo Nacional del PSOL)<\/h4>\n<h4 dir=\"auto\" style=\"color: #222222; font-family: Arial, Helvetica, sans-serif; font-size: small;\">28-Jurandir Silva (concejal \/ Presidente estatal de RS\/PSOL Pelotas)<\/h4>\n<h4 dir=\"auto\" style=\"color: #222222; font-family: Arial, Helvetica, sans-serif; font-size: small;\">29-Danilo Serafim (Director de TLS Sindical)<\/h4>\n<h4 dir=\"auto\" style=\"color: #222222; font-family: Arial, Helvetica, sans-serif; font-size: small;\">30-Pedro Fuentes (Direcci\u00f3n Nacional del MES &#8211; Comisi\u00f3n Internacional)<\/h4>\n<h4 dir=\"auto\" style=\"color: #222222; font-family: Arial, Helvetica, sans-serif; font-size: small;\">31- Giulia Tadini (Presidenta del PSOL DF)<\/h4>\n<h4 dir=\"auto\" style=\"color: #222222; font-family: Arial, Helvetica, sans-serif; font-size: small;\">32- Bruno Magalh\u00e3es (Direcci\u00f3n Nacional del MES &#8211; Comisi\u00f3n Internacional)<\/h4>\n<h4 dir=\"auto\" style=\"color: #222222; font-family: Arial, Helvetica, sans-serif; font-size: small;\">33- Jo\u00e3o Pedro de Paula (Ejecutivo Nacional UNE)<\/h4>\n<h4 dir=\"auto\" style=\"color: #222222; font-family: Arial, Helvetica, sans-serif; font-size: small;\">34- Claudemir Novais (Director Nacional del MES y dirigente campesino y popular)<\/h4>\n<p>35- Reynaldo Costa (Presidente del PSOL Maranh\u00e3o y l\u00edder campesino)<\/p>\n<div dir=\"auto\" style=\"color: #222222; font-family: Arial, Helvetica, sans-serif; font-size: small;\">36- Antonio Neto, Psol Rio Grande do Sul e Membro da Comiss\u00e3o Internacional do MES.<\/div>\n<h4 dir=\"auto\" style=\"color: #222222; font-family: Arial, Helvetica, sans-serif; font-size: small;\">37- Plinio de Arruda Sampaio Jr, editor do contrapoder<\/h4>\n<h4 dir=\"auto\" style=\"color: #222222; font-family: Arial, Helvetica, sans-serif; font-size: small;\">38- Vereadora Silvia Let\u00edcia (PSOL &#8211; Bel\u00e9m)<\/h4>\n<p>&nbsp;<\/p>\n<div dir=\"auto\" style=\"color: #222222; font-family: Arial, Helvetica, sans-serif; font-size: small;\"><\/div>\n<div dir=\"auto\" style=\"color: #222222; font-family: Arial, Helvetica, sans-serif; font-size: small;\"><\/div>\n","protected":false},"excerpt":{"rendered":"<p>Estamos realizando uma ampla campanha pela liberdade dos presos pol\u00edticos na Venezuela e contra a repress\u00e3o e autoritarismo do governo Maduro. No texto h\u00e1 um abaixo-assinado unificado que divulgamos em todas as se\u00e7\u00f5es da UIT-QI (Unidade Internacional de Trabalhadores &#8211; Quarta Internacional). \u00c9\u00a0 uma campanha<\/p>\n","protected":false},"author":1,"featured_media":16052,"comment_status":"open","ping_status":"open","sticky":false,"template":"","format":"standard","meta":{"footnotes":""},"categories":[6],"tags":[],"class_list":["post-16072","post","type-post","status-publish","format-standard","has-post-thumbnail","hentry","category-internacional"],"_links":{"self":[{"href":"https:\/\/www.cstuit.com\/home\/wp-json\/wp\/v2\/posts\/16072","targetHints":{"allow":["GET"]}}],"collection":[{"href":"https:\/\/www.cstuit.com\/home\/wp-json\/wp\/v2\/posts"}],"about":[{"href":"https:\/\/www.cstuit.com\/home\/wp-json\/wp\/v2\/types\/post"}],"author":[{"embeddable":true,"href":"https:\/\/www.cstuit.com\/home\/wp-json\/wp\/v2\/users\/1"}],"replies":[{"embeddable":true,"href":"https:\/\/www.cstuit.com\/home\/wp-json\/wp\/v2\/comments?post=16072"}],"version-history":[{"count":0,"href":"https:\/\/www.cstuit.com\/home\/wp-json\/wp\/v2\/posts\/16072\/revisions"}],"wp:featuredmedia":[{"embeddable":true,"href":"https:\/\/www.cstuit.com\/home\/wp-json\/wp\/v2\/media\/16052"}],"wp:attachment":[{"href":"https:\/\/www.cstuit.com\/home\/wp-json\/wp\/v2\/media?parent=16072"}],"wp:term":[{"taxonomy":"category","embeddable":true,"href":"https:\/\/www.cstuit.com\/home\/wp-json\/wp\/v2\/categories?post=16072"},{"taxonomy":"post_tag","embeddable":true,"href":"https:\/\/www.cstuit.com\/home\/wp-json\/wp\/v2\/tags?post=16072"}],"curies":[{"name":"wp","href":"https:\/\/api.w.org\/{rel}","templated":true}]}}