

	{"id":16172,"date":"2024-09-29T21:16:42","date_gmt":"2024-09-30T00:16:42","guid":{"rendered":"https:\/\/www.cstuit.com\/home\/?p=16172"},"modified":"2024-09-29T21:16:42","modified_gmt":"2024-09-30T00:16:42","slug":"por-um-programa-revolucionario-para-a-juventude-nessas-eleicoes","status":"publish","type":"post","link":"https:\/\/www.cstuit.com\/home\/2024\/09\/29\/por-um-programa-revolucionario-para-a-juventude-nessas-eleicoes\/","title":{"rendered":"Por um programa revolucion\u00e1rio para a juventude nessas elei\u00e7\u00f5es!"},"content":{"rendered":"<p><em>A vida da juventude tem piorado. Empregos sem direitos, sal\u00e1rios baixos, escala 6\u00d71. Novo Ensino M\u00e9dio, cortes na educa\u00e7\u00e3o, assist\u00eancia estudantil irris\u00f3ria. Chacinas e opera\u00e7\u00f5es nas favelas, LGBTQIA+fobia, feminic\u00eddio. N\u00f3s, da Juventude Vamos \u00e0 Luta e da CST, apresentamos, para as elei\u00e7\u00f5es que se aproximam, e para as nossas lutas, um programa para mudar radicalmente a vida da juventude. \u00c9 isso que defendemos, e seguiremos defendendo! Vem batalhar por essas ideias com a gente!<\/em><\/p>\n<p>&nbsp;<\/p>\n<p><b>Educa\u00e7\u00e3o\u00a0<\/b><\/p>\n<p>Lutamos pela revoga\u00e7\u00e3o imediata e completa do NEM, o projeto aprovado \u00e9 apenas um remendo. Batalhamos contra os planos da extrema direita para a educa\u00e7\u00e3o: Fora Nikolas Ferreira da Comiss\u00e3o de Educa\u00e7\u00e3o e o fechamento de salas, privatiza\u00e7\u00e3o e militariza\u00e7\u00e3o de Tarc\u00edsio! Abaixo aos reitores interventores! Reitor eleito, reitor empossado!<\/p>\n<p>A educa\u00e7\u00e3o precisa de investimentos: fim do Arcabou\u00e7o Fiscal e das parcerias p\u00fablico-privadas nas escolas, n\u00e3o ao pagamento da D\u00edvida P\u00fablica, contra os cortes e que os 10% do PIB sejam revertidos para a educa\u00e7\u00e3o! Defendemos aumento do valor do P\u00e9 de Meia, amplia\u00e7\u00e3o das bolsas de pesquisa e extens\u00e3o nas escolas, reajuste de todas as bolsas com reposi\u00e7\u00e3o das perdas inflacion\u00e1rias, que todos os est\u00e1gios sejam dignamente remunerados, mesmo os obrigat\u00f3rios e passe livre j\u00e1 para toda a juventude! Para lutar por tudo isso, precisamos de entidades combativas e independentes dos governos, reitorias e diretorias! Por novas dire\u00e7\u00f5es para a UNE, UBES e ANPG!<\/p>\n<p><b>Trabalho\u00a0<\/b><\/p>\n<p>Os capitalistas jogam a conta da crise em nossas costas e os governos servem \u00e0 precariza\u00e7\u00e3o do trabalho, regulamentando a informalidade, por isso defendemos: fim da escala 6\u00d71, chega de uberiza\u00e7\u00e3o, superexplora\u00e7\u00e3o e informalidade! Remunera\u00e7\u00e3o de pelo menos um sal\u00e1rio m\u00ednimo no Menor Aprendiz, n\u00e3o ao trabalho gratuito das empresas privadas que fazem parceria com os estados e prefeituras para nos explorar! N\u00e3o ao projeto do trabalho infantil! Avan\u00e7aremos com unidade oper\u00e1rio-estudantil: unidade das lutas da juventude com a classe trabalhadora!<\/p>\n<p><b>Ambiental<\/b><\/p>\n<p>Hoje temos uma luta central: o direito ao futuro para n\u00f3s que somos jovens, n\u00e3o existe planeta B! A COP30 \u00e9 uma farsa que n\u00e3o pode ser realizada no Brasil; exigimos que se declare emerg\u00eancia clim\u00e1tica j\u00e1! Os capitalistas e governos s\u00e3o respons\u00e1veis, por mobiliza\u00e7\u00f5es permanentes para enfrent\u00e1-los: juventude nas ruas contra a cat\u00e1strofe ambiental capitalista!<\/p>\n<p><b>Sa\u00fade mental<\/b><\/p>\n<p>N\u00f3s somos a gera\u00e7\u00e3o com maior incid\u00eancia de depress\u00e3o, ansiedade e adoecidas mentalmente, precisamos lutar contra as causas desse adoecimento da juventude. Para isso, reivindicamos: fortalecimento do SUS, enfrentamento \u00e0s opress\u00f5es e ao bullying nas escolas!\u00a0 Pelo direito ao lazer sem repress\u00e3o! N\u00e3o podemos pagar a conta da crise!<\/p>\n<p>Por redes de apoio \u00e0 sa\u00fade mental em todas as escolas!<\/p>\n<p><b>Antirracista<\/b><\/p>\n<p>Os jovens negros e de quebrada sentem na pele a persegui\u00e7\u00e3o, racismo e tentativa de sequestro do futuro e sonhos. Para garantir uma cidade antirracista, defendemos: Direito ao lazer! Contra a repress\u00e3o policial nos bailes de favela! Pela legaliza\u00e7\u00e3o das drogas e pelo fim do encarceramento e das chacinas contra a juventude negra! Fim da PM! Contra a interna\u00e7\u00e3o compuls\u00f3ria de pessoas em situa\u00e7\u00e3o de rua e\/ou usu\u00e1rios de \u00e1lcool e outras drogas!<\/p>\n<p><b>Mulheres<\/b><\/p>\n<p>As meninas e mulheres jovens sentem ainda mais profundamente a crise capitalista: temos mais estudos e estamos nos piores trampos ou somos as primeiras a ser demitidas. Somos assediadas e vivemos com medo no trabalho, escolas e universidades. Precisamos de garantias para estudar, trabalhar e circular pela cidade em paz: Por pol\u00edticas de enfrentamento ao ass\u00e9dio sexual e moral nas escolas e universidades!. Al\u00e9m disso, exigimos: Educa\u00e7\u00e3o sexual nas escolas j\u00e1! Com perspectiva de g\u00eanero! Crian\u00e7a n\u00e3o \u00e9 m\u00e3e! Parem de violentar e impedir que meninas abortem legalmente! Seguir nas ruas pela legaliza\u00e7\u00e3o do aborto!Distribui\u00e7\u00e3o de absorventes em todas as escolas!<\/p>\n<p><b>Dissid\u00eancias<\/b><\/p>\n<p>Os LGBTQIA+ s\u00e3o diariamente expulsos das escolas e universidades e obrigados a se esconder no trabalho. No caso das pessoas trans, evadem desde muito cedo e s\u00e3o jogades para os piores postos de trabalho e, frequentemente, para a prostitui\u00e7\u00e3o. Assim, exigimos: enfrentamento \u00e0 LGBTQIA+ nas escolas! Os governos s\u00e3o respons\u00e1veis pelas nossas mortes e inseguran\u00e7a, \u00e9 preciso garantir melhores condi\u00e7\u00f5es! Ter documentos com a identidade de g\u00eanero respeitada e sem marginaliza\u00e7\u00e3o de sexualidades dissidentes \u00e9 condi\u00e7\u00e3o basal para a dignidade: Por respeito ao nome social nas escolas e universidades sem necessidade de autoriza\u00e7\u00e3o dos respons\u00e1veis; pela garantia de retifica\u00e7\u00e3o do g\u00eanero tamb\u00e9m fora da binariedade; por exclus\u00e3o completa dos termos \u201cpai\u201d e \u201cm\u00e3e\u201d dos documentos oficiais e troca por \u201cfilia\u00e7\u00e3o\u201d (para assegurar os direitos de fam\u00edlias compostas por LGBTs); por forma\u00e7\u00e3o continuada de trabalhadores da educa\u00e7\u00e3o para acesso da escola de maneira plena; por programas de enfrentamento \u00e0 LGBTfobia nas escolas e universidades. Seguir o exemplo da UFMG: cotas para pessoas trans e travestis em escolas t\u00e9cnicas, universidades e concursos!<\/p>\n<p><b>Socialismo e antimperialismo<\/b><\/p>\n<p>Por um governo da classe trabalhadora e da juventude pobre, sem patr\u00f5es!<\/p>\n<p>Contra a fraude na Venezuela! O povo deve escolher quem governa!<\/p>\n<p>Todo apoio \u00e0 rebeli\u00e3o de trabalhadores e juventude de Bangladesh, que derrubou o governo! Por uma Bangladesh socialista!<\/p>\n<p>Pelo fim do genoc\u00eddio operado por Israel e orquestrado pelo imperialismo! Por uma Palestina livre, laica, democr\u00e1tica e n\u00e3o racista!<\/p>\n<p>Enfrentar a extrema direita no Brasil e\u00a0 no mundo!<\/p>\n<p>Todo apoio \u00e0 luta da juventude argentina contra Milei!<\/p>\n","protected":false},"excerpt":{"rendered":"<p>A vida da juventude tem piorado. Empregos sem direitos, sal\u00e1rios baixos, escala 6\u00d71. Novo Ensino M\u00e9dio, cortes na educa\u00e7\u00e3o, assist\u00eancia estudantil irris\u00f3ria. Chacinas e opera\u00e7\u00f5es nas favelas, LGBTQIA+fobia, feminic\u00eddio. N\u00f3s, da Juventude Vamos \u00e0 Luta e da CST, apresentamos, para as elei\u00e7\u00f5es que se aproximam,<\/p>\n","protected":false},"author":1,"featured_media":16173,"comment_status":"open","ping_status":"open","sticky":false,"template":"","format":"standard","meta":{"footnotes":""},"categories":[7],"tags":[1495,2342,2340,2179,24,799,57,2117,1400,2341,1152,1108],"class_list":["post-16172","post","type-post","status-publish","format-standard","has-post-thumbnail","hentry","category-juventude","tag-ambiental","tag-antimperialismo","tag-antirracista","tag-dissidencias","tag-eleicoes","tag-juventude","tag-mulheres","tag-propostas","tag-revolucionario","tag-saudemental","tag-socialismo","tag-trabalho"],"_links":{"self":[{"href":"https:\/\/www.cstuit.com\/home\/wp-json\/wp\/v2\/posts\/16172","targetHints":{"allow":["GET"]}}],"collection":[{"href":"https:\/\/www.cstuit.com\/home\/wp-json\/wp\/v2\/posts"}],"about":[{"href":"https:\/\/www.cstuit.com\/home\/wp-json\/wp\/v2\/types\/post"}],"author":[{"embeddable":true,"href":"https:\/\/www.cstuit.com\/home\/wp-json\/wp\/v2\/users\/1"}],"replies":[{"embeddable":true,"href":"https:\/\/www.cstuit.com\/home\/wp-json\/wp\/v2\/comments?post=16172"}],"version-history":[{"count":0,"href":"https:\/\/www.cstuit.com\/home\/wp-json\/wp\/v2\/posts\/16172\/revisions"}],"wp:featuredmedia":[{"embeddable":true,"href":"https:\/\/www.cstuit.com\/home\/wp-json\/wp\/v2\/media\/16173"}],"wp:attachment":[{"href":"https:\/\/www.cstuit.com\/home\/wp-json\/wp\/v2\/media?parent=16172"}],"wp:term":[{"taxonomy":"category","embeddable":true,"href":"https:\/\/www.cstuit.com\/home\/wp-json\/wp\/v2\/categories?post=16172"},{"taxonomy":"post_tag","embeddable":true,"href":"https:\/\/www.cstuit.com\/home\/wp-json\/wp\/v2\/tags?post=16172"}],"curies":[{"name":"wp","href":"https:\/\/api.w.org\/{rel}","templated":true}]}}