

	{"id":16719,"date":"2025-01-23T17:02:38","date_gmt":"2025-01-23T20:02:38","guid":{"rendered":"https:\/\/www.cstuit.com\/home\/?p=16719"},"modified":"2025-01-23T17:02:46","modified_gmt":"2025-01-23T20:02:46","slug":"80-anos-da-libertacao-de-auschwitz-um-mundo-com-novos-genocidios","status":"publish","type":"post","link":"https:\/\/www.cstuit.com\/home\/2025\/01\/23\/80-anos-da-libertacao-de-auschwitz-um-mundo-com-novos-genocidios\/","title":{"rendered":"80 anos da liberta\u00e7\u00e3o de Auschwitz: um mundo com novos genoc\u00eddios"},"content":{"rendered":"<p><em>Por Miguel Lamas, dirigente da UIT-QI<\/em><\/p>\n<p>&nbsp;<\/p>\n<p>Entre 1940 e 1945, cerca de 1,1 milh\u00e3o de pessoas morreram em Auschwitz-Birkenau, o maior campo de exterm\u00ednio da hist\u00f3ria da humanidade. As c\u00e2maras de g\u00e1s e os cremat\u00f3rios matavam at\u00e9 5.000 pessoas por dia. A maioria delas eram judeus, mas tamb\u00e9m havia militantes de esquerda, prostitutas, homossexuais, prisioneiros de guerra de outros pa\u00edses e assim por diante.<\/p>\n<p>O campo de concentra\u00e7\u00e3o ficava na Pol\u00f4nia, ocupada pela Alemanha nazista naqueles anos da Segunda Guerra Mundial. Os prisioneiros eram transportados em vag\u00f5es de gado lotados, com at\u00e9 oitenta pessoas cada, a partir da It\u00e1lia, da Fran\u00e7a, da Hungria, do B\u00e1ltico, da Alemanha e da Pol\u00f4nia. Finalmente, em 27 de janeiro de 1945, o Ex\u00e9rcito Sovi\u00e9tico libertou Auschwitz.<\/p>\n<p>No octog\u00e9simo anivers\u00e1rio da liberta\u00e7\u00e3o de Auschwitz, ser\u00e1 realizado um ato para repudiar mais uma vez esse genoc\u00eddio. Benjamin Netanyahu, primeiro-ministro de Israel, foi convidado a participar, pois tamb\u00e9m \u00e9 judeu de fam\u00edlia polonesa. Provavelmente, n\u00e3o ser\u00e1 capaz de estar presente ou n\u00e3o vai querer ir, porque \u00e9 respons\u00e1vel pelo atual genoc\u00eddio em Gaza. Inclusive, o Tribunal Penal Internacional \u2014 sediado em Haia \u2014 emitiu ordens de pris\u00e3o contra ele. A Pol\u00f4nia, como membro do Tribunal, \u00e9 legalmente obrigada a det\u00ea-lo. Por\u00e9m, seu governo j\u00e1 deixou claro que n\u00e3o vai fazer isso. O relevante \u00e9 que, pela primeira vez, a participa\u00e7\u00e3o de Israel nesse evento foi questionada.<\/p>\n","protected":false},"excerpt":{"rendered":"<p>Por Miguel Lamas, dirigente da UIT-QI &nbsp; Entre 1940 e 1945, cerca de 1,1 milh\u00e3o de pessoas morreram em Auschwitz-Birkenau, o maior campo de exterm\u00ednio da hist\u00f3ria da humanidade. As c\u00e2maras de g\u00e1s e os cremat\u00f3rios matavam at\u00e9 5.000 pessoas por dia. A maioria delas<\/p>\n","protected":false},"author":1,"featured_media":16720,"comment_status":"open","ping_status":"open","sticky":false,"template":"","format":"standard","meta":{"footnotes":""},"categories":[6],"tags":[],"class_list":["post-16719","post","type-post","status-publish","format-standard","has-post-thumbnail","hentry","category-internacional"],"_links":{"self":[{"href":"https:\/\/www.cstuit.com\/home\/wp-json\/wp\/v2\/posts\/16719","targetHints":{"allow":["GET"]}}],"collection":[{"href":"https:\/\/www.cstuit.com\/home\/wp-json\/wp\/v2\/posts"}],"about":[{"href":"https:\/\/www.cstuit.com\/home\/wp-json\/wp\/v2\/types\/post"}],"author":[{"embeddable":true,"href":"https:\/\/www.cstuit.com\/home\/wp-json\/wp\/v2\/users\/1"}],"replies":[{"embeddable":true,"href":"https:\/\/www.cstuit.com\/home\/wp-json\/wp\/v2\/comments?post=16719"}],"version-history":[{"count":0,"href":"https:\/\/www.cstuit.com\/home\/wp-json\/wp\/v2\/posts\/16719\/revisions"}],"wp:featuredmedia":[{"embeddable":true,"href":"https:\/\/www.cstuit.com\/home\/wp-json\/wp\/v2\/media\/16720"}],"wp:attachment":[{"href":"https:\/\/www.cstuit.com\/home\/wp-json\/wp\/v2\/media?parent=16719"}],"wp:term":[{"taxonomy":"category","embeddable":true,"href":"https:\/\/www.cstuit.com\/home\/wp-json\/wp\/v2\/categories?post=16719"},{"taxonomy":"post_tag","embeddable":true,"href":"https:\/\/www.cstuit.com\/home\/wp-json\/wp\/v2\/tags?post=16719"}],"curies":[{"name":"wp","href":"https:\/\/api.w.org\/{rel}","templated":true}]}}