

	{"id":16747,"date":"2025-02-06T18:53:52","date_gmt":"2025-02-06T21:53:52","guid":{"rendered":"https:\/\/www.cstuit.com\/home\/?p=16747"},"modified":"2025-02-06T18:53:52","modified_gmt":"2025-02-06T21:53:52","slug":"somos-todos-imigrantes-nao-ao-governo-de-trump-musk","status":"publish","type":"post","link":"https:\/\/www.cstuit.com\/home\/2025\/02\/06\/somos-todos-imigrantes-nao-ao-governo-de-trump-musk\/","title":{"rendered":"Somos todos imigrantes! N\u00e3o ao governo de Trump-Musk"},"content":{"rendered":"<p><em>Por MST, se\u00e7\u00e3o chilena da UIT-QI<\/em><\/p>\n<p>A classe trabalhadora estadunidense e os povos do mundo est\u00e3o amea\u00e7ados pelo fogo direto da extrema-direita mais perigosa e reacion\u00e1ria de todas. Aquela que representa diretamente os interesses dos grandes monop\u00f3lios e do capital financeiro, encabe\u00e7ados pelos magnatas do imperialismo ianque. As mesmas pessoas que lideram o 1% dos supermilion\u00e1rios do mundo que, segundo a ONG Oxfam, det\u00eam 95% da riqueza mundial.<\/p>\n<p>Essa ultra-minoria, que det\u00e9m o poder no planeta, est\u00e1 disposta a fazer qualquer coisa: matar-nos de fome; tirar nossos direitos e liberdades; submeter-nos ao controle absoluto das m\u00e1quinas e da intelig\u00eancia artificial; destruir o ecossistema, que torna nossa vida poss\u00edvel; e nos levar a uma terceira guerra mundial apocal\u00edptica.<\/p>\n<p>N\u00e3o se trata mais de um \u201coutsider\u201d louco, que foi cooptado pelos grandes magnatas e at\u00e9 mesmo pela extrema-direita depois que chegou ao poder, ap\u00f3s uma elei\u00e7\u00e3o question\u00e1vel em 2017. Agora se trata do poder direto dos magnatas e da extrema-direita, que usam a ambi\u00e7\u00e3o ilimitada de Trump para realizar ataques diretos ao povo, aos trabalhadores, aos imigrantes, \u00e0s mulheres, \u00e0s dissid\u00eancias e at\u00e9 mesmo contra seus aliados capitalistas mais pr\u00f3ximos. Eles t\u00eam como objetivo reafirmar seu lugar privilegiado no concerto imperialista por meio da desregulamenta\u00e7\u00e3o; da elimina\u00e7\u00e3o de pactos, para refaz\u00ea-los \u00e0 sua maneira; e do ataque direto \u00e0 classe trabalhadora e aos seus aliados mais pr\u00f3ximos.<\/p>\n<p>N\u00e3o \u00e9 apenas mais um governo de Trump. \u00c9 o governo de um demente desequilibrado, mis\u00f3gino e explorador que \u00e9 o chefe e l\u00edder de um dos maiores imp\u00e9rios financeiros e industriais do planeta. O Governo de Trump 2.0 \u00e9 na verdade o governo de Trump-Musk.<\/p>\n<p>&nbsp;<\/p>\n<p><strong>Quando enfrentar o criminoso declarado \u00e9 melhor do que confrontar o enganador<\/strong><\/p>\n<p>Ainda que ningu\u00e9m possa esperar nada de bom dessa dupla desequilibrada, sua maneira de agir evidencia algo que n\u00f3s, revolucion\u00e1rios, sempre destacamos. Eles exp\u00f5em abertamente os interesses de sua classe social, que defendem sem meias palavras, de modo que nenhum lutador\/a social possa ser iludido. Os imperialistas em particular e os capitalistas em geral aprenderam \u2014 por medo das revolu\u00e7\u00f5es \u2014 a esconder seus interesses por tr\u00e1s de um regime \u201cdemocr\u00e1tico\u201d, que, como uma aranha venenosa, esconde o verdadeiro car\u00e1ter de classe da ditadura do capital. Fazem acordos e alian\u00e7as supostamente para o bem do povo, quando na realidade tais alian\u00e7as carregam o veneno das grandes empresas. Eles escondem tais interesses atr\u00e1s de batinas e p\u00falpitos; de pol\u00edticos supostamente nobres, que parecem se importar com o bem-estar de todos; de jovens supostamente inexperientes; de pactos e acordos que os burocratas sindicais, distantes das bases, apresentam como avan\u00e7os para os trabalhadores.<\/p>\n<p>A extrema-direita n\u00e3o est\u00e1 interessada em nada disso. Prefere impor seus interesses por meio de ataques, sem pactos ou acordos sociais, ignorando organismos multilaterais, chantageando o povo e colocando uma arma no peito de amigos e advers\u00e1rios.<\/p>\n<p>Sua grande fraqueza \u00e9 que fazem isso sem a prote\u00e7\u00e3o de uma ditadura criminosa, como a de Pinochet, e sem o apoio de mil\u00edcias fascistas, que fazem o trabalho sujo, espancando manifestantes e trabalhadores nas manifesta\u00e7\u00f5es e sindicatos, como os nazistas na \u00e9poca de Hitler.<\/p>\n<p>Para atingir seus objetivos, eles se utilizam e se apoiam nos aspectos mais \u201cbonapartistas\u201d, menos democr\u00e1ticos, do mesmo regime \u201cdemocr\u00e1tico\u201d que permitiu sua chegada ao poder. Na verdade, eles chegaram ao poder gra\u00e7as \u00e0 podrid\u00e3o de toda democracia capitalista, com sua esquerda trai\u00e7oeira e seu progressismo ineficaz. Por\u00e9m, continuam a depender de tal regime para impor seus interesses extremos.<\/p>\n<p>Seu calcanhar de Aquiles \u00e9 que, enquanto n\u00e3o derrotarem fisicamente as massas, como fizeram as ditaduras genocidas na Am\u00e9rica Latina no final do s\u00e9culo passado e o fascismo na Europa no in\u00edcio do mesmo s\u00e9culo, h\u00e1 a possibilidade de que o povo se rebele e derrote os governos de extrema-direita. Isso \u00e9 algo que devemos encorajar desde o dia em que assumirem o poder.<\/p>\n<p>&nbsp;<\/p>\n<p><strong>Um farol que pode se apagar a qualquer momento<\/strong><\/p>\n<p>O segundo governo de Trump-Musk foi inspirado na vit\u00f3ria de Milei. Eles usaram esse palha\u00e7o como piloto de testes, como cobaia. Esperavam que Milei provasse que a agenda da extrema-direita poderia ser realizada usando a pr\u00f3pria democracia que eles tanto repudiam. Com o farol aceso, eles agora tentam repetir a experi\u00eancia em grande escala no pr\u00f3prio cora\u00e7\u00e3o do imperialismo mundial.<\/p>\n<p>No entanto, o fr\u00e1gil farol acaba de enfrentar um verdadeiro furac\u00e3o que, se continuar com a mesma pot\u00eancia, o apagar\u00e1. Na semana passada, dois milh\u00f5es de argentinos marcharam contra a agenda fascist\u00f3ide daquele extremista de direita desequilibrado.<\/p>\n","protected":false},"excerpt":{"rendered":"<p>Por MST, se\u00e7\u00e3o chilena da UIT-QI A classe trabalhadora estadunidense e os povos do mundo est\u00e3o amea\u00e7ados pelo fogo direto da extrema-direita mais perigosa e reacion\u00e1ria de todas. Aquela que representa diretamente os interesses dos grandes monop\u00f3lios e do capital financeiro, encabe\u00e7ados pelos magnatas do<\/p>\n","protected":false},"author":1,"featured_media":16748,"comment_status":"open","ping_status":"open","sticky":false,"template":"","format":"standard","meta":{"footnotes":""},"categories":[6],"tags":[],"class_list":["post-16747","post","type-post","status-publish","format-standard","has-post-thumbnail","hentry","category-internacional"],"_links":{"self":[{"href":"https:\/\/www.cstuit.com\/home\/wp-json\/wp\/v2\/posts\/16747","targetHints":{"allow":["GET"]}}],"collection":[{"href":"https:\/\/www.cstuit.com\/home\/wp-json\/wp\/v2\/posts"}],"about":[{"href":"https:\/\/www.cstuit.com\/home\/wp-json\/wp\/v2\/types\/post"}],"author":[{"embeddable":true,"href":"https:\/\/www.cstuit.com\/home\/wp-json\/wp\/v2\/users\/1"}],"replies":[{"embeddable":true,"href":"https:\/\/www.cstuit.com\/home\/wp-json\/wp\/v2\/comments?post=16747"}],"version-history":[{"count":0,"href":"https:\/\/www.cstuit.com\/home\/wp-json\/wp\/v2\/posts\/16747\/revisions"}],"wp:featuredmedia":[{"embeddable":true,"href":"https:\/\/www.cstuit.com\/home\/wp-json\/wp\/v2\/media\/16748"}],"wp:attachment":[{"href":"https:\/\/www.cstuit.com\/home\/wp-json\/wp\/v2\/media?parent=16747"}],"wp:term":[{"taxonomy":"category","embeddable":true,"href":"https:\/\/www.cstuit.com\/home\/wp-json\/wp\/v2\/categories?post=16747"},{"taxonomy":"post_tag","embeddable":true,"href":"https:\/\/www.cstuit.com\/home\/wp-json\/wp\/v2\/tags?post=16747"}],"curies":[{"name":"wp","href":"https:\/\/api.w.org\/{rel}","templated":true}]}}