

	{"id":16750,"date":"2025-02-15T13:23:51","date_gmt":"2025-02-15T16:23:51","guid":{"rendered":"https:\/\/www.cstuit.com\/home\/?p=16750"},"modified":"2025-02-15T13:54:37","modified_gmt":"2025-02-15T16:54:37","slug":"chile-declaracao-unitaria-contra-a-tentativa-de-trump-de-tomar-gaza","status":"publish","type":"post","link":"https:\/\/www.cstuit.com\/home\/2025\/02\/15\/chile-declaracao-unitaria-contra-a-tentativa-de-trump-de-tomar-gaza\/","title":{"rendered":"Chile: declara\u00e7\u00e3o unit\u00e1ria contra a tentativa de Trump de tomar Gaza"},"content":{"rendered":"<p><em>Por Imprensa UIT-QI<\/em><\/p>\n<p>&nbsp;<\/p>\n<p>Declara\u00e7\u00e3o de rep\u00fadio a Trump e sua pol\u00edtica intervencionista, assinada por 38 organiza\u00e7\u00f5es chilenas.<\/p>\n<p>&nbsp;<\/p>\n<p><strong>Diante da tentativa de Trump de tomar Gaza, responder com mobiliza\u00e7\u00f5es no Chile e no mundo todo!<\/strong><\/p>\n<p>O presidente ultradireitista dos EUA, Donald Trump \u2013 o maior expoente do imperialismo ianque \u2013, declarou numa coletiva de imprensa \u2013 no \u00e2mbito da visita oficial do genocida e criminoso primeiro-ministro israelense, Benjamin Netanyahu, aos Estados Unidos \u2013 que \u201cos Estados Unidos tomar\u00e3o o controle da Faixa de Gaza\u2026 N\u00f3s seremos os donos dela\u201d, e anunciou o deslocamento em massa da popula\u00e7\u00e3o palestina para outros pa\u00edses da regi\u00e3o.<\/p>\n<p>Como organiza\u00e7\u00f5es pol\u00edticas, sociais e ecologistas chilenas, rejeitamos veementemente tal afronta contra a Palestina e todos os povos do mundo. Netanyahu e o Estado sionista de Israel s\u00e3o culpados de um genoc\u00eddio que, somente no ano passado, assassinou mais de 40.000 irm\u00e3os e irm\u00e3s palestinos, metade dos quais crian\u00e7as. Eles bombardearam hospitais, escolas e bairros inteiros, reduzindo o territ\u00f3rio a escombros e cinzas. Crimes que foram cometidos com o apoio e financiamento do imperialismo ianque, com o \u00fanico objetivo de tomar Gaza, assumir o controle dos recursos petrol\u00edferos que existem no mar do territ\u00f3rio, fazer neg\u00f3cios milion\u00e1rios com a reconstru\u00e7\u00e3o e continuar subjugando todos os povos do Oriente M\u00e9dio.<\/p>\n<p>Trump, por outro lado, poucos dias ap\u00f3s assumir o cargo, est\u00e1 agredindo com deporta\u00e7\u00f5es e ataques milhares de trabalhadores imigrantes latinos nos EUA; ataca as mulheres e as dissid\u00eancias sexuais; imp\u00f5e mais san\u00e7\u00f5es aos pa\u00edses soberanos da Am\u00e9rica Latina; amea\u00e7a tomar o Canal do Panam\u00e1 e a Groenl\u00e2ndia; chantageia Col\u00f4mbia, M\u00e9xico e Canad\u00e1 com aumentos de impostos sobre importa\u00e7\u00f5es desses pa\u00edses; retira os EUA do Acordo de Paris sobre as mudan\u00e7as clim\u00e1ticas; rejeita e retira o apoio financeiro \u00e0 OMS; ataca na\u00e7\u00f5es com tarifas arbitr\u00e1rias e unilaterais. Em suma\u2026. ELE ATACA TODAS E TODOS.<\/p>\n<p>Denunciamos as declara\u00e7\u00f5es de Trump e Netanyahu como um s\u00e9rio ataque contra os povos do mundo. \u00c9 um an\u00fancio criminoso, que formaliza o plano de limpeza \u00e9tnica do territ\u00f3rio por meio do genoc\u00eddio. O pr\u00f3prio Trump afirmou anteriormente, com total descaramento, que \u201cos habitantes de Gaza deveriam abandonar o seu territ\u00f3rio e fugir para o Egito e para a Jord\u00e2nia\u201d. Como se isso n\u00e3o bastasse, ele disse que transformaria Gaza na \u201cRiviera do Oriente M\u00e9dio\u201d, em refer\u00eancia \u00e0 Riviera Francesa, balne\u00e1rio e destino de ver\u00e3o dos milion\u00e1rios do mundo.<\/p>\n<p>A partir do Chile, declaramos nosso rep\u00fadio a essas declara\u00e7\u00f5es e a qualquer tentativa de deslocamento for\u00e7ado de nossos irm\u00e3os palestinos de Gaza.<\/p>\n<p>Como organiza\u00e7\u00f5es signat\u00e1rias, fazemos um amplo chamado para responder a essas provoca\u00e7\u00f5es com mobiliza\u00e7\u00f5es amplas e unit\u00e1rias no Chile e no mundo. Responderemos \u00e0s suas pretens\u00f5es fascistas e imperialistas com mobiliza\u00e7\u00e3o e organiza\u00e7\u00e3o!<\/p>\n<p>O Governo do Chile declarou sua \u201coposi\u00e7\u00e3o a qualquer deslocamento for\u00e7ado da popula\u00e7\u00e3o palestina em Gaza. Isso constituiria uma grave viola\u00e7\u00e3o do direito internacional e um ataque \u00e0s aspira\u00e7\u00f5es leg\u00edtimas dos palestinos de terem seu pr\u00f3prio Estado.\u201d Palavras n\u00e3o s\u00e3o suficientes. H\u00e1 um genoc\u00eddio em curso e uma pol\u00edtica de coloniza\u00e7\u00e3o expl\u00edcita. O m\u00ednimo que pode ser feito \u00e9 Boric e seu governo romperem rela\u00e7\u00f5es diplom\u00e1ticas e comerciais com o Estado sionista de Israel.<\/p>\n<p>Seguir o exemplo daqueles que ao redor do mundo est\u00e3o se mobilizando contra o genoc\u00eddio!<\/p>\n<p>Confrontar a tentativa de Trump de tomar Gaza!<\/p>\n<p>Por um dia nacional e global de rep\u00fadio a Trump \u2013 Netanyahu.<\/p>\n<p>N\u00f3s fomos, somos e seremos irm\u00e3s e irm\u00e3os do povo palestino!<\/p>\n<p><strong>Assinam:<\/strong><\/p>\n<p>ANFU PATRIMONIO REGION DE VALPARAISO<\/p>\n<p>ARENAS<\/p>\n<p>CENDES<\/p>\n<p>CHILE SIGUE EN CONTRA<\/p>\n<p>COLECTIVA DI\u00c1SPORA<\/p>\n<p>COLECTIVA ECOSOCIALISTAS<\/p>\n<p>COLECTIVO AVANCE<\/p>\n<p>COLECTIVO MEMORIA LUMI VIDELA<\/p>\n<p>COLECTIVOS ROJO Y NEGRO \u2013 MIR<\/p>\n<p>COMUNIDAD ECUM\u00c9NICA MARTIN LUTHER KING<\/p>\n<p>COMUNIDAD MAPUCHE WILLICHE NATRI BAJO \u2013 MOLULKO<\/p>\n<p>CONCEPCI\u00d3N POR PALESTINA<\/p>\n<p>COORDINADORA DE EXPRESAS Y EXPRESOS POL\u00cdTICOS DE SANTIAGO<\/p>\n<p>COORDINADORA NACIONAL DE EX PP \u2013 CHILE<\/p>\n<p>ESCUELA PERMANENTE PRAIS<\/p>\n<p>FUERZA 18 DE OCTUBRE<\/p>\n<p>FUERZA DE BASES DENISE MELENDEZ<\/p>\n<p>FUERZA ECOLOGISTA VERDE \u2013 FEV<\/p>\n<p>INTIFADA ANTIFASCISTA BARRA LXS BAISANXS CLUB PALESTINO<\/p>\n<p>IZQUIERDA CRISTIANA DE CHILE<\/p>\n<p>JUNTA DE VECINOS ROMERAL-MATADERO DE OVALLE REGI\u00d3N COQUIMBO<\/p>\n<p>LA LISTA DEL PUEBLO<\/p>\n<p>MAPU<\/p>\n<p>RECUPEREMOS EL COBRE PARA CHILE \u2013 MORECOCH<\/p>\n<p>MOVIMIENTO DEMOCR\u00c1TICO POPULAR \u2013 MDP<\/p>\n<p>MOVIMIENTO VERDE CIUDADANO<\/p>\n<p>MOVIMIENTO DE IZQUIERDA REVOLUCIONARIA \u2013 MIR<\/p>\n<p>MST-MOVIMIENTO SOCIALISTA DE LAS Y LOS TRABAJADORES<\/p>\n<p>PARTIDO ALIANZA VERDE POPULAR<\/p>\n<p>PARTIDO DE TRABAJADORES REVOLUCIONARIOS (PTR)<\/p>\n<p>PARTIDO HUMANISTA<\/p>\n<p>PARTIDO IGUALDAD<\/p>\n<p>PARTIDO POPULAR<\/p>\n<p>PARTIDO SOLIDARIDAD PARA CHILE (PSOL)<\/p>\n<p>SINDICATO NACIONAL OPCION<\/p>\n<p>SOBREVIVIENTES DE TEJAS VERDES<\/p>\n<p>TEJER \u2013 CONSTRUIR<\/p>\n<p>UNIDAD SINDICAL<\/p>\n<p>ALICIA CABEZUDO \u2013 INTERNATIONAL PEACE BUREAU BERLIN<\/p>\n<p>ANTONIO P\u00c1EZ, PRESIDENTE SINDICATO STARBUCKS COFFEE<\/p>\n<p>BRAULIO GONZ\u00c1LEZ DIRECTOR DEL OBSERVATORIO NACIONAL DE DDHH ANEXPPSA CHILE<\/p>\n<p>CAMILO PARADA ORTIZ, DIRIGENTE DEL MOVIMIENTO ANTICAPITALISTA<\/p>\n<p>CATALINA VALENZUELA MAUREIRA EX CANDIDATA GOBERNACI\u00d3N RM<\/p>\n<p>CLAUDIA ARRIAGADA PARRA, CONCEJALA DE LA COMUNA DE CONCEPCI\u00d3N<\/p>\n<p>CLAUDIO OJEDA MURILLO COORDINADOR NACIONAL PARTIDO HUMANISTA<\/p>\n<p>CLAUDIO ROJAS- CHILE SIN TLC<\/p>\n<p>ELIO Z\u00c1RATE MORAGA: FUERZA ECOLOGISTA VERDE FEV<\/p>\n<p>EMA MOLINA DIRIGENTA ASOFFON<\/p>\n<p>FELIPE L\u00d3PEZ TALLER EL CAPITAL DESDE CERO<\/p>\n<p>FRANCISCO BECERRA PRESIDENTE AGRUPACI\u00d3N DE ANTICUARIOS Y PULGUEROS BARRIO YUNGAY<\/p>\n<p>GUSTAVO GONZ\u00c1LEZ ARAYA, PRESIDENTE DE LA AGRUPACI\u00d3N DE DDHH JOS\u00c9 CALDER\u00d3N MIRANDA DE PAINE<\/p>\n<p>H\u00c9CTOR RODR\u00cdGUEZ MOVIMIENTO NUEVA OPCION SOCIAL<\/p>\n<p>JACQUELINE BARRAZA AGRUPACI\u00d3N FEMINISTAS REINALDA PEREIRA PUENTE ALTO<\/p>\n<p>LUIS FUENTES, SUTE-CHILE<\/p>\n<p>MILKO CARACCIOLO CONCEJAL\u00cdA POPULAR SAN ANTONIO<\/p>\n<p>NELSON DEBROTT MAPU<\/p>\n<p>ORLANDO ORELLANA PALACIOS \u2013 MOVIMIENTO VERDE CIUDADANO<\/p>\n<p>RODRIGO ANDRADE \u2013 COLECTIVA ECOSOCIALISTAS<\/p>\n<p>TANIA L\u00d3PEZ \u2013 DIRIGENTA AGRUPACI\u00d3N MUJERES EMPRENDEDORAS DEL MAIPO.<\/p>\n<p>VILMA ALVAREZ PARADA ALTERNATIVA SOCIALISTA-CHILE<\/p>\n<p>VIVIANA MONTECINOS SUAZO ( FUERZA ECOLOGISTA VERDE FEV)<\/p>\n<p>WALESKA SALAS CONCEJAL DE LA ILUSTRE MUNICIPALIDAD DE LA PINTANA<\/p>\n<p>ALFREDO PE\u00d1ALOZA FIGUEROA<\/p>\n<p>ANA FORTT MORALES<\/p>\n<p>ANDR\u00c9S FIGUEROA CORNEJO<\/p>\n<p>BEATRIZ ARACENA<\/p>\n<p>BERNARDO JOS\u00c9 TORO VERA, ABOGADO.<\/p>\n<p>CAMILA PONCE<\/p>\n<p>CATERINA SIMONCELLI FRACCHIA<\/p>\n<p>CHRISTIAN CAMUS A. ABOGADO, EX CANDIDATO A CONCEJAL POR HUECHURABA.<\/p>\n<p>CLAUDIA YARUR<\/p>\n<p>CRISTI\u00c1N HIDALGO MORALES, ABOGADO LABORALISTA<\/p>\n<p>DANIEL COLAS<\/p>\n<p>ELLANA UBILLS<\/p>\n<p>ENRIQUE BERTRAN A<\/p>\n<p>GABRIELA AMPUERO GONZ\u00c1LEZ<\/p>\n<p>GONZALO EUGENIO GONZ\u00c1LEZ<\/p>\n<p>GONZALO MEDINA VOGEL<\/p>\n<p>HERNAN PALMA<\/p>\n<p>ISABEL ENCINA<\/p>\n<p>ISABEL GALLARDO MORENO<\/p>\n<p>\u00cdTALO NOCETTI SALAZAR<\/p>\n<p>JACQUELINE FREDES RECABARREN<\/p>\n<p>JONATHAN MORALES<\/p>\n<p>JORGE IV\u00c1N VERGARA DEL SOLAR<\/p>\n<p>JOS\u00c9 LUIS ESCRIG MIRANDA \u2013 EX DIRIGENTE GREMIAL<\/p>\n<p>JOS\u00c9 MANUEL GUTI\u00c9RREZ BERMEDO<\/p>\n<p>JUAN ALONSO REYES CACERES<\/p>\n<p>JUAN \u00c1NGEL VILLALOBOS<\/p>\n<p>JUAN ANTONIO BIJIT<\/p>\n<p>JUAN PABLO CAFENA<\/p>\n<p>JUANA PATRICIA ZAVALA MATULIC<\/p>\n<p>LAFKEN KOLIMANKE JATIP<\/p>\n<p>MARCELA GONZALEZ PAREDES ABOGADA<\/p>\n<p>MARCELA SAINTE-MARIE CASTRO<\/p>\n<p>MARCELA ZED\u00c1N LOLAS<\/p>\n<p>MARCOS CRUZ GARC\u00cdA<\/p>\n<p>MARGARITA DURAN<\/p>\n<p>MAR\u00cdA ANG\u00c9LICA ESCOBAR<\/p>\n<p>MAR\u00cdA DEL CARMEN JALDIN LEZICA<\/p>\n<p>MAR\u00cdA GALLEGUILLOS<\/p>\n<p>MARITZA ANDRADE ALCAINO<\/p>\n<p>MARJORE LORETTO RAMOS G\u00d3MEZ<\/p>\n<p>MAURICIO AMAR, ACAD\u00c9MICO CENTRO DE ESTUDIOS \u00c1RABES EUGENIO CHAHU\u00c1N, UNIVERSIDAD DE CHILE<\/p>\n<p>MICHIMALONCO CORONAO<\/p>\n<p>NELLY ANDRADE ALCAINO<\/p>\n<p>NINOSKA DAMIANOVIC<\/p>\n<p>NORMA ORELLANA<\/p>\n<p>OSVALDO BASCUR PRUSSINGER<\/p>\n<p>PAUL LE SAUX<\/p>\n<p>RAMIRO ORELLANA RIFFO<\/p>\n<p>RAMONA SALFATE<\/p>\n<p>RA\u00daL PANES PARRA<\/p>\n<p>RAUL PINEDA FIGUEROA CHILE.<\/p>\n<p>RICARDO MARZUCA, UNIVERSIDAD DE CHILE<\/p>\n<p>RICARDO VENEGAS D\u00cdAZ<\/p>\n<p>RODRIGO VARAS SAN MART\u00cdN<\/p>\n<p>SERGIO GREZ TOSO, HISTORIADOR, ACAD\u00c9MICO DE LA UNIVERSIDAD DE CHILE<\/p>\n<p>SERGIO ZEDAN<\/p>\n<p>SOLEDAD CASTILLO (ABOGADA DDHH)<\/p>\n<p>SUSANA G\u00d3MEZ RIESCO<\/p>\n<p>TANIA RODR\u00cdGUEZ LE\u00d3N<\/p>\n<p>ULISES URRIOLA<\/p>\n<p>VICTOR CAVIERES<\/p>\n<p>VLAUDIN VEGA<\/p>\n<p>YAZMIN ZEDAN<\/p>\n","protected":false},"excerpt":{"rendered":"<p>Por Imprensa UIT-QI &nbsp; Declara\u00e7\u00e3o de rep\u00fadio a Trump e sua pol\u00edtica intervencionista, assinada por 38 organiza\u00e7\u00f5es chilenas. &nbsp; Diante da tentativa de Trump de tomar Gaza, responder com mobiliza\u00e7\u00f5es no Chile e no mundo todo! O presidente ultradireitista dos EUA, Donald Trump \u2013 o<\/p>\n","protected":false},"author":1,"featured_media":16765,"comment_status":"open","ping_status":"open","sticky":false,"template":"","format":"standard","meta":{"footnotes":""},"categories":[6,1],"tags":[],"class_list":["post-16750","post","type-post","status-publish","format-standard","has-post-thumbnail","hentry","category-internacional","category-sem-categoria"],"_links":{"self":[{"href":"https:\/\/www.cstuit.com\/home\/wp-json\/wp\/v2\/posts\/16750","targetHints":{"allow":["GET"]}}],"collection":[{"href":"https:\/\/www.cstuit.com\/home\/wp-json\/wp\/v2\/posts"}],"about":[{"href":"https:\/\/www.cstuit.com\/home\/wp-json\/wp\/v2\/types\/post"}],"author":[{"embeddable":true,"href":"https:\/\/www.cstuit.com\/home\/wp-json\/wp\/v2\/users\/1"}],"replies":[{"embeddable":true,"href":"https:\/\/www.cstuit.com\/home\/wp-json\/wp\/v2\/comments?post=16750"}],"version-history":[{"count":0,"href":"https:\/\/www.cstuit.com\/home\/wp-json\/wp\/v2\/posts\/16750\/revisions"}],"wp:featuredmedia":[{"embeddable":true,"href":"https:\/\/www.cstuit.com\/home\/wp-json\/wp\/v2\/media\/16765"}],"wp:attachment":[{"href":"https:\/\/www.cstuit.com\/home\/wp-json\/wp\/v2\/media?parent=16750"}],"wp:term":[{"taxonomy":"category","embeddable":true,"href":"https:\/\/www.cstuit.com\/home\/wp-json\/wp\/v2\/categories?post=16750"},{"taxonomy":"post_tag","embeddable":true,"href":"https:\/\/www.cstuit.com\/home\/wp-json\/wp\/v2\/tags?post=16750"}],"curies":[{"name":"wp","href":"https:\/\/api.w.org\/{rel}","templated":true}]}}