

	{"id":16767,"date":"2025-02-15T13:59:18","date_gmt":"2025-02-15T16:59:18","guid":{"rendered":"https:\/\/www.cstuit.com\/home\/?p=16767"},"modified":"2025-02-15T13:59:18","modified_gmt":"2025-02-15T16:59:18","slug":"o-que-podemos-esperar-do-novo-governo-de-donald-trump","status":"publish","type":"post","link":"https:\/\/www.cstuit.com\/home\/2025\/02\/15\/o-que-podemos-esperar-do-novo-governo-de-donald-trump\/","title":{"rendered":"O que podemos esperar do novo governo de Donald Trump?"},"content":{"rendered":"<p>Por Miguel Sorans, dirigente da Izquierda Socialista e da UIT-QI<\/p>\n<p>&nbsp;<\/p>\n<p><em>Reproduzimos o discurso de Miguel Sorans, transcrito e corrigido, proferido numa palestra realizada na quinta-feira, 30 de janeiro, organizada pela Juventude da Izquierda Socialista (JIS), juventude da se\u00e7\u00e3o argentina da UIT-QI. Poucos dias depois, Trump anunciou o in\u00edcio da sua nova \u201cguerra comercial\u201d, impondo uma tarifa de 25% sobre produtos importados pelos EUA do M\u00e9xico e do Canad\u00e1 e uma tarifa de 10% sobre produtos importados da China. N\u00e3o durou muito, pois em 24 horas suspendeu a aplica\u00e7\u00e3o das tarifas ao M\u00e9xico e ao Canad\u00e1. Ao anunciar a nefasta proposta de expulsar os palestinos de Gaza e de realoc\u00e1-los em outros pa\u00edses da regi\u00e3o, ele disse: \u201cOs Estados Unidos assumir\u00e3o o controle da Faixa de Gaza\u2026 Seremos donos dela.\u201d Acrescentou que, se necess\u00e1rio, poderia enviar tropas para Gaza e que pretende transform\u00e1-la na \u201cRiviera do Oriente M\u00e9dio\u201d. Milh\u00f5es de pessoas ao redor do mundo, come\u00e7ando pelo povo palestino, repudiaram as declara\u00e7\u00f5es de Trump. O discurso de Sorans abordou todas essas quest\u00f5es, incluindo as raz\u00f5es para a ascens\u00e3o da extrema-direita no mundo e a necessidade da mobiliza\u00e7\u00e3o para derrot\u00e1-la.<\/em><\/p>\n<p>A quest\u00e3o do novo governo de Donald Trump, recentemente empossado, \u00e9 motivo de preocupa\u00e7\u00e3o para o movimento de massa dos EUA e do resto do mundo. Diante da pergunta \u201cO que podemos esperar do novo governo de Donald Trump?\u201d, a resposta poderia ser simples: n\u00e3o podemos esperar nada de bom para a classe trabalhadora, as mulheres, a juventude e os povos do mundo.<\/p>\n<p>Por\u00e9m, precisamos ir mais fundo para desvendar o seu significado e identificar como enfrentar esse ultradireitista imperialista. A afirma\u00e7\u00e3o do panfleto de convoca\u00e7\u00e3o dessa palestra tamb\u00e9m \u00e9 verdadeira: \u201cN\u00f3s j\u00e1 vimos esse filme\u201d. Isso porque esse fascista j\u00e1 governou os Estados Unidos entre 2016 e 2020. Ent\u00e3o, poder\u00edamos dizer que o filme ser\u00e1 parecido, mas ser\u00e1 um \u201cremake\u201d, com cap\u00edtulos muito mais reacion\u00e1rios, repressivos, intervencionistas e perigosos para os povos do mundo.<\/p>\n<p>Mas por qu\u00ea? Por que Trump mudou? N\u00e3o. Acreditamos que o que continua mudando ou avan\u00e7ando \u00e9 o decl\u00ednio do sistema capitalista-imperialista mundial, com uma maior crise da economia capitalista, mais choques e atritos inter-burgueses e, fundamentalmente, maior desigualdade social e maiores n\u00edveis de pobreza. Trump vai tentar fortalecer o papel dos Estados Unidos como pol\u00edcia do mundo, amea\u00e7ando com novas invas\u00f5es militares, apoiando os planos de ajuste e pilhagem do FMI, buscando cobrar d\u00edvidas externas com maiores cotas de explora\u00e7\u00e3o das massas.<\/p>\n<p>Diante da crise econ\u00f4mica, o imperialismo, nos EUA e no resto do mundo, com Biden ou agora com Trump e seus aliados, n\u00e3o tem outra receita sen\u00e3o aprofundar os ajustes e os cortes sociais.<\/p>\n<p>No entanto, n\u00e3o consegue superar a crise econ\u00f4mica, porque a classe trabalhadora e as massas continuam resistindo aos ataques dos governos, das multinacionais e do FMI.<\/p>\n<p>O pr\u00f3prio Trump reconheceu tal decl\u00ednio, declarando em seu discurso de posse, entre diversas bravatas, o seguinte: \u201co decl\u00ednio dos Estados Unidos acabou\u201d. E acrescentando que a \u201cera de ouro\u201d come\u00e7ou. Algo que ainda n\u00e3o est\u00e1 dado.<\/p>\n<p>&nbsp;<\/p>\n<p><strong>A \u201cmotosserra\u201d de Trump aprofundar\u00e1 a crise social nos EUA<\/strong><\/p>\n<p>Ent\u00e3o, apresentou uma tremenda bateria de decretos que causar\u00e3o, no curto e no m\u00e9dio prazo, um aprofundamento da crise social nos EUA. Haver\u00e1 um aumento nos n\u00edveis de pobreza, que j\u00e1 existe nos EUA, e isso sem falar nos impactos no resto do mundo.<\/p>\n<p>A motosserra foi consignada nos famosos decretos, assinados com sua caneta\u2026 que na verdade \u00e9 um marcador de texto. Voc\u00eas sabem que nos Estados Unidos existe uma tradi\u00e7\u00e3o, em que, quando os presidentes assinam leis importantes, entregam a caneta a personalidades relevantes. Muitas vezes nos lembramos do caso do presidente Lyndon B. Johnson, que em 1965 deu a Martin Luther King a caneta com a qual assinou a lei dos direitos civis, especialmente o direito de voto para homens e mulheres negros. Agora, Trump usa marcadores de texto para destacar sua assinatura e depois os joga para a plateia, como se fossem bolas em um est\u00e1dio de futebol.<\/p>\n<p>Al\u00e9m disso, neste caso, os primeiros decretos de Trump retiram direitos. Eles tiraram o seguro de sa\u00fade de milh\u00f5es de pessoas pobres nos EUA, que vivem nas ruas ou est\u00e3o desempregadas, algo que pode levar \u00e0 morte. Cancelaram o or\u00e7amento voltado para programas sociais sobre diversidade sexual e transi\u00e7\u00e3o energ\u00e9tica. Revogaram o que chamamos aqui na Argentina de cota trans dentro das for\u00e7as armadas, declarando que existem apenas dois g\u00eaneros na sociedade estadunidense. Retiraram os EUA da OMS e do Acordo Clim\u00e1tico de Paris. Ele amea\u00e7ou tomar o Canal do Panam\u00e1 e a ilha da Groenl\u00e2ndia e realizar interven\u00e7\u00f5es militares, se n\u00e3o atingir seus objetivos \u201cpela via da\u00a0 conversa\u201d.<\/p>\n<p>Ele dar\u00e1 seu apoio incondicional aos crimes do Estado sionista de Israel no encontro que ter\u00e1 na Casa Branca com Netanyahu, respaldando o genoc\u00eddio do povo palestino e fazendo novas amea\u00e7as de futuras agress\u00f5es militares no Oriente M\u00e9dio. Ele fala sobre acabar com a guerra na Ucr\u00e2nia, mas pretende que o povo ucraniano se renda a Putin, o criminoso invasor.<\/p>\n<p>Ele tamb\u00e9m perdoou 1.500 fascistas, que atacaram o Capit\u00f3lio em 2021 e estavam presos desde ent\u00e3o.<\/p>\n<p>Todavia, nem tudo est\u00e1 acontecendo como ele pretende. Por exemplo: ele decretou b\u00e1rbara retirada da cidadania dos filhos de imigrantes nascidos nos Estados Unidos. Ap\u00f3s 24 horas, tal decreto n\u00e3o pode ser aplicado, pois foi suspenso por um juiz \u2013 da justi\u00e7a burguesa. E j\u00e1 h\u00e1 procuradores-gerais de 22 estados do pa\u00eds que est\u00e3o fazendo a mesma demanda. Tal decreto n\u00e3o respeita a constitui\u00e7\u00e3o burguesa dos Estados Unidos, porque a 14\u00aa Emenda garante o direito \u00e0 cidadania independentemente do status de imigrantes dos pais.<\/p>\n<p>E alguns outros decretos n\u00e3o est\u00e3o mais em vigor, porque o pr\u00f3prio Trump teve que revog\u00e1-los diante da onda de reclama\u00e7\u00f5es e protestos, que incluiu senadores e deputados republicanos. Ele teve que revogar a retirada de subs\u00eddios para programas sociais. Um deles, por exemplo, retirava os servi\u00e7os de sa\u00fade de centenas de milhares de pessoas que vivem nas ruas e est\u00e3o desempregadas.<\/p>\n<p>&nbsp;<\/p>\n<p><strong>O ataque aos imigrantes e suas contradi\u00e7\u00f5es<\/strong><\/p>\n<p>Temos que ver o que vai acontecer com um dos assuntos mais explosivos, com o qual Donald Trump faz uma esp\u00e9cie de show permanente, que \u00e9 a quest\u00e3o da expuls\u00e3o de milh\u00f5es de imigrantes dos EUA, que ele descreve abertamente como \u201cladr\u00f5es de nossos sal\u00e1rios\u201d, \u201ctraficantes de drogas\u201d e \u201ccriminosos\u201d. Os poucos deportados at\u00e9 o momento viajaram algemados para seus pa\u00edses de origem. \u00c9 claro que tais acusa\u00e7\u00f5es n\u00e3o t\u00eam lastro na realidade, porque os Estados Unidos eram um pa\u00eds aberto aos imigrantes, como todos os pa\u00edses da Am\u00e9rica. Evidente que era uma \u00e9poca diferente, a dos imigrantes irlandeses ou italianos. Nos s\u00e9culos XX e XXI, milh\u00f5es de mexicanos e latino-americanos buscaram uma sa\u00edda indo para o pa\u00eds do norte devido \u00e0 mis\u00e9ria que o imperialismo imp\u00f5e a seus pa\u00edses. Por\u00e9m, ao mesmo tempo, esses imigrantes s\u00e3o explorados, pois n\u00e3o \u00e9 novidade que h\u00e1 milh\u00f5es imigrantes \u2013 mexicanos, hondurenhos, centro-americanos, venezuelanos, argentinos, chilenos e uruguaios \u2013 que trabalham por sal\u00e1rios miser\u00e1veis.<\/p>\n<p>A ret\u00f3rica racista e anti-imigrantes de Trump \u00e9 um discurso e, como veremos, tem pouca base na realidade ou aplicabilidade. Do mesmo modo, como parte do decl\u00ednio capitalista, o \u201csonho americano\u201d fracassou. O discurso desse ultradireitista n\u00e3o \u00e9 uma novidade. A extrema-direita na Europa tamb\u00e9m afirma que \u201cos imigrantes s\u00e3o os culpados.\u201d<\/p>\n<p>Trump anunciou que realizar\u00e1 \u201ca maior deporta\u00e7\u00e3o da hist\u00f3ria\u201d. Tamb\u00e9m veremos como isso termina. Ele disse que nos primeiros dias deportou um milh\u00e3o. Ainda n\u00e3o h\u00e1 nenhum relat\u00f3rio que confirme isso. Por enquanto, fala-se de milhares.<\/p>\n<p>Foram os patr\u00f5es que alertaram Trump, mesmo antes dele assumir o cargo, para ter cuidado com o que vai fazer. Isso porque grande parte dos patr\u00f5es, pequenos ou grandes, come\u00e7ando pelo McDonalds, lucram muito com os sal\u00e1rios pagos aos imigrantes, e ainda mais aos imigrantes sem documentos.<\/p>\n<p>Os grandes patr\u00f5es do campo, do trabalho agr\u00edcola na Calif\u00f3rnia, no oeste dos Estados Unidos, alertaram Trump sobre esse problema. Isso porque na Calif\u00f3rnia, por exemplo, s\u00e3o produzidos 100% dos amendoins e das nozes. Os Estados Unidos s\u00e3o o pa\u00eds que mais produz amendoim. A agricultura nesse estado \u00e9 uma ind\u00fastria enorme, que abrange 400 variedades de culturas, desde os campos de hortali\u00e7as do sul at\u00e9 os vinhedos do norte, e que movimenta bilh\u00f5es de d\u00f3lares anualmente.<\/p>\n<p>Mas quem trabalha l\u00e1? Os patr\u00f5es disseram: \u201cTemos 2,4 milh\u00f5es de trabalhadores que trabalham com nozes e amendoins, mas metade deles n\u00e3o tem documentos e tem sal\u00e1rios mais baixos\u201d. Ou seja, 1,2 milh\u00e3o de trabalhadores sem documentos. Os patr\u00f5es disseram: \u201cSe pararmos de ter esses 1,5 milh\u00e3o de pessoas, a produ\u00e7\u00e3o entrar\u00e1 em colapso, assim como nossos lucros e nossas empresas\u201d.<\/p>\n<p>Somaram-se a tais declara\u00e7\u00f5es outras vozes cr\u00edticas: \u201cQualquer plano para realizar deporta\u00e7\u00f5es em massa seria devastador tanto para a ind\u00fastria agr\u00edcola quanto para os consumidores, porque qualquer interrup\u00e7\u00e3o na ind\u00fastria aumentaria os pre\u00e7os em um momento em que os trabalhadores j\u00e1 est\u00e3o preocupados com a infla\u00e7\u00e3o\u201d, disse Edward Orozco Flores, diretor do corpo docente do Centro de Comunidade e Trabalho da Universidade da Calif\u00f3rnia em Merced (El Pa\u00eds, 16\/11\/2024).<\/p>\n<p>Ent\u00e3o, ele vai deportar milh\u00f5es? Ele disse que deportaria um milh\u00e3o por ano. Por enquanto, os n\u00fameros s\u00e3o muito pequenos. Chegaram \u00e0 Col\u00f4mbia 200 pessoas, outras 200 a Honduras e ao Brasil. Ainda n\u00e3o se sabe se chegaram a dez mil deportados. Trump anunciou que disponibilizar\u00e1 30 mil celas para deportados em Guant\u00e1namo. Tudo show. Por\u00e9m, isso n\u00e3o significa que ele n\u00e3o enviar\u00e1 alguns prisioneiros imigrantes para Guant\u00e1namo. Por outro lado, os protestos de rua de imigrantes contra as pris\u00f5es e as tentativas de deporta\u00e7\u00e3o j\u00e1 come\u00e7aram.<\/p>\n<p>A pol\u00edtica do capitalismo e dos governos burgueses estadunidenses, sejam democratas ou republicanos, sempre operou com um duplo discurso, deixando milh\u00f5es de imigrantes entrarem, h\u00e1 30 ou 40 anos, para explor\u00e1-los e realizando, de vez em quando, uma deporta\u00e7\u00e3o para tentar se justificar.<\/p>\n<p>O recorde de deporta\u00e7\u00f5es n\u00e3o pertence ao Partido Republicano e nem a Trump. Ele \u00e9 o \u00faltimo na classifica\u00e7\u00e3o. De acordo com as informa\u00e7\u00f5es divulgadas, o recorde \u00e9 de Obama e de Biden. Obama deportou tr\u00eas milh\u00f5es de imigrantes em seus oito anos, uma m\u00e9dia de 375.000 por ano. Quem quebrou o recorde anual foi Biden em 2024, com 700.000 deportados. Agora, quais s\u00e3o os n\u00fameros dos anos em que Trump governou? Apenas 250 mil pessoas foram deportadas em quatro anos.<\/p>\n<p>Ent\u00e3o, a realidade do imperialismo e de seus governos \u00e9 muito duvidosa e confusa. Ela \u00e9 a express\u00e3o da sua crise. Isso porque um presidente dos EUA, n\u00e3o importa o que diga, expressa a crise econ\u00f4mica e pol\u00edtica do principal pa\u00eds capitalista. Ele precisa fazer esse discurso para os eleitores e sua base social ultra-reacion\u00e1ria e racista.<\/p>\n<p>&nbsp;<\/p>\n<p><strong>Tarifas e guerras comerciais significam mais lenha na fogueira da crise econ\u00f4mica capitalista<\/strong><\/p>\n<p>A outra quest\u00e3o a ser considerada \u00e9 at\u00e9 onde Trump ir\u00e1. H\u00e1 peronistas, como Guillermo Moreno, que o elogiaram (sic), porque ele \u00e9 \u201cprotecionista\u201d. Trump faz o discurso: \u201cVamos defender a ind\u00fastria\u201d e \u201cVamos impor tarifas a todos\u201d. Lan\u00e7ou o slogan: \u201cSe voc\u00ea n\u00e3o quer tarifas, venha produzir nos EUA\u201d.<\/p>\n<p>Tal slogan tem pouco a ver com a realidade da crise capitalista e com o funcionamento do capitalismo imperialista decadente. Ent\u00e3o, \u00e9 apenas um discurso para se justificar diante da crise. Isso porque os EUA v\u00eam enfrentando anos de decl\u00ednio das suas ind\u00fastrias b\u00e1sicas. Especialmente, a ind\u00fastria automobil\u00edstica, ligada \u00e0 sider\u00fargica. Trump est\u00e1 falando para um p\u00fablico de trabalhadores, em sua maioria brancos, desempregados ou com baixos sal\u00e1rios. A famosa regi\u00e3o que votou muito nele, o antigo \u201ccintur\u00e3o do a\u00e7o\u201d &#8211; as velhas f\u00e1bricas de autom\u00f3veis de Detroit e as sider\u00fargicas \u2013, est\u00e1 em decl\u00ednio h\u00e1 d\u00e9cadas.<\/p>\n<p>Isso \u00e9 uma consequ\u00eancia do fato de que o pr\u00f3prio imperialismo em crise colonizou ou semi-colonizou outros pa\u00edses, para que suas multinacionais pudessem obter super-lucros, com maiores cotas de explora\u00e7\u00e3o. E \u00e9 por isso que, nos \u00faltimos 40 anos, multinacionais americanas se mudaram para a China, assim como multinacionais da Europa e de outros lugares. Existem mais de 80.000 multinacionais na China capitalista, sob uma ditadura com a bandeira vermelha do Partido Comunista, que exploram as trabalhadoras e os trabalhadores. Pagam l\u00e1 sal\u00e1rios de 100 ou 200 d\u00f3lares, ou agora de 300 d\u00f3lares, pois houve aumentos nos \u00faltimos anos gra\u00e7as \u00e0s greves. Isso quando, nos pa\u00edses imperialistas, as multinacionais t\u00eam que pagar sal\u00e1rios de 3 mil ou 4 mil d\u00f3lares a um trabalhador industrial, ainda mais se ele for especializado.<\/p>\n<p>Ent\u00e3o, qual \u00e9 a validade do slogan \u201cvenha produzir aqui\u201d? Para quem ele est\u00e1 dizendo isso? Quem vai para os EUA? A grande ind\u00fastria automotiva do M\u00e9xico \u00e9 a maior exportadora de carros para os EUA. Algu\u00e9m conhece algum carro ou modelo mexicano? N\u00e3o existe carro mexicano. Existem modelos Ford, General Motors ou Chrysler.<\/p>\n<p>Come\u00e7ando pelas f\u00e1bricas de carros el\u00e9tricos de Elon Musk, que, se n\u00e3o \u00e9 o primeiro, \u00e9 o segundo maior bilion\u00e1rio do mundo, uma das pessoas mais ricas. Isso em um mundo com aproximadamente 8 bilh\u00f5es de habitantes. A maior f\u00e1brica de carros el\u00e9tricos da Tesla, de Musk, fica na China. No ano passado, a Tesla deu uma festa em sua f\u00e1brica na China para celebrar a produ\u00e7\u00e3o de 3 milh\u00f5es de carros el\u00e9tricos.<\/p>\n<p>Ent\u00e3o ele vai retirar a f\u00e1brica da Tesla da China, que produz centenas de milhares de carros por ano? No ano passado, o Canad\u00e1 imp\u00f4s uma tarifa de 100% sobre carros importados da China. Agora, qual era a marca dos carros chineses? Eles eram da Tesla. Isso mostra as contradi\u00e7\u00f5es do capitalismo. Elon Musk \u00e9 um fervoroso apoiador do governo de Trump e reclama quando tarifas s\u00e3o impostas no Canad\u00e1 e na Europa.<\/p>\n<p>Ou seja, estamos falando de Elon Musk, que \u00e9 um funcion\u00e1rio do governo e que compareceu \u00e0 posse de Trump junto com outros ultra-milion\u00e1rios. Com outro bilion\u00e1rio, Tim Cook, que \u00e9 CEO da Apple. Agora, em que lugar a Apple fabrica os iPhones, seus celulares? 95% na China. H\u00e1 pouca produ\u00e7\u00e3o nos EUA. V\u00e3o tarifar os celulares dele? Ele vai remover as f\u00e1bricas da China e da \u00cdndia, que produzem milh\u00f5es de celulares anualmente? Parece dif\u00edcil.<\/p>\n<p>Outro caso: a Nike e seus t\u00eanis. \u00c9 uma empresa antiga na China. Est\u00e1 l\u00e1 desde 1981, perto de completar 50 anos. Quantas f\u00e1bricas a Nike tem na China? 2 ou 3? Possui 195 f\u00e1bricas. Isso tem a ver com a crise do capitalismo, com o fato de que as multinacionais n\u00e3o est\u00e3o interessadas na \u201cind\u00fastria nacional\u201d dos Estados Unidos. Elas est\u00e3o interessadas apenas em seus lucros. E \u00e9 por isso que h\u00e1 uma desordem global e um decl\u00ednio permanente. \u00c9 por isso que as multinacionais v\u00e3o para a China, em que h\u00e1 uma ditadura capitalista que garante um ritmo de produ\u00e7\u00e3o tremendo. Uma das f\u00e1bricas, que \u00e9 taiwanesa (al\u00e9m disso, fala-se de uma poss\u00edvel guerra em Taiwan), \u00e9 da FoxCom, que \u00e9 associada \u00e0 Apple e produz 300 celulares por minuto.<\/p>\n<p>A Nike fechar\u00e1 as 195 f\u00e1bricas, para lev\u00e1-las para os EUA, como Trump exige? Ser\u00e3o impostas tarifas sobre os t\u00eanis da Nike, falsos ou originais, fabricados no mundo todo? Ent\u00e3o, h\u00e1 uma enorme contradi\u00e7\u00e3o entre o capitalismo e a realidade. Ou Trump est\u00e1 fazendo um discurso bl\u00e1 bl\u00e1 bl\u00e1. Por outro lado, se ele tarifar os t\u00eanis da Nike ou os celulares da Apple \u2013 ou os carros importados do M\u00e9xico \u2013, haver\u00e1 uma infla\u00e7\u00e3o tremenda nos EUA. A ind\u00fastria estadunidense de cal\u00e7ados j\u00e1 avisou Trump: 70% dos cal\u00e7ados s\u00e3o produzidos na China. N\u00e3o \u00e9 poss\u00edvel.<\/p>\n<p>A f\u00e1brica de brinquedos Basic Fun est\u00e1 na China h\u00e1 30 ou 40 anos. J\u00e1 disse a Trump, est\u00e1 nos jornais, que \u00e9 imposs\u00edvel come\u00e7ar a produzir Barbies ou Ursinhos Carinhosos nos EUA: \u201cnem em 12 meses nem nunca\u201d. Essa \u00e9 a realidade. Ent\u00e3o, do que Trump est\u00e1 falando?<\/p>\n<p>As contradi\u00e7\u00f5es do seu plano burgu\u00eas s\u00e3o \u00f3bvias. Por um lado, se as tarifas forem aplicadas de forma rigorosa, isso criar\u00e1 uma infla\u00e7\u00e3o muito forte nos EUA, afundando ainda mais o padr\u00e3o de vida das massas. Em outras palavras, a promessa de uma \u201cera de ouro\u201d tornaria-se ainda mais distante da realidade. Por outro lado, Trump vai colocar lenha na fogueira da crise capitalista global, com guerras comerciais, tarif\u00e1rias. Uma crise global que vai nos prejudicar, aos trabalhadores, \u00e0s trabalhadoras e aos povos. Por\u00e9m, no meio disso tudo h\u00e1 algo que eles n\u00e3o contam, que \u00e9 a luta das massas, do povo trabalhador dos Estados Unidos e do mundo.<\/p>\n<p>&nbsp;<\/p>\n<p><strong>As raz\u00f5es que explicam a chegada de um ultradireitista como Trump ao poder s\u00e3o as mesmas que explicam sua sa\u00edda do governo em 2020<\/strong><\/p>\n<p>As raz\u00f5es que explicam a chegada de Trump ao poder s\u00e3o as mesmas que explicam sua derrota nas elei\u00e7\u00f5es de 2020. N\u00e3o podemos esquecer que Trump foi derrotado, porque, veja bem, foi quebrada uma tradi\u00e7\u00e3o da democracia burguesa ianque: os presidentes geralmente s\u00e3o reeleitos. Obama foi reeleito. Trump n\u00e3o foi reeleito e, claro, Biden\/Harris tamb\u00e9m n\u00e3o. Prestem aten\u00e7\u00e3o nisso. A derrota dos Democratas e de Harris \u00e9 explicada pelo mesmo motivo que explica a derrota de Trump. Trata-se da eros\u00e3o dos partidos burgueses, neste caso dos dois principais partidos burgueses imperialistas. O \u201csonho americano\u201d entrou em colapso. A classe m\u00e9dia e a classe trabalhadora estadunidenses entraram em colapso.<\/p>\n<p>Tamb\u00e9m \u00e9 bom lembrar que h\u00e1 mais um ingrediente que explica a derrota de Trump. Ele perdeu devido \u00e0 grande mobiliza\u00e7\u00e3o de milh\u00f5es contra o assassinato pela pol\u00edcia do afro-americano George Floyd. Houve uma rebeli\u00e3o antirracista, como h\u00e1 d\u00e9cadas n\u00e3o se via nos EUA. Isso atingiu e enfraqueceu Trump. Demonstrou tamb\u00e9m a fraqueza dos governos de extrema-direita e o poder das massas. Quando elas se mobilizaram, como fizeram em maio de 2020, derrotaram esse fascista eleitoralmente. No entanto, Biden perdeu a elei\u00e7\u00e3o porque, desde Obama, o decl\u00ednio dos Estados Unidos tem significado o decl\u00ednio de seu povo. Por exemplo: nos EUA, 37 milh\u00f5es de pessoas, 11% da popula\u00e7\u00e3o, vivem na pobreza. E qualquer um que assista a filmes, s\u00e9ries ou assista ao notici\u00e1rio\u00a0 ver\u00e1 pessoas que vivem debaixo de pontes nos EUA; que vivem em tendas nas pra\u00e7as de Washington; que vivem no metr\u00f4. E isso est\u00e1 crescendo.<\/p>\n<p>Uma reflex\u00e3o interessante foi feita por Paul Krugman, estadunidense ganhador do Pr\u00eamio Nobel de Economia e um dos colunistas mais proeminentes do The New York Times. Depois de 25 anos, ele se aposentou, escrevendo uma \u00faltima coluna. E \u00e9 interessante o que ele disse. Comparou o momento em que come\u00e7ou a escrever sua coluna, em 2000, com a situa\u00e7\u00e3o dos EUA 25 anos depois. O otimismo que ele via nas pessoas, nos estadunidenses, em 2000 foi substitu\u00eddo \u201cpor raiva e ressentimento\u201d. E outra defini\u00e7\u00e3o que ele faz \u00e9 que \u201ch\u00e1 um colapso na confian\u00e7a nas elites\u201d (Clarin, Argentina, 11\/12\/2024). Um jornalista pr\u00f3-capitalista como ele reflete bem a crise dos Estados Unidos e do mundo, porque o colapso da confian\u00e7a nas elites \u00e9 global. Milei tamb\u00e9m chegou ao poder na Argentina porque houve um \u201ccolapso\u201d pol\u00edtico, segundo a defini\u00e7\u00e3o de Paul Krugman, \u201cdas elites\u201d. Isso porque os trabalhadores e os setores populares n\u00e3o acreditam mais nos governos patronais. E esse \u00e9 um fen\u00f4meno que est\u00e1 se espalhando pelo mundo todo. Isso tem rela\u00e7\u00e3o com o crescimento da pobreza e da mis\u00e9ria, da desigualdade. Os dados mais recentes sobre a desigualdade social global, que est\u00e1 crescendo, s\u00e3o de que 1% da popula\u00e7\u00e3o mundial, 56 milh\u00f5es de pessoas, det\u00e9m 46% da riqueza do mundo, que tem 8 bilh\u00f5es de habitantes. No top 10 das pessoas mais ricas do mundo est\u00e3o aqueles que governam ao lado de Trump.<\/p>\n<p>&nbsp;<\/p>\n<p><strong>A tend\u00eancia de crescimento da extrema-direita no mundo \u00e9 baseada na frustra\u00e7\u00e3o das massas com os governos e pol\u00edticos capitalistas<\/strong><\/p>\n<p>O crescimento da extrema-direita \u00e9 uma quest\u00e3o evidentemente preocupante. \u00c9 um sinal de para onde os EUA, a Argentina e o mundo est\u00e3o caminhando. Trump, Milei e Meloni s\u00e3o fascistas. Individualmente, eles s\u00e3o fascistas. Outra coisa \u00e9 se j\u00e1 existe fascismo. Isso \u00e9 muito importante. A crescente emerg\u00eancia, a ascens\u00e3o e chegada ao governo de figuras como Bolsonaro, Milei, Trump e Meloni, o crescimento do Vox na Espanha e de Orb\u00e1n na Hungria, tem rela\u00e7\u00e3o com a quest\u00e3o das frustra\u00e7\u00f5es levantada por Paul Krugman. N\u00f3s, socialistas revolucion\u00e1rios, definimos tal fen\u00f4meno como a ruptura de milh\u00f5es em todo o mundo, com diferentes express\u00f5es em cada pa\u00eds, com os partidos e as dire\u00e7\u00f5es pol\u00edticas tradicionais. Nesse contexto, muitas pessoas j\u00e1 est\u00e3o escrevendo com preocupa\u00e7\u00e3o: estamos entrando numa \u201ccrise da democracia\u201d e as massas est\u00e3o se inclinando a favor de regimes autorit\u00e1rios. N\u00f3s n\u00e3o vemos dessa forma. Depende do que queremos dizer. O que est\u00e1 em crise \u00e9 o que diz Paul Krugman: as elites burguesas. Trata-se da crise da democracia burguesa, da crise da aplica\u00e7\u00e3o de um capitalismo selvagem e explorador. Como n\u00e3o conseguem resolver a crise, as ferramentas das elites s\u00e3o a aplica\u00e7\u00e3o de ajustes permanentes aos povos; s\u00e3o os planos das multinacionais, do FMI, do Banco Mundial, etc.<\/p>\n<p>A realidade \u00e9 que h\u00e1 uma tremenda confus\u00e3o na consci\u00eancia da classe trabalhadora e dos setores populares, porque ainda n\u00e3o h\u00e1 uma alternativa socialista clara no mundo, nem para as elei\u00e7\u00f5es, nem para a luta. Ainda estamos num processo de reconstru\u00e7\u00e3o, devido ao fracasso do que se chamava socialismo no s\u00e9culo XX, algo que n\u00e3o era socialismo, mas um falso socialismo, o stalinismo. Ou dos Maduros da vida, a reencarna\u00e7\u00e3o do stalinismo na forma de burguesia. Ent\u00e3o, logicamente, a classe trabalhadora confunde o socialismo com um suposto esquerdista como Daniel Ortega, que prende e mata pessoas, ou com Maduro. Do mesmo modo, muitos na Argentina acreditam que a esquerda \u00e9 Cristina e o peronismo. \u00c9 por isso que lutamos para construir uma alternativa, para chegar \u00e0 classe trabalhadora, aos setores populares, \u00e0 juventude, para explicar qual \u00e9 a realidade de fundo.<\/p>\n<p>Ent\u00e3o, o que est\u00e1 em crise \u00e9 a democracia burguesa, os parlamentos, os governos e a justi\u00e7a patronal. Os setores de extrema-direita usam essa crise para denunciar a \u201ccasta\u201d e se apresentar falsamente como algo politicamente diferente. Na verdade, fazem parte dos pol\u00edticos e governos exploradores. No entanto, seus governos ainda n\u00e3o s\u00e3o o fascismo. Ainda s\u00e3o fen\u00f4menos pol\u00edtico-eleitorais. Isso \u00e9 muito importante, pois h\u00e1 muita discuss\u00e3o na esquerda, at\u00e9 mesmo no trotskismo. H\u00e1 muito medo entre as pessoas, entre nossos companheiros e companheiras, familiares e amigos. Na Argentina \u00e9 concreto: para onde Milei est\u00e1 indo? O fascismo est\u00e1 chegando?<\/p>\n<p>Ent\u00e3o, aqui est\u00e1 o problema: j\u00e1 estamos nos aproximando do fascismo? Respondemos que n\u00e3o, pois o regime fascista \u00e9 outra coisa. \u00c9 importante esclarecer: fascismo \u00e9 uma mudan\u00e7a de regime; fascismo \u00e9 Mussolini, Hitler, Videla. \u00c9 um golpe. A classe trabalhadora \u00e9 esmagada, as liberdades pol\u00edticas e sindicais s\u00e3o destru\u00eddas, todos aqueles que se op\u00f5em s\u00e3o presos, desaparecidos\u2026. Isso \u00e9 fascismo. Ele foi derrotado quando Mussolini foi enforcado, em abril de 1945, na It\u00e1lia, 80 anos atr\u00e1s. Por\u00e9m, o fascismo ressurge. N\u00f3s vivemos isso na Am\u00e9rica Latina, sob outra forma, com as ditaduras, como a de Videla ou a de Pinochet.<\/p>\n<p>Embora n\u00e3o haja fascismo por enquanto, n\u00e3o podemos minimizar esse risco. N\u00e3o. Milei \u00e9 um perigo. Trump \u00e9 um perigo. \u00c9 preciso lutar para derrot\u00e1-los.<\/p>\n<p>H\u00e1 setores do peronismo e tamb\u00e9m da esquerda que minimizam Milei, argumentando que \u201cn\u00e3o \u00e9 fascismo\u201d. Tais setores, \u00e0s vezes, se op\u00f5em a levantar consignas \u201cantifascistas\u201d.<\/p>\n<p>Trump, Milei, Meloni e Le Pen querem isso [o fascismo]. Portanto, s\u00e3o um perigo. Todavia, por enquanto, n\u00e3o podem realiz\u00e1-lo. Elon Musk \u00e9 o bra\u00e7o direito de Trump. Ele fez a sauda\u00e7\u00e3o nazista e pediu abertamente votos no partido neonazista nas elei\u00e7\u00f5es de fevereiro na Alemanha. Isso levou centenas de milhares de pessoas \u00e0s ruas na Alemanha para protestar contra Musk e os neonazistas. Temos que explicar tudo isso aos nossos companheiros e companheiras. Trump perdeu a elei\u00e7\u00e3o de 2020 e n\u00e3o conseguiu impor uma ditadura fascista. Bolsonaro tamb\u00e9m. Ele est\u00e1 sendo julgado e foi proibido de disputar a pr\u00f3xima elei\u00e7\u00e3o. Tamb\u00e9m tentou um golpe &#8211; fracassado &#8211; no Brasil. Ent\u00e3o, n\u00e3o \u00e9 fascismo, mas \u00e9 um perigo. \u00c9 por isso que temos que repudi\u00e1-los e lutar. Como sempre disseram os revolucion\u00e1rios marxistas, Trotsky e tamb\u00e9m Nahuel Moreno: com o fascismo n\u00e3o se discute. Ele deve ser destru\u00eddo atrav\u00e9s da mobiliza\u00e7\u00e3o.<\/p>\n<p>Portanto, ainda h\u00e1 tempo, pois no momento s\u00e3o fen\u00f4menos pol\u00edtico-eleitorais. Eles at\u00e9 perdem elei\u00e7\u00f5es, porque n\u00e3o t\u00eam condi\u00e7\u00f5es de impor ditaduras. Vejamos o exemplo da Coreia do Sul, essa suposta democracia burguesa pr\u00f3-ianque. O presidente, um Milei da Coreia do Sul, perdeu as elei\u00e7\u00f5es legislativas em abril do ano passado e ficou em minoria no parlamento. N\u00e3o conseguiu aprovar uma lei de acordo com suas pretens\u00f5es e come\u00e7ou a lan\u00e7ar decretos do tipo dos de Milei, contra a igualdade de g\u00eanero e homenageando os militares que governaram na d\u00e9cada de 1980. Ent\u00e3o, um dia em novembro, declarou lei marcial, suspendendo o parlamento, todas as liberdades, o direito de protestar, etc. Durou apenas algumas horas. \u00c0s 4 da manh\u00e3, a lei marcial foi suspensa, porque as pessoas come\u00e7aram a sair \u00e0s ruas em Seul, a capital. Ele foi for\u00e7ado a renunciar. Houve greves e manifesta\u00e7\u00f5es. Isso na Coreia do Sul, um pa\u00eds que tem bases ianques permanentes h\u00e1 mais de 60 anos, com 60 ou 70 mil soldados. N\u00e3o conseguiram impedir as mobiliza\u00e7\u00f5es. Esse homem est\u00e1 sendo julgado. Os promotores est\u00e3o debatendo entre duas senten\u00e7as: pris\u00e3o perp\u00e9tua ou morte, a pena capital. E agora h\u00e1 um governo provis\u00f3rio de centro-esquerda, que emergiu do parlamento. Ent\u00e3o, por enquanto, o fascismo n\u00e3o est\u00e1 acontecendo. E n\u00e3o acontecer\u00e1 se conseguirmos nos mobilizar.<\/p>\n<p>&nbsp;<\/p>\n<p><strong>Continua v\u00e1lido o slogan \u201ccom o fascismo n\u00e3o se discute, ele deve ser esmagado pela mobiliza\u00e7\u00e3o\u201d<\/strong><\/p>\n<p>A extrema-direita deve ser derrotada por meio da mobiliza\u00e7\u00e3o de massas. Os regimes fascistas ainda n\u00e3o triunfaram, nem nos Estados Unidos com Trump, nem na Argentina com Milei. No entanto, n\u00e3o podemos ser complacentes. \u00c9 por isso que as greves gerais, que ocorreram no in\u00edcio de 2024, foram importantes. Depois, a CGT fez um acordo. A marcha universit\u00e1ria tamb\u00e9m foi muito importante. Ent\u00e3o, essa \u00e9 a maneira de derrotar um Milei. N\u00e3o com as elei\u00e7\u00f5es. Vamos disputar as elei\u00e7\u00f5es,\u00a0 para fortalecer a Izquierda Socialista e a FIT-U como alternativa pol\u00edtica. Por\u00e9m, para frustrar qualquer tentativa verdadeiramente fascista e contrarrevolucion\u00e1ria, devemos impulsionar as lutas e a mais ampla unidade de a\u00e7\u00e3o. Foi assim que os protestos contra o assassinato de George Floyd impediram a reelei\u00e7\u00e3o de Trump em 2020. Esse \u00e9 o caminho que o povo e a juventude estadunidense e mundial devem trilhar novamente.<\/p>\n<p>O outro exemplo \u00e9 a resposta do povo palestino contra Trump e sua bravata de querer expuls\u00e1-los de Gaza. Ele recebeu uma resposta contundente. Trump disse que as pessoas n\u00e3o podem viver nos escombros: \u201coferecemos um plano de reconstru\u00e7\u00e3o\u201d, \u201ctodos devem ir para a Jord\u00e2nia e o Egito\u201d. No mesmo momento em que ele disse isso, centenas de milhares de palestinos voltavam para casa, em um espet\u00e1culo incr\u00edvel. \u00c9 comovente o que o povo palestino faz, com carro\u00e7as e mulas, carros velhos, caminhando, de bicicleta, com suas fam\u00edlias, carregando cobertores e colch\u00f5es. \u00c9 uma mobiliza\u00e7\u00e3o de massa. Faz parte da sua resist\u00eancia hist\u00f3rica. Todos disseram: \u201cn\u00e3o vamos sair daqui\u201d, \u201c\u00e9 a nossa casa\u201d, \u201c\u00e9 a nossa terra\u201d. Essa \u00e9 a resposta para Trump e os fascistas sionistas,\u00a0 Netanyahu e o seu governo. Eles podem continuar a matar, agora na Cisjord\u00e2nia, mas n\u00e3o vencer\u00e3o, porque n\u00e3o foram capazes de derrotar o povo palestino. O povo palestino \u00e9 o exemplo mais claro de que os fascistas podem ser derrotados, mais cedo ou mais tarde. Como Izquierda Socialista e UIT-QI, essa \u00e9 nossa conclus\u00e3o, nosso papel e nossa tarefa. Tentamos sempre construir uma dire\u00e7\u00e3o pol\u00edtica socialista e revolucion\u00e1ria alternativa, porque a solu\u00e7\u00e3o de fundo para toda a decad\u00eancia social e humanit\u00e1ria que existe nos Estados Unidos, na Argentina e no mundo \u00e9 o socialismo em cada pa\u00eds e em todo globo, com democracia para o povo trabalhador e os setores populares. Para isso, \u00e9 preciso continuar construindo uma alternativa socialista revolucion\u00e1ria.<\/p>\n","protected":false},"excerpt":{"rendered":"<p>Por Miguel Sorans, dirigente da Izquierda Socialista e da UIT-QI &nbsp; Reproduzimos o discurso de Miguel Sorans, transcrito e corrigido, proferido numa palestra realizada na quinta-feira, 30 de janeiro, organizada pela Juventude da Izquierda Socialista (JIS), juventude da se\u00e7\u00e3o argentina da UIT-QI. Poucos dias depois,<\/p>\n","protected":false},"author":1,"featured_media":16768,"comment_status":"open","ping_status":"open","sticky":false,"template":"","format":"standard","meta":{"footnotes":""},"categories":[6],"tags":[],"class_list":["post-16767","post","type-post","status-publish","format-standard","has-post-thumbnail","hentry","category-internacional"],"_links":{"self":[{"href":"https:\/\/www.cstuit.com\/home\/wp-json\/wp\/v2\/posts\/16767","targetHints":{"allow":["GET"]}}],"collection":[{"href":"https:\/\/www.cstuit.com\/home\/wp-json\/wp\/v2\/posts"}],"about":[{"href":"https:\/\/www.cstuit.com\/home\/wp-json\/wp\/v2\/types\/post"}],"author":[{"embeddable":true,"href":"https:\/\/www.cstuit.com\/home\/wp-json\/wp\/v2\/users\/1"}],"replies":[{"embeddable":true,"href":"https:\/\/www.cstuit.com\/home\/wp-json\/wp\/v2\/comments?post=16767"}],"version-history":[{"count":0,"href":"https:\/\/www.cstuit.com\/home\/wp-json\/wp\/v2\/posts\/16767\/revisions"}],"wp:featuredmedia":[{"embeddable":true,"href":"https:\/\/www.cstuit.com\/home\/wp-json\/wp\/v2\/media\/16768"}],"wp:attachment":[{"href":"https:\/\/www.cstuit.com\/home\/wp-json\/wp\/v2\/media?parent=16767"}],"wp:term":[{"taxonomy":"category","embeddable":true,"href":"https:\/\/www.cstuit.com\/home\/wp-json\/wp\/v2\/categories?post=16767"},{"taxonomy":"post_tag","embeddable":true,"href":"https:\/\/www.cstuit.com\/home\/wp-json\/wp\/v2\/tags?post=16767"}],"curies":[{"name":"wp","href":"https:\/\/api.w.org\/{rel}","templated":true}]}}