

	{"id":16824,"date":"2025-03-07T14:53:38","date_gmt":"2025-03-07T17:53:38","guid":{"rendered":"https:\/\/www.cstuit.com\/home\/?p=16824"},"modified":"2025-03-07T14:53:38","modified_gmt":"2025-03-07T17:53:38","slug":"belem-ato-contra-aumento-da-passagem-de-onibus","status":"publish","type":"post","link":"https:\/\/www.cstuit.com\/home\/2025\/03\/07\/belem-ato-contra-aumento-da-passagem-de-onibus\/","title":{"rendered":"BEL\u00c9M | ATO CONTRA AUMENTO DA PASSAGEM DE \u00d4NIBUS"},"content":{"rendered":"<p><span style=\"font-family: inherit; font-style: inherit;\">Ocorreu na manh\u00e3 da sexta-feira (28\/2) o primeiro ato contra o aumento da tarifa de \u00f4nibus em Bel\u00e9m. Os empres\u00e1rios mafiosos pedem reajuste dos atuais R$4 para R$5,85. Uma verdadeiro assalto aos sal\u00e1rios da classe trabalhadora.<\/span><\/p>\n<p>O protesto foi marcado para o local que ocorreria a reuni\u00e3o do Conselho de Transporte para referendar o reajuste proposto pela patronal. A reuni\u00e3o do Conselho foi cancelada, mas os manifestantes realizaram caminhada pela avenida Almirante Barroso at\u00e9 S\u00e3o Br\u00e1s para denunciar \u00e0 classe trabalhadora e ao povo o reajuste ileg\u00edtimo e imoral proposto pela burguesia do transporte com apoio do prefeito Igor Normando (MDB) e da maioria da C\u00e2mara Municipal de Bel\u00e9m (CMB).<\/p>\n<p>*Nenhum centavo a mais para os empres\u00e1rios de \u00f4nibus*<\/p>\n<p>O servi\u00e7o de transporte rodovi\u00e1rio em Bel\u00e9m que j\u00e1 era muito ruim piorou demais desde a pandemia. Para manterem seus lucros milion\u00e1rios, os empres\u00e1rios diminu\u00edram a frota, demitiram rodovi\u00e1rios e pediram e ganharam isen\u00e7\u00e3o milion\u00e1ria de impostos, na casa de R$250 milh\u00f5es. Esta isen\u00e7\u00e3o tamb\u00e9m obrigava os empres\u00e1rios a comprarem 300 novos \u00f4nibus para renovar a frota, algo que n\u00e3o vimos ser implementado. Essa isen\u00e7\u00e3o, na pr\u00e1tica, \u00e9 dinheiro p\u00fablico dos nossos impostos para que os empres\u00e1rios melhorassem o servi\u00e7o e continuassem lucrando.<br \/>\n*Defendemos que n\u00e3o haja nenhum reajuste na passagem*. Sabemos que os patr\u00f5es pedem um valor elevado para acabarem aceitando um reajuste menor e o prefeito pousar como bom mo\u00e7o que n\u00e3o deu tudo o que os patr\u00f5es queriam. Esta mesma t\u00e1tica foi usada pelo ex-prefeito Edmilson (PSOL-PT-PcdoB) quando reajustou a passagem em 2022, inclusive com repress\u00e3o policial contra a juventude.<\/p>\n<p>*Transporte de qualidade, passe-livre, municipaliza\u00e7\u00e3o do servi\u00e7o rumo \u00e0 tarifa zero*<\/p>\n<p>Al\u00e9m da luta pelo congelamento das passagens, devemos impulsionar um forte movimento entre a juventude, a classe trabalhadora e o povo pobre para que possamos ir al\u00e9m, para conquistarmos um transporte realmente p\u00fablico e de qualidade, com passe-livre para estudantes e desempregados, rumo \u00e0 tarifa zero para toda a popula\u00e7\u00e3o. Quando falamos em transporte p\u00fablico, \u00e9 porque defendemos que o munic\u00edpio assuma o servi\u00e7o, tirando das m\u00e3os dos empres\u00e1rios de \u00f4nibus que visam o lucro e n\u00e3o o bem-estar da popula\u00e7\u00e3o usu\u00e1ria do transporte. Defendemos que o servi\u00e7o seja controlado pelos trabalhadores rodovi\u00e1rios e a popula\u00e7\u00e3o da cidade. \u00danica forma de garantir um servi\u00e7o de qualidade e valoriza\u00e7\u00e3o e direitos aos rodovi\u00e1rios.<\/p>\n<p>*Exigimos da UNE, DCE-UFPA, CUT, CTB, PT, PSOL, PCdoB uma mobiliza\u00e7\u00e3o unificada contra o aumento da passagem*<\/p>\n<p>Derrotar o aumento da passagem e avan\u00e7ar na nossa pauta \u00e9 poss\u00edvel e necess\u00e1rio. Para isso, no entanto, as organiza\u00e7\u00f5es de esquerda precisam jogar seu peso para construir essas mobiliza\u00e7\u00f5es. Ap\u00f3s o Carnaval haver\u00e1 reuni\u00e3o para constru\u00e7\u00e3o de novos protestos. \u00c9 importante que todos nos somemos aos atos. Nas ruas para derrotar o reajuste imoral de Igor Normando e da patronal do transporte.<\/p>\n","protected":false},"excerpt":{"rendered":"<p>Ocorreu na manh\u00e3 da sexta-feira (28\/2) o primeiro ato contra o aumento da tarifa de \u00f4nibus em Bel\u00e9m. Os empres\u00e1rios mafiosos pedem reajuste dos atuais R$4 para R$5,85. Uma verdadeiro assalto aos sal\u00e1rios da classe trabalhadora. O protesto foi marcado para o local que ocorreria<\/p>\n","protected":false},"author":1,"featured_media":0,"comment_status":"open","ping_status":"open","sticky":false,"template":"","format":"standard","meta":{"footnotes":""},"categories":[5],"tags":[],"class_list":["post-16824","post","type-post","status-publish","format-standard","hentry","category-nacional"],"_links":{"self":[{"href":"https:\/\/www.cstuit.com\/home\/wp-json\/wp\/v2\/posts\/16824","targetHints":{"allow":["GET"]}}],"collection":[{"href":"https:\/\/www.cstuit.com\/home\/wp-json\/wp\/v2\/posts"}],"about":[{"href":"https:\/\/www.cstuit.com\/home\/wp-json\/wp\/v2\/types\/post"}],"author":[{"embeddable":true,"href":"https:\/\/www.cstuit.com\/home\/wp-json\/wp\/v2\/users\/1"}],"replies":[{"embeddable":true,"href":"https:\/\/www.cstuit.com\/home\/wp-json\/wp\/v2\/comments?post=16824"}],"version-history":[{"count":0,"href":"https:\/\/www.cstuit.com\/home\/wp-json\/wp\/v2\/posts\/16824\/revisions"}],"wp:attachment":[{"href":"https:\/\/www.cstuit.com\/home\/wp-json\/wp\/v2\/media?parent=16824"}],"wp:term":[{"taxonomy":"category","embeddable":true,"href":"https:\/\/www.cstuit.com\/home\/wp-json\/wp\/v2\/categories?post=16824"},{"taxonomy":"post_tag","embeddable":true,"href":"https:\/\/www.cstuit.com\/home\/wp-json\/wp\/v2\/tags?post=16824"}],"curies":[{"name":"wp","href":"https:\/\/api.w.org\/{rel}","templated":true}]}}