

	{"id":16827,"date":"2025-03-11T11:30:43","date_gmt":"2025-03-11T14:30:43","guid":{"rendered":"https:\/\/www.cstuit.com\/home\/?p=16827"},"modified":"2025-03-11T11:30:43","modified_gmt":"2025-03-11T14:30:43","slug":"8m-tomar-as-ruas-em-defesa-dos-nossos-direitos-conquistados-nas-lutas","status":"publish","type":"post","link":"https:\/\/www.cstuit.com\/home\/2025\/03\/11\/8m-tomar-as-ruas-em-defesa-dos-nossos-direitos-conquistados-nas-lutas\/","title":{"rendered":"8M: tomar as ruas em defesa dos nossos direitos conquistados nas lutas"},"content":{"rendered":"<p>Este 8M ser\u00e1 o primeiro desde que o ultradireitista, machista e mis\u00f3gino Trump retornou \u00e0 presid\u00eancia dos EUA, o principal pa\u00eds imperialista. O crescimento de correntes de extrema-direita em todo o mundo faz parte dos novos fen\u00f4menos pol\u00edticos, que personificam a rea\u00e7\u00e3o patriarcal e religiosa que ataca com particular intensidade os direitos conquistados por meio da luta nas ruas. Os resultados das elei\u00e7\u00f5es na Alemanha, com suas nuances, confirmam esse cen\u00e1rio.<\/p>\n<p>Enquanto o acordo de cessar-fogo em Gaza foi assinado em janeiro \u2013 um rev\u00e9s para Israel e uma derrota de sua pol\u00edtica genocida, que falhou na tentativa de destruir a resist\u00eancia do povo palestino e colonizar Gaza \u2013, Trump declarou que &#8220;os habitantes de Gaza deveriam deixar seu territ\u00f3rio e ir para o Egito e a Jord\u00e2nia&#8221; e que &#8220;os Estados Unidos assumir\u00e3o o controle da Faixa de Gaza\u2026. N\u00f3s seremos donos dela&#8221;. Em outras palavras, reafirmou uma pol\u00edtica de expuls\u00e3o e realoca\u00e7\u00e3o da popula\u00e7\u00e3o origin\u00e1ria de Gaza, para realizar um neg\u00f3cio imobili\u00e1rio a servi\u00e7o da pol\u00edtica racista e de limpeza \u00e9tnica de Israel. Neste 8 de mar\u00e7o, vamos \u00e0s ruas para repudiar as declara\u00e7\u00f5es de Trump e dizer em alto e bom som: existir \u00e9 resistir! N\u00e3o \u00e0 limpeza \u00e9tnica! Viva a Palestina livre, do rio ao mar! Que os governos rompam rela\u00e7\u00f5es pol\u00edticas, diplom\u00e1ticas, econ\u00f4micas e militares com o Estado de Israel! A causa do povo palestino \u00e9 uma causa feminista!<\/p>\n<p>Outro ponto de resist\u00eancia \u00e0 extrema-direita global \u00e9 a Argentina, governada por Javier Milei, que foi recentemente repudiado em massa nas ruas no 1F [1\u00ba de fevereiro], com a marcha do orgulho antifascista e antirracista contra o discurso de \u00f3dio em rela\u00e7\u00e3o \u00e0s mulheres e \u00e0s dissid\u00eancias proferido pelo presidente em Davos. Mais de um milh\u00e3o de pessoas sa\u00edram \u00e0s ruas para expressar sua indigna\u00e7\u00e3o com um governo que se posicionou contra o reconhecimento social da viol\u00eancia de g\u00eanero, conquistado com as lutas de \u201cNi Una Menos\u201d, e realizou cortes nas pol\u00edticas de combate \u00e0 viol\u00eancia machista e contra os ataques \u00e0 identidade de g\u00eanero; \u00e0 cota para travestis (trans); \u00e0 Lei de Educa\u00e7\u00e3o Sexual Integral e muitos outros direitos. Neste 8 de mar\u00e7o, vamos \u00e0s ruas para impedi\u00adr os ataques \u00e0s nossas conquistas: n\u00e3o passar\u00e3o por cima dos nossos direitos!<\/p>\n<p>Na Turquia, o regime declarou 2025 como o ano da fam\u00edlia e est\u00e1 promovendo pol\u00edticas para reter as mulheres em casa, buscando controlar nossos corpos e usurpar nossos direitos. O regime tamb\u00e9m intensificou sua pol\u00edtica de persegui\u00e7\u00e3o a pessoas LGBTI+ e continua a criminaliz\u00e1-las, sendo at\u00e9 mesmo a men\u00e7\u00e3o ao termo LGBTI+ em protestos motivo para pris\u00e3o. A criminaliza\u00e7\u00e3o do movimento de mulheres tamb\u00e9m continua.<\/p>\n<p>Os planos de ajuste que os governos aplicam \u00e0 classe trabalhadora, diante da atual crise capitalista, s\u00e3o particularmente prejudiciais \u00e0s mulheres e \u00e0s dissid\u00eancias dos setores populares. A combina\u00e7\u00e3o do patriarcado e do capitalismo, superexplorando as pessoas mais oprimidas da sociedade, significa que as mulheres e as dissid\u00eancias s\u00e3o os setores mais afetados com a precariza\u00e7\u00e3o do mercado de trabalho, t\u00eam os empregos mais mal pagos e s\u00e3o os primeiros a serem demitidos. O corte dos or\u00e7amentos para servi\u00e7os sociais, como sa\u00fade e educa\u00e7\u00e3o, \u00e9 uma forma de viol\u00eancia de g\u00eanero, que aumenta a carga de trabalho reprodutivo n\u00e3o remunerado. Essa viol\u00eancia econ\u00f4mica \u00e9 particularmente aguda contra imigrantes e pessoas racializadas, que enfrentam n\u00edveis mais altos de discrimina\u00e7\u00e3o. Diante dessas pol\u00edticas de austeridade, as mulheres lutam ao lado da classe trabalhadora, se mobilizando e se organizando, como \u00e9 o caso das grandes manifesta\u00e7\u00f5es no Panam\u00e1, contra o roubo de mais de onze bilh\u00f5es de d\u00f3lares das reservas da previd\u00eancia social, que pretendem transferir aos bancos por meio de contas individuais, aumentando em mais oito anos a idade de aposentadoria das mulheres. Em meio \u00e0 resist\u00eancia, a pol\u00edcia nacional est\u00e1 cometendo uma grave viol\u00eancia de g\u00eanero, com agress\u00f5es sexuais, pris\u00f5es e ass\u00e9dios de policiais contra as mulheres.<\/p>\n<p>A pol\u00edtica de deporta\u00e7\u00f5es em massa de imigrantes de Trump est\u00e1 afetando significativamente as mulheres e, particularmente, meninas, meninos e adolescentes, que muitas vezes s\u00e3o deixados sozinhos nos Estados Unidos em consequ\u00eancia de batidas policiais contra seus pais. Trump est\u00e1 transformando os pa\u00edses latino-americanos em dep\u00f3sitos de pessoas, criando mini-bases de\u00a0 Guant\u00e1namo por toda a regi\u00e3o. Exemplo: o Panam\u00e1, em que o governo de extrema-direita de Jos\u00e9 Mulino enviou pessoas, incluindo duas meninas deportadas sem acompanhantes, para uma base disfar\u00e7ada na selva de Darien. Ou est\u00e1 for\u00e7ando pa\u00edses como o M\u00e9xico a aumentar as for\u00e7as militares para conter o fluxo migrat\u00f3rio, levando \u00e0 viola\u00e7\u00e3o sistem\u00e1tica dos direitos humanos.<\/p>\n<p>O crescimento de pol\u00edticas e discursos de \u00f3dio e ultrarreacion\u00e1rios, e a exacerba\u00e7\u00e3o da viol\u00eancia imperialista e colonial, s\u00e3o acompanhados por um aumento do racismo e da xenofobia. Em todas as campanhas eleitorais e nos programas pol\u00edticos \u2014 n\u00e3o s\u00f3 da extrema-direita, mas tamb\u00e9m da social-democracia \u2014 aumentam as propostas que visam criminalizar, reprimir e culpabilizar os imigrantes. \u00c9 fundamental denunciar e enfrentar essas pol\u00edticas e a hipocrisia daqueles que negam direitos com o objetivo de manter uma enorme m\u00e3o-de-obra superexplorada em situa\u00e7\u00e3o administrativa irregular. <strong>Por isso, neste 8M, levantamos um grito internacional contra o racismo e o colonialismo: Nenhuma pessoa \u00e9 ilegal! Abaixo as leis de imigra\u00e7\u00e3o!<\/strong><\/p>\n<p>&nbsp;<\/p>\n<p><strong>No dia 8 de mar\u00e7o, vamos \u00e0s ruas para lutar por verbas para o combate \u00e0 viol\u00eancia de g\u00eanero e n\u00e3o para o pagamento da d\u00edvida externa<\/strong><\/p>\n<p>Por sua vez, os governos que afirmam ser populares ou de centro-esquerda tamb\u00e9m falharam em melhorar as condi\u00e7\u00f5es de vida das mulheres e das dissid\u00eancias, para al\u00e9m de seu duplo discurso. Com suas pol\u00edticas de ajuste e de endividamento externo, eles n\u00e3o conseguem atender \u00e0s demandas mais urgentes do movimento feminista. No Brasil, sob o governo Lula, o movimento feminista est\u00e1 enfrentando uma tentativa de retrocesso na legisla\u00e7\u00e3o que permite abortos legais em caso de estupro. Neste 8 de mar\u00e7o, dizemos: nem um passo atr\u00e1s!<\/p>\n<p>Em 2017, um grupo de feministas norte-americanas convocou a primeira PIM (greve feminista internacional) antes da posse do primeiro governo Trump, retomando a tradi\u00e7\u00e3o da Segunda Confer\u00eancia de Mulheres Socialista, em que Clara Zetkin prop\u00f4s o dia 8 de mar\u00e7o como uma data de luta pelos direitos das mulheres trabalhadoras. Hoje, diante do avan\u00e7o da extrema-direita, devemos realizar um 8M que se torne uma grande jornada internacionalista em defesa de todos os nossos direitos e contra os ajustes dos governos capitalistas.<\/p>\n<p>N\u00f3s homenageamos as trabalhadoras de Nova York, que lutaram contra a jornada de trabalho de 12 horas no in\u00edcio do s\u00e9culo XX, dando origem ao 8 de mar\u00e7o como o dia internacional de luta pelos direitos das trabalhadoras. E, hoje, impulsionamo todas as lutas, para que triunfem. Por\u00e9m, alertamos que, neste momento de profunda crise capitalista, nenhuma conquista, por menor que seja, poder\u00e1 ser garantida a longo prazo se n\u00e3o acabarmos com o sistema capitalista, que sobrevive \u00e0 custa da degrada\u00e7\u00e3o da humanidade \u2013 e, em primeiro lugar, da maioria despossu\u00edda &#8211; , da destrui\u00e7\u00e3o do planeta e da opress\u00e3o das mulheres e das dissid\u00eancias. N\u00f3s, da Unidade Internacional de Trabalhadoras e Trabalhadores \u2013 Quarta Internacional (UIT-QI), nos reivindicamos feministas socialistas e buscamos unir a luta anti-patriarcal com a luta anticapitalista para alcan\u00e7ar o triunfo do socialismo em todo o mundo e, dessa forma, acabar com todo tipo de explora\u00e7\u00e3o e opress\u00e3o. Tal tarefa s\u00f3 pode ser realizada por governos da classe trabalhadora e dos setores populares.<\/p>\n<p><strong>No 8M lutaremos em todo o mundo:<\/strong><strong>\u00a0<\/strong><\/p>\n<p><strong>Contra Trump e a extrema-direita<\/strong><\/p>\n<p><strong>Contra os planos de ajuste de todos os governos<\/strong><\/p>\n<p><strong>Contra o racismo e a xenofobia<\/strong><\/p>\n<p><strong>Contra os feminic\u00eddios e a viol\u00eancia de g\u00eanero<\/strong><\/p>\n<p><strong>Pela legaliza\u00e7\u00e3o do aborto<\/strong><\/p>\n<p><strong>Pela Palestina livre, do rio ao mar<\/strong><\/p>\n<p><strong>Com o nosso feminismo socialista contra todo tipo de opress\u00e3o e explora\u00e7\u00e3o<\/strong><\/p>\n<p><strong>\u00a0<\/strong><\/p>\n<p><em>Unidade Internacional de Trabalhadoras e Trabalhadores \u2013 Quarta Internacional<\/em><\/p>\n<p><strong>\u00a0<\/strong><\/p>\n<p><strong>\u00a0<\/strong><\/p>\n","protected":false},"excerpt":{"rendered":"<p>Este 8M ser\u00e1 o primeiro desde que o ultradireitista, machista e mis\u00f3gino Trump retornou \u00e0 presid\u00eancia dos EUA, o principal pa\u00eds imperialista. O crescimento de correntes de extrema-direita em todo o mundo faz parte dos novos fen\u00f4menos pol\u00edticos, que personificam a rea\u00e7\u00e3o patriarcal e religiosa<\/p>\n","protected":false},"author":1,"featured_media":16828,"comment_status":"open","ping_status":"open","sticky":false,"template":"","format":"standard","meta":{"footnotes":""},"categories":[55],"tags":[],"class_list":["post-16827","post","type-post","status-publish","format-standard","has-post-thumbnail","hentry","category-mulheres"],"_links":{"self":[{"href":"https:\/\/www.cstuit.com\/home\/wp-json\/wp\/v2\/posts\/16827","targetHints":{"allow":["GET"]}}],"collection":[{"href":"https:\/\/www.cstuit.com\/home\/wp-json\/wp\/v2\/posts"}],"about":[{"href":"https:\/\/www.cstuit.com\/home\/wp-json\/wp\/v2\/types\/post"}],"author":[{"embeddable":true,"href":"https:\/\/www.cstuit.com\/home\/wp-json\/wp\/v2\/users\/1"}],"replies":[{"embeddable":true,"href":"https:\/\/www.cstuit.com\/home\/wp-json\/wp\/v2\/comments?post=16827"}],"version-history":[{"count":0,"href":"https:\/\/www.cstuit.com\/home\/wp-json\/wp\/v2\/posts\/16827\/revisions"}],"wp:featuredmedia":[{"embeddable":true,"href":"https:\/\/www.cstuit.com\/home\/wp-json\/wp\/v2\/media\/16828"}],"wp:attachment":[{"href":"https:\/\/www.cstuit.com\/home\/wp-json\/wp\/v2\/media?parent=16827"}],"wp:term":[{"taxonomy":"category","embeddable":true,"href":"https:\/\/www.cstuit.com\/home\/wp-json\/wp\/v2\/categories?post=16827"},{"taxonomy":"post_tag","embeddable":true,"href":"https:\/\/www.cstuit.com\/home\/wp-json\/wp\/v2\/tags?post=16827"}],"curies":[{"name":"wp","href":"https:\/\/api.w.org\/{rel}","templated":true}]}}