

	{"id":16833,"date":"2025-03-11T11:35:19","date_gmt":"2025-03-11T14:35:19","guid":{"rendered":"https:\/\/www.cstuit.com\/home\/?p=16833"},"modified":"2025-03-11T11:35:19","modified_gmt":"2025-03-11T14:35:19","slug":"e-o-oscar-vai-para-palestina","status":"publish","type":"post","link":"https:\/\/www.cstuit.com\/home\/2025\/03\/11\/e-o-oscar-vai-para-palestina\/","title":{"rendered":"E o Oscar vai para\u2026 Palestina!"},"content":{"rendered":"<p><em>Por Adolfo Santos, dirigente da Izquierda Socialista\/FIT Unidad<\/em><\/p>\n<p>&nbsp;<\/p>\n<p>Os palestinos caminharam pelo tapete vermelho da Academia de Artes e Ci\u00eancias Cinematogr\u00e1ficas de Hollywood na noite da premia\u00e7\u00e3o do Oscar. \u201cNo Other Land\u201d recebeu o pr\u00eamio de melhor document\u00e1rio. N\u00e3o foi pouca coisa, considerando que nos Estados Unidos essa obra ainda n\u00e3o encontrou um distribuidor, num boicote repugnante da grande ind\u00fastria cinematogr\u00e1fica, que se recusa a revelar a verdadeira situa\u00e7\u00e3o no Oriente M\u00e9dio.<\/p>\n<p>O filme do palestino Basel Adra e do israelense Yuval Abraham, que ganhou o pr\u00eamio de melhor document\u00e1rio no Festival de Cinema de Berlim de 2024, retrata a destrui\u00e7\u00e3o da cidade palestina de Masafer Yatta por soldados do ex\u00e9rcito sionista na Cisjord\u00e2nia e os crimes perpetrados na regi\u00e3o sob o manto protetor do imperialismo ianque e internacional. \u00c9 por isso que eles querem esconder a dura realidade retratada no filme. Como acontece em qualquer document\u00e1rio, os autores fizeram grava\u00e7\u00f5es ao vivo de assassinatos e outras atrocidades cometidas por soldados israelenses e colonos invasores contra palestinos indefesos.<\/p>\n<p>\u201cNo Other Land\u201d mostra quem s\u00e3o as verdadeiras v\u00edtimas e quem s\u00e3o seus algozes. S\u00e3o cenas de crueldade parecidas com as a\u00e7\u00f5es do nazismo contra os pr\u00f3prios judeus durante o Holocausto. S\u00e3o mostradas enormes betoneiras carregadas de cimento bloqueando e inutilizando po\u00e7os de \u00e1gua em uma regi\u00e3o des\u00e9rtica, matando de sede um povo que se recusa a se render; tratores atacando casas humildes, postes de luz e o pr\u00e9dio prec\u00e1rio de uma pequena escola, em meio aos gritos de crian\u00e7as que n\u00e3o conseguem entender tamanho \u00f3dio por parte do invasor sionista. \u201cNo Other Land\u201d nada mais \u00e9 do que um pequeno peda\u00e7o da verdadeira hist\u00f3ria de uma coloniza\u00e7\u00e3o sangrenta.<\/p>\n<p>\u201cEspero que minha filha n\u00e3o tenha que viver a mesma vida que eu, sempre sob vigil\u00e2ncia, com invas\u00f5es, deslocamentos e ocupa\u00e7\u00e3o. Este filme reflete a dura realidade em que vivemos h\u00e1 d\u00e9cadas. Pedimos a\u00e7\u00f5es para p\u00f4r fim a esta injusti\u00e7a e \u00e0 limpeza \u00e9tnica do povo palestino\u201d, disse Basel Adra ao aceitar o pr\u00eamio. Por sua vez, Yuval Abraham, judeu e coautor do document\u00e1rio, que est\u00e1 sofrendo amea\u00e7as de morte, disse: \u201cFizemos este filme juntos, palestinos e israelenses, para tornar nossa voz mais forte. Precisamos de uma solu\u00e7\u00e3o pol\u00edtica, sem supremacia \u00e9tnica. Esta situa\u00e7\u00e3o de apartheid [\u2026] tem de acabar. A destrui\u00e7\u00e3o de Gaza \u00e9 horr\u00edvel [\u2026] Eu vivo livremente sob um regime civil, mas Adra vive sob um regime militar que destr\u00f3i sua vida.\u201d<\/p>\n<p>Sem d\u00favida, este filme ser\u00e1 mais um ponto de apoio para alavancar as \u201ca\u00e7\u00f5es\u201d pedidas por Adra contra o genoc\u00eddio liderado por Benjamin Netanyahu. Ele j\u00e1 alcan\u00e7ou um primeiro triunfo: transformar a cerim\u00f4nia do Oscar, um dos eventos de maior visibilidade do mundo, em uma cr\u00edtica \u00e0 pol\u00edtica imperialista e \u00e0 limpeza \u00e9tnica realizada pelo sionismo, em sua busca por construir um Grande Israel, controlando Gaza e a Cisjord\u00e2nia. Mesmo que brevemente, os palestinos devem sentir um pequeno al\u00edvio ao saber que, a todo momento, a pol\u00edtica imperialista e o genoc\u00eddio perpetrado pelo ex\u00e9rcito de ocupa\u00e7\u00e3o sionista s\u00e3o condenados em todo o mundo. Como disse Yuval, vozes unidas ser\u00e3o ouvidas mais alto, em um grito crescente: Palestina livre, do rio ao mar!<\/p>\n","protected":false},"excerpt":{"rendered":"<p>Por Adolfo Santos, dirigente da Izquierda Socialista\/FIT Unidad &nbsp; Os palestinos caminharam pelo tapete vermelho da Academia de Artes e Ci\u00eancias Cinematogr\u00e1ficas de Hollywood na noite da premia\u00e7\u00e3o do Oscar. \u201cNo Other Land\u201d recebeu o pr\u00eamio de melhor document\u00e1rio. N\u00e3o foi pouca coisa, considerando que<\/p>\n","protected":false},"author":1,"featured_media":16834,"comment_status":"open","ping_status":"open","sticky":false,"template":"","format":"standard","meta":{"footnotes":""},"categories":[790],"tags":[],"class_list":["post-16833","post","type-post","status-publish","format-standard","has-post-thumbnail","hentry","category-cultura"],"_links":{"self":[{"href":"https:\/\/www.cstuit.com\/home\/wp-json\/wp\/v2\/posts\/16833","targetHints":{"allow":["GET"]}}],"collection":[{"href":"https:\/\/www.cstuit.com\/home\/wp-json\/wp\/v2\/posts"}],"about":[{"href":"https:\/\/www.cstuit.com\/home\/wp-json\/wp\/v2\/types\/post"}],"author":[{"embeddable":true,"href":"https:\/\/www.cstuit.com\/home\/wp-json\/wp\/v2\/users\/1"}],"replies":[{"embeddable":true,"href":"https:\/\/www.cstuit.com\/home\/wp-json\/wp\/v2\/comments?post=16833"}],"version-history":[{"count":0,"href":"https:\/\/www.cstuit.com\/home\/wp-json\/wp\/v2\/posts\/16833\/revisions"}],"wp:featuredmedia":[{"embeddable":true,"href":"https:\/\/www.cstuit.com\/home\/wp-json\/wp\/v2\/media\/16834"}],"wp:attachment":[{"href":"https:\/\/www.cstuit.com\/home\/wp-json\/wp\/v2\/media?parent=16833"}],"wp:term":[{"taxonomy":"category","embeddable":true,"href":"https:\/\/www.cstuit.com\/home\/wp-json\/wp\/v2\/categories?post=16833"},{"taxonomy":"post_tag","embeddable":true,"href":"https:\/\/www.cstuit.com\/home\/wp-json\/wp\/v2\/tags?post=16833"}],"curies":[{"name":"wp","href":"https:\/\/api.w.org\/{rel}","templated":true}]}}