

	{"id":16836,"date":"2025-03-11T11:50:53","date_gmt":"2025-03-11T14:50:53","guid":{"rendered":"https:\/\/www.cstuit.com\/home\/?p=16836"},"modified":"2025-03-12T12:25:11","modified_gmt":"2025-03-12T15:25:11","slug":"com-ou-sem-eleicoes-nada-muda-para-os-trabalhadores-e-hora-de-construir-uma-alternativa","status":"publish","type":"post","link":"https:\/\/www.cstuit.com\/home\/2025\/03\/11\/com-ou-sem-eleicoes-nada-muda-para-os-trabalhadores-e-hora-de-construir-uma-alternativa\/","title":{"rendered":"COM OU SEM ELEI\u00c7\u00d5ES, NADA MUDA PARA OS TRABALHADORES \u2013 \u00c9 HORA DE CONSTRUIR UMA ALTERNATIVA"},"content":{"rendered":"<p><em>TU (Trabalhadores Unidos), sess\u00e3o da UIT-QI em Portugal<\/em><\/p>\n<p>Tal como o anterior governo de Ant\u00f3nio Costa, que caiu por suspeitas de tr\u00e1fico de influ\u00eancias no seu executivo, tamb\u00e9m o governo de Montenegro est\u00e1, muito provavelmente, prestes a cair um ano ap\u00f3s ter sido eleito, na sequ\u00eancia de um esc\u00e2ndalo que envolve um conflito entre os seus interesses empresariais e o desempenho das suas fun\u00e7\u00f5es como primeiro-ministro.<\/p>\n<p>Este novo cap\u00edtulo da crise do regime mostra que os partidos dos patr\u00f5es, PSD e PS, continuam a enfrentar a instabilidade e a desconfian\u00e7a provocada pelo conluio entre a sua governa\u00e7\u00e3o e os grandes interesses econ\u00f3micos, para quem sempre governam. A verdade \u00e9 que, com ou sem elei\u00e7\u00f5es, a crise n\u00e3o se resolver\u00e1, muito menos a favor dos trabalhadores. \u00c9 preciso construir uma alternativa pol\u00edtica e de luta!<\/p>\n<h2 class=\"wp-block-heading\"><strong>Negociatas e conflitos de interesses: Montenegro mostra o que \u00e9 governar \u201c\u00e0 patr\u00e3o\u201d<\/strong><\/h2>\n<p>A cada dia que passa, surgem novos casos que ligam o primeiro-ministro e o seu c\u00edrculo pr\u00f3ximo a negociatas e conflitos de interesse. O primeiro a ser implicado foi Hern\u00e2ni Dias, que, segundo Montenegro, agiu de forma \u201cimprudente\u201d ao criar duas empresas imobili\u00e1rias prontas para lucrar com a nova lei dos solos, que o pr\u00f3prio ajudou a redigir. No entanto, se Hern\u00e2ni Dias foi imprudente, Montenegro foi escandalosamente descarado.<\/p>\n<p>J\u00e1 assombrado pelo caso do pagamento de duas casas em Lisboa no valor de 715 mil euros, efetuado a pronto atrav\u00e9s de um esquema com v\u00e1rias contas banc\u00e1rias de valor inferior a 41 mil euros para fugir \u00e0s declara\u00e7\u00f5es de rendimentos, eis que vem a p\u00fablico a hist\u00f3ria da Spinumviva, uma empresa de consultoria fundada por Montenegro em 2021, que faturou 650 mil euros em circunst\u00e2ncias no m\u00ednimo estranhas, em apenas dois anos.<\/p>\n<p>Apesar de a mulher e os filhos de Montenegro serem s\u00f3cios, esta \u00e1rvore das patacas disfar\u00e7ada de neg\u00f3cio familiar \u00e9, na verdade, uma empresa unipessoal de Montenegro, que depende exclusivamente dos seus contactos pessoais. A Spinumviva n\u00e3o tem uma atividade empresarial real. Funciona como um canal atrav\u00e9s do qual Montenegro recebe dinheiro de grupos econ\u00f3micos que dependem de decis\u00f5es governamentais.<\/p>\n<p>Entre os clientes est\u00e1 a gasolineira Joaquim Barros Rodrigues &amp; Filhos, cujo propriet\u00e1rio \u00e9 pai de Jo\u00e3o Rodrigues, candidato do PSD \u00e0 C\u00e2mara de Braga. Essa empresa pagou 194 mil euros \u00e0 Spinumviva num s\u00f3 ano, ou seja, metade da sua fatura\u00e7\u00e3o total. Outro cliente da empresa \u00e9 a Solverde, de quem Montenegro foi advogado nas negocia\u00e7\u00f5es com o Estado, que prorrogou o contrato dos casinos at\u00e9 final de 2025 e que pagava 4700 euros por m\u00eas \u00e0 Spinumviva. N\u00e3o \u00e9 de estranhar que o primeiro-ministro tenha faltado \u00e0 cimeira que assinalava os tr\u00eas anos da invas\u00e3o russa da Ucr\u00e2nia para ir jogar golfe com o seu amigo, o dono da Solverde.<\/p>\n<p>Envolvido em pr\u00e1ticas duvidosas at\u00e9 ao pesco\u00e7o, Montenegro tenta apresentar-se como um \u201cpai de fam\u00edlia\u201d dedicado, culpando todos menos a si mesmo pela crise pol\u00edtica. Esta atitude tem alimentado todo o tipo de fugas para a frente, como a estrat\u00e9gia de passar a titularidade da empresa Spinumviva para a sua mulher, com quem est\u00e1 casado em uni\u00e3o de bens, apenas com a finalidade de mascarar os seus interesses e neg\u00f3cios, num esquema t\u00e3o \u00f3bvio que s\u00f3 o PSD finge n\u00e3o perceber.<\/p>\n<h2 class=\"wp-block-heading\"><strong>De chantagem em chantagem at\u00e9 \u00e0 queda final<\/strong><\/h2>\n<p>Com toda esta s\u00e9rie de casos centrados no primeiro-ministro, o governo est\u00e1 em risco. Ap\u00f3s ter sobrevivido a duas mo\u00e7\u00f5es de censura, Montenegro enfrenta agora uma mo\u00e7\u00e3o de confian\u00e7a apresentada pelo pr\u00f3prio. Se n\u00e3o obtiver apoio suficiente no Parlamento \u2013 o cen\u00e1rio praticamente certo \u2013, o governo cair\u00e1, abrindo caminho a elei\u00e7\u00f5es antecipadas.<\/p>\n<p>A verdade \u00e9 que Lu\u00eds Montenegro sempre quis elei\u00e7\u00f5es. Desde o primeiro dia do seu governo minorit\u00e1rio, tem amea\u00e7ado com elei\u00e7\u00f5es antecipadas, instabilidade e crises pol\u00edticas para tentar obter uma maioria que lhe garanta estabilidade \u2013 estabilidade n\u00e3o para os trabalhadores, mas para os seus neg\u00f3cios e os interesses dos grandes patr\u00f5es.<\/p>\n<p>Recordemos que, aquando da elei\u00e7\u00e3o do presidente da Assembleia da Rep\u00fablica, Montenegro deixou claro que a falta de apoio \u00e0 candidatura de Aguiar Branco poderia levar a elei\u00e7\u00f5es antecipadas. Tamb\u00e9m durante a discuss\u00e3o do programa do Governo, Montenegro repetiu a amea\u00e7a: se o programa fosse rejeitado, interpretaria isso como um voto de desconfian\u00e7a e poderia convocar elei\u00e7\u00f5es antecipadas. J\u00e1 na vota\u00e7\u00e3o do Or\u00e7amento de Estado, a mesma estrat\u00e9gia foi utilizada. O Governo e o Presidente da Rep\u00fablica jogaram continuamente com o fantasma de elei\u00e7\u00f5es antecipadas para for\u00e7ar os partidos a ceder.<\/p>\n<p>Para chumbar a mo\u00e7\u00e3o de confian\u00e7a, seria necess\u00e1rio o PS votar contra, o que Pedro Nuno Santos j\u00e1 afirmou estar dispon\u00edvel para fazer, apesar de o PS n\u00e3o ter propriamente interesse em ir a elei\u00e7\u00f5es, motivo que levou o seu l\u00edder a andar a suplicar ao PSD para retirar a mo\u00e7\u00e3o de confian\u00e7a. No entanto, tamb\u00e9m n\u00e3o se beneficia de proteger o governo numa crise desta natureza, o que o leva a chumbar a mo\u00e7\u00e3o de confian\u00e7a.<\/p>\n<p>Pelo seu lado, o Chega, ainda a sofrer com uma s\u00e9rie de casos que vieram a p\u00fablico, tamb\u00e9m n\u00e3o est\u00e1 interessado em novas elei\u00e7\u00f5es, al\u00e9m de que seria igualmente prejudicado se sustentasse o governo. Andr\u00e9 Ventura j\u00e1 confirmou que o partido votar\u00e1 contra a mo\u00e7\u00e3o de confian\u00e7a, apesar de o Chega ser o atualmente com a maior queda nas inten\u00e7\u00f5es de voto nas sondagens. Assim, tudo aponta para que o governo cair\u00e1, com os votos contra de PS e Chega, e Montenegro ter\u00e1 finalmente a elei\u00e7\u00e3o que deseja desde que assumiu fun\u00e7\u00f5es.<\/p>\n<p>Entretanto, os representantes do grande capital, incluindo Carlos Moedas e os representantes patronais do costume, v\u00eam a p\u00fablico dizer que \u201co povo n\u00e3o quer elei\u00e7\u00f5es nem crises pol\u00edticas\u201d, tentando atirar a culpa da crise pol\u00edtica para a oposi\u00e7\u00e3o que, apesar de ter deixado tudo o que este Governo precisou at\u00e9 hoje, Montenegro continua a acusar de n\u00e3o o deixar governar.<\/p>\n<p>No entanto, o que os trabalhadores realmente n\u00e3o querem \u00e9 um primeiro-ministro pago por grandes empresas, nem um governo que aprova leis para enriquecer os seus neg\u00f3cios e os dos seus amigos, e que n\u00e3o faz nada para resolver a crise da habita\u00e7\u00e3o, a destrui\u00e7\u00e3o dos servi\u00e7os p\u00fablicos e os baixos sal\u00e1rios.<\/p>\n<h2 class=\"wp-block-heading\"><strong>Governo(s) em queda, regime em crise: que sa\u00edda para os trabalhadores e a juventude?<\/strong><\/h2>\n<p>Esta crise n\u00e3o reflete apenas problemas de falta de transpar\u00eancia nem \u00e9 apenas mais uma crise de um qualquer governo. \u00c9 uma crise de todo um regime, com personagens e institui\u00e7\u00f5es descredibilizadas, que mant\u00eam um sistema que funciona para os poderosos \u00e0 custa dos trabalhadores e que, por conseguinte, est\u00e1 condenado a enfrentar crises recorrentes.<\/p>\n<p>Enquanto os partidos parlamentares disputam o poder, os trabalhadores e a juventude continuam a sofrer com dificuldades concretas: baixos sal\u00e1rios, precariedade, degrada\u00e7\u00e3o dos servi\u00e7os p\u00fablicos e uma crise habitacional sem precedentes. A solu\u00e7\u00e3o para esta crise n\u00e3o passa por substituir um primeiro-ministro ou um partido do regime por outro. O essencial \u00e9 compreender a quem realmente serve o governo, pois, enquanto os grandes interesses econ\u00f3micos continuarem a ditar as regras, nada mudar\u00e1.<\/p>\n<p>Assim, independentemente do desfecho desta crise, a realidade n\u00e3o ser\u00e1 transformada pelos pol\u00edticos ou pelas elei\u00e7\u00f5es sem a interven\u00e7\u00e3o organizada dos trabalhadores. A quest\u00e3o central n\u00e3o \u00e9 apenas quem exerce o poder, mas sim em benef\u00edcio de quem ele \u00e9 exercido. Para uma mudan\u00e7a verdadeira, \u00e9 indispens\u00e1vel um programa que rompa com as pol\u00edticas que favorecem os grandes empres\u00e1rios e que coloque as necessidades dos trabalhadores no centro das decis\u00f5es \u2014 algo que s\u00f3 ser\u00e1 poss\u00edvel com um governo dos trabalhadores.<\/p>\n<h2 class=\"wp-block-heading\"><strong>Trabalhadores Unidos: vem construir esta alternativa connosco<\/strong><\/h2>\n<p>O TU (Trabalhadores Unidos) ainda n\u00e3o concluiu o seu processo de legaliza\u00e7\u00e3o e, por conseguinte, n\u00e3o se poder\u00e1 apresentar a estas elei\u00e7\u00f5es, caso venham a realizar-se. No entanto,\u00a0 uma coisa \u00e9 certa: Se do PS nada esperamos de diferente do PSD, olhando \u00e0 sua esquerda nem Livre, nem BE, nem PCP se t\u00eam apresentado uma verdadeira alternativa para o pa\u00eds. O sectarismo do PCP e BE para n\u00e3o se apresentarem juntos s\u00f3 \u00e9 superado pelo oportunismo de, tal como o Livre, se submeterem ao PS e \u00e0s suas pol\u00edticas, abrindo caminho para a extrema-direita se tornar na voz \u00fanica da oposi\u00e7\u00e3o.<\/p>\n<p>Por isso \u00e9 fundamental construir uma alternativa dos trabalhadores, independente do regime e dos interesses dos donos disto tudo. A crise do governo n\u00e3o pode ser apenas um espet\u00e1culo parlamentar ou um jogo de troca de cadeiras; deve servir para mobilizar a luta por uma verdadeira transforma\u00e7\u00e3o social que sirva os interesses do povo trabalhador. O TU \u00e9 a ferramenta que estamos a construir para conseguir essa transforma\u00e7\u00e3o.<\/p>\n<p>Atualmente, estamos numa campanha para legalizar o TU como partido pol\u00edtico, o que nos permitir\u00e1 defender as nossas ideias e apresentar as nossas propostas em per\u00edodos eleitorais, chegando a mais pessoas. Precisamos do teu apoio. Junta-te a n\u00f3s!<\/p>\n","protected":false},"excerpt":{"rendered":"<p>TU (Trabalhadores Unidos), sess\u00e3o da UIT-QI em Portugal Tal como o anterior governo de Ant\u00f3nio Costa, que caiu por suspeitas de tr\u00e1fico de influ\u00eancias no seu executivo, tamb\u00e9m o governo de Montenegro est\u00e1, muito provavelmente, prestes a cair um ano ap\u00f3s ter sido eleito, na<\/p>\n","protected":false},"author":1,"featured_media":16837,"comment_status":"open","ping_status":"open","sticky":false,"template":"","format":"standard","meta":{"footnotes":""},"categories":[6],"tags":[],"class_list":["post-16836","post","type-post","status-publish","format-standard","has-post-thumbnail","hentry","category-internacional"],"_links":{"self":[{"href":"https:\/\/www.cstuit.com\/home\/wp-json\/wp\/v2\/posts\/16836","targetHints":{"allow":["GET"]}}],"collection":[{"href":"https:\/\/www.cstuit.com\/home\/wp-json\/wp\/v2\/posts"}],"about":[{"href":"https:\/\/www.cstuit.com\/home\/wp-json\/wp\/v2\/types\/post"}],"author":[{"embeddable":true,"href":"https:\/\/www.cstuit.com\/home\/wp-json\/wp\/v2\/users\/1"}],"replies":[{"embeddable":true,"href":"https:\/\/www.cstuit.com\/home\/wp-json\/wp\/v2\/comments?post=16836"}],"version-history":[{"count":0,"href":"https:\/\/www.cstuit.com\/home\/wp-json\/wp\/v2\/posts\/16836\/revisions"}],"wp:featuredmedia":[{"embeddable":true,"href":"https:\/\/www.cstuit.com\/home\/wp-json\/wp\/v2\/media\/16837"}],"wp:attachment":[{"href":"https:\/\/www.cstuit.com\/home\/wp-json\/wp\/v2\/media?parent=16836"}],"wp:term":[{"taxonomy":"category","embeddable":true,"href":"https:\/\/www.cstuit.com\/home\/wp-json\/wp\/v2\/categories?post=16836"},{"taxonomy":"post_tag","embeddable":true,"href":"https:\/\/www.cstuit.com\/home\/wp-json\/wp\/v2\/tags?post=16836"}],"curies":[{"name":"wp","href":"https:\/\/api.w.org\/{rel}","templated":true}]}}