

	{"id":16842,"date":"2025-03-12T19:01:08","date_gmt":"2025-03-12T22:01:08","guid":{"rendered":"https:\/\/www.cstuit.com\/home\/?p=16842"},"modified":"2025-03-13T15:54:49","modified_gmt":"2025-03-13T18:54:49","slug":"politica-economica-do-governo-lula-alckmin-a-servico-da-grande-burguesia","status":"publish","type":"post","link":"https:\/\/www.cstuit.com\/home\/2025\/03\/12\/politica-economica-do-governo-lula-alckmin-a-servico-da-grande-burguesia\/","title":{"rendered":"Pol\u00edtica econ\u00f4mica do governo Lula-Alckmin a servi\u00e7o da grande burguesia!"},"content":{"rendered":"<div>\n<div id=\"m_-391349785266250117m_-3338628257535407044yiv1317037325\">\n<div>\n<div>\n<div>\n<p><b style=\"font-family: inherit; font-style: inherit;\">Mobilizar pelo fim do arcabou\u00e7o fiscal, da escala 6&#215;1, pela redu\u00e7\u00e3o dos pre\u00e7os dos alimentos e por aumento geral dos sal\u00e1rios.<\/b><\/p>\n<\/div>\n<\/div>\n<\/div>\n<\/div>\n<\/div>\n<div>\n<div id=\"m_-391349785266250117m_-3338628257535407044yiv1317037325\">\n<p>\u00c9 not\u00f3rio que a vida n\u00e3o anda nada f\u00e1cil: os pre\u00e7os dos alimentos disparam a cada ida ao supermercado, a taxa de juros SELIC est\u00e1 na estratosfera, os empregos est\u00e3o cada vez mais precarizados, os sal\u00e1rios est\u00e3o arrochados, trabalhamos em escalas 6&#215;1 e as tarifas de g\u00e1s, luz, \u00e1gua e transporte n\u00e3o param de subir.<\/p>\n<p>Segundo a Associa\u00e7\u00e3o Brasileira de Supermercados &#8211; Abras, a cesta b\u00e1sica em 2024 ficou 14,22% mais cara, sendo que os alimentos b\u00e1sicos s\u00e3o os que mais encareceram: caf\u00e9, ovo, leite, arroz e o \u00f3leo de soja. O ovo, alimento considerado acess\u00edvel \u00e0 maioria da popula\u00e7\u00e3o, vem se tornando artigo de luxo, sem falar no pre\u00e7o da carne bovina, ou seja, a promessa do governo Lula de que \u00edamos voltar a comer picanha parece cada vez mais um sonho.<\/p>\n<p>Enquanto os alimentos e as tarifas sobem e a infla\u00e7\u00e3o dispara, o reajuste do sal\u00e1rio m\u00ednimo n\u00e3o passou de 7,5%, um aumento irris\u00f3rio perto das necessidades b\u00e1sicas de um trabalhador e muito longe do que deveria ser o seu valor real, conforme indicado pelo Dieese (R$ 7.156,15). Evidentemente essa conta n\u00e3o fecha e o trabalhador chegar ao final do m\u00eas com algum dinheiro no bolso \u00e9 quase imposs\u00edvel.<\/p>\n<p><b>Lutar contra o arcabou\u00e7o fiscal!<\/b><\/p>\n<p>A situa\u00e7\u00e3o s\u00f3 piorou com a aprova\u00e7\u00e3o do pacote fiscal do governo Lula\/Alckmin no final de 2024. Esse pacote imp\u00f4s cortes em programas sociais, dificultando o acesso ao BPC e ao abono salarial, limitando o reajuste real do sal\u00e1rio m\u00ednimo a 2,5%, al\u00e9m de cortar verbas do Fundeb e criar gatilho que pode proibir reajuste real aos servidores federais em 2027. Um pacote de maldade aprovado com o apoio da ampla maioria da C\u00e2mara e do Senado, que elegeu seus presidentes com os votos do PT, PCdoB e dos partidos da extrema-direita. Do PT ao PL todos votaram para ajustar as contas na costa dos trabalhadores, com objetivo de manter a sangria do or\u00e7amento da uni\u00e3o para pagar juros e amortiza\u00e7\u00e3o da d\u00edvida p\u00fablica aos banqueiros. Em 2024, os cortes no or\u00e7amento atingiram R$19 bilh\u00f5es para cumprir as regras do arcabou\u00e7o fiscal. Foi dinheiro tirado do Bolsa Fam\u00edlia at\u00e9 \u00e0s universidades federais &#8211; precarizando ainda mais os servi\u00e7os p\u00fablicos dos quais a classe trabalhadora tanto precisa.<\/p>\n<p>As altas temperaturas e as fortes chuvas revelam que o governo Lula e os governos estaduais e municipais n\u00e3o enfrentam e secundarizam a crise ambiental do pa\u00eds, inclusive com o governo insistindo na explora\u00e7\u00e3o de petr\u00f3leo no Foz do Amazonas.<\/p>\n<p>Enquanto isso, os juros no Brasil chegaram a 13,25%, um ponto percentual a mais do que em 2024. Esse novo aumento foi decidido na primeira reuni\u00e3o do ano do Copom, j\u00e1 sob a presid\u00eancia de Gabriel Gal\u00edpolo- ex-banqueiro, indicado pelo governo Lula para chefiar o Banco Central. Isso tudo para ratificar a pol\u00edtica econ\u00f4mica do governo de frente ampla a servi\u00e7o dos banqueiros e dos grandes conglomerados financeiros internacionais, deixando o Brasil na segunda posi\u00e7\u00e3o no ranking global de juros reais (descontada a infla\u00e7\u00e3o), perdendo apenas para a Argentina comandada pela extrema-direita de Millei. Isso significa o aumento do cr\u00e9dito para o consumidor e no pagamento da d\u00edvida p\u00fablica, que deve subir R$ 50 bilh\u00f5es gra\u00e7as \u00e0 pol\u00edtica econ\u00f4mica do governo de altas dos juros. Em 2024 governo Lula pagou 1,997 trilh\u00f5es de juros e amortiza\u00e7\u00f5es da d\u00edvida, 43% do or\u00e7amento.<\/p>\n<p><b>As \u00faltimas pesquisas apontam queda na popularidade do governo Lula.<\/b><\/p>\n<p>De acordo com as pesquisas divulgada pela Atlas\/Intel divulgada no dia 7 de mar\u00e7o a desaprova\u00e7\u00e3o do presidente Lula chegou a 53% contra 45,7% de aprova\u00e7\u00e3o, trata-se de um aumento\u00a0 na rejei\u00e7\u00e3o ao presidente Lula e seu governo se comparada a pesquisa Quaest no final de janeiro, aonde a reprova\u00e7\u00e3o do presidente chegou h\u00e1 49%. Nas palavras de Jos\u00e9 Dirceu (ex-presidente do PT), isso significa um \u201ctombo hist\u00f3rico\u201d, visto que a maior queda do apoio ao Lula \u00e9 justamente em seus principais apoiadores: setores mais pobres, mulheres e no nordeste, que foram essenciais para sua elei\u00e7\u00e3o em 2022.<\/p>\n<p>Isso n\u00e3o ocorre \u00e0 toa, \u00e9 fruto do desencanto da maioria da popula\u00e7\u00e3o que veem sua vida cada vez pior, devido \u00e0 pol\u00edtica econ\u00f4mica do arcabou\u00e7o fiscal, de cortes nas \u00e1reas sociais, de emprego prec\u00e1rio, de negocia\u00e7\u00e3o com o centr\u00e3o, enquanto o agroneg\u00f3cio e os banqueiros e a grande burguesia seguem lucrando como nunca.<\/p>\n<p>Esta pol\u00edtica de alian\u00e7a com a burguesia e com os setores mais retr\u00f3grados e reacion\u00e1rios \u00e9 o que pode pavimentar a volta da extrema-direita ao poder, tal como Donald Trump, que se elegeu, com o voto castigo, contra o governo democrata de Biden. N\u00e3o \u00e0 toa que, nas \u00faltimas pesquisas eleitorais no pa\u00eds, Lula empata com Tarc\u00edsio de Freitas (governador de S\u00e3o Paulo) e com o pr\u00f3prio Bolsonaro.<\/p>\n<p>Por isso \u00e9 fundamental lutar para derrotar a atual pol\u00edtica econ\u00f4mica respons\u00e1vel pelo agravamento da crise social, e fortalecer uma esquerda independente que n\u00e3o tenha rabo preso com o governo de frente ampla do Lula-Alckmin nem com a burguesia, apoiar e unificar as lutas em curso e defender um programa alternativo para resolver a crise social que atravessamos.<\/p>\n<p><b>Sem anistia: \u00c9 preciso ocupar as ruas pela pris\u00e3o de Bolsonaro e todos os golpistas.<\/b><\/p>\n<p>Mesmo com a revela\u00e7\u00e3o das evid\u00eancias que provam a trama golpista de 8 de janeiro de 2023, com o envolvimento direto de Bolsonaro, empres\u00e1rios e militares, at\u00e9 o momento nenhum articulador foi verdadeiramente punido. E pior, nos pr\u00f3ximos dias, a extrema-direita golpista pretende realizar manifesta\u00e7\u00f5es por anistia e em defesa de Bolsonaro.<\/p>\n<p>Bolsonaro foi indiciado pela PGR, mas isso n\u00e3o basta, entendemos que, para derrotar a extrema-direita, \u00e9 preciso ocupar as ruas! \u00c9 lament\u00e1vel que em meio a essas convoca\u00e7\u00f5es golpistas, as grandes organiza\u00e7\u00f5es da esquerda como o PT e o PSOL, as Frentes Povo sem Medo e Brasil Popular, o MST, UNE, MTST e as centrais sindicais como a CUT e a CTB continuem de bra\u00e7os cruzados, n\u00e3o convocando lutas e atos de ruas para punir e colocar os golpistas como Bolsonaro na cadeia!<\/p>\n<p><b>Seguir o exemplo dos professores e ind\u00edgenas do Par\u00e1 e dos atos do 8M.<\/b><\/p>\n<p>A vitoriosa greve dos professores e dos ind\u00edgenas do Par\u00e1 mostrou o caminho, com greve e ocupa\u00e7\u00e3o e com a unidade dos trabalhadores com os oprimidos foi poss\u00edvel conquistar vit\u00f3rias. Esse \u00e9 o caminho que temos que seguir!<\/p>\n<p>No dia 8 de mar\u00e7o, milhares ocuparam as ruas contra a viol\u00eancia machista, por mais verbas para as mulheres e pela legaliza\u00e7\u00e3o do aborto. Em S\u00e3o Paulo, o ato reuniu 15 mil pessoas.<\/p>\n<p>Essas lutas devem ter continuidade. Por isso \u00e9 preciso al\u00e9m de fazermos a luta contra a anistia aos golpistas unirmos com as mobiliza\u00e7\u00f5es de enfrentamento aos governos da extrema-direita nos estados e munic\u00edpios, como em S\u00e3o Paulo, onde os governos reacion\u00e1rios de Tarc\u00edsio de Freitas e Ricardo Nunes aprofundam os ataques como as privatiza\u00e7\u00f5es, militariza\u00e7\u00e3o e a viol\u00eancia policial. \u00c9 preciso unir as campanhas salariais e assembleias das categorias para enfrentar os governos da extrema-direita de maneira unificada. No Par\u00e1, mostraram o caminho.<\/p>\n<p>As principais dire\u00e7\u00f5es da esquerda vacilam na luta e n\u00e3o constroem a unidade, pois apostam na defesa do governo Lula, mesmo ficando cada vez mais evidente que o compromisso do governo \u00e9 com os banqueiros e com seus acordos com a extrema-direita e com o centr\u00e3o. Por isso, essas dire\u00e7\u00f5es governistas estiveram ausentes da continuidade das mobiliza\u00e7\u00f5es pelo fim da escala 6&#215;1, n\u00e3o chamam a unificar as lutas nos estados e munic\u00edpios e n\u00e3o est\u00e3o propondo nenhum calend\u00e1rio de luta para enfrentar a extrema-direita nas ruas contra a anistia aos golpistas.<\/p>\n<p>N\u00f3s da CST, Corrente Socialista de Trabalhadoras e Trabalhadores chamamos fortalecer todos os processos de luta e a construir a unidade necess\u00e1ria, seguindo o exemplo do Par\u00e1 e dos importantes atos do 8 de mar\u00e7o, pois fortalecer e unificar as lutas \u00e9 o \u00fanico caminho poss\u00edvel para conquistar as nossas pautas e para fortalecer uma alternativa real, por um governo da classe trabalhadora e por um Brasil Socialista.<\/p>\n<\/div>\n<\/div>\n<div>\n<div id=\"m_-391349785266250117m_-3338628257535407044yiv1317037325\">\n<div>\n<div>\n<p>Some com a CST e venha defender um programa alternativo: fim do arcabou\u00e7o fiscal do governo Lula-Alckmin! Fim da escala 6\u00d71! Por 36 horas semanais de trabalho! Pelo n\u00e3o pagamento da d\u00edvida externa e interna e pela taxa\u00e7\u00e3o das grandes fortunas! Verbas para sal\u00e1rio, servi\u00e7os p\u00fablicos e n\u00e3o para banqueiros, multinacionais e agroneg\u00f3cio! Fim das chacinas policiais e pela legaliza\u00e7\u00e3o das drogas! Aborto legal, seguro e gratuito! Fim dos feminic\u00eddios! Por direitos das mulheres e da popula\u00e7\u00e3o LGTBQIAP+ e pessoas com defici\u00eancia! Emerg\u00eancia clim\u00e1tica e ambiental! Sem anistia, Bolsonaro e todos os golpistas na pris\u00e3o.<\/p>\n<\/div>\n<\/div>\n<\/div>\n<\/div>\n","protected":false},"excerpt":{"rendered":"<p>Mobilizar pelo fim do arcabou\u00e7o fiscal, da escala 6&#215;1, pela redu\u00e7\u00e3o dos pre\u00e7os dos alimentos e por aumento geral dos sal\u00e1rios. \u00c9 not\u00f3rio que a vida n\u00e3o anda nada f\u00e1cil: os pre\u00e7os dos alimentos disparam a cada ida ao supermercado, a taxa de juros SELIC<\/p>\n","protected":false},"author":1,"featured_media":16843,"comment_status":"open","ping_status":"open","sticky":false,"template":"","format":"standard","meta":{"footnotes":""},"categories":[5],"tags":[],"class_list":["post-16842","post","type-post","status-publish","format-standard","has-post-thumbnail","hentry","category-nacional"],"_links":{"self":[{"href":"https:\/\/www.cstuit.com\/home\/wp-json\/wp\/v2\/posts\/16842","targetHints":{"allow":["GET"]}}],"collection":[{"href":"https:\/\/www.cstuit.com\/home\/wp-json\/wp\/v2\/posts"}],"about":[{"href":"https:\/\/www.cstuit.com\/home\/wp-json\/wp\/v2\/types\/post"}],"author":[{"embeddable":true,"href":"https:\/\/www.cstuit.com\/home\/wp-json\/wp\/v2\/users\/1"}],"replies":[{"embeddable":true,"href":"https:\/\/www.cstuit.com\/home\/wp-json\/wp\/v2\/comments?post=16842"}],"version-history":[{"count":0,"href":"https:\/\/www.cstuit.com\/home\/wp-json\/wp\/v2\/posts\/16842\/revisions"}],"wp:featuredmedia":[{"embeddable":true,"href":"https:\/\/www.cstuit.com\/home\/wp-json\/wp\/v2\/media\/16843"}],"wp:attachment":[{"href":"https:\/\/www.cstuit.com\/home\/wp-json\/wp\/v2\/media?parent=16842"}],"wp:term":[{"taxonomy":"category","embeddable":true,"href":"https:\/\/www.cstuit.com\/home\/wp-json\/wp\/v2\/categories?post=16842"},{"taxonomy":"post_tag","embeddable":true,"href":"https:\/\/www.cstuit.com\/home\/wp-json\/wp\/v2\/tags?post=16842"}],"curies":[{"name":"wp","href":"https:\/\/api.w.org\/{rel}","templated":true}]}}