

	{"id":16855,"date":"2025-03-17T12:01:20","date_gmt":"2025-03-17T15:01:20","guid":{"rendered":"https:\/\/www.cstuit.com\/home\/?p=16855"},"modified":"2025-03-17T12:01:20","modified_gmt":"2025-03-17T15:01:20","slug":"estados-unidos-liberdade-para-o-estudante-palestino-mahmoud-khalil","status":"publish","type":"post","link":"https:\/\/www.cstuit.com\/home\/2025\/03\/17\/estados-unidos-liberdade-para-o-estudante-palestino-mahmoud-khalil\/","title":{"rendered":"Estados Unidos: liberdade para o estudante palestino Mahmoud Khalil!"},"content":{"rendered":"<p>O governo de extrema-direita de Donald Trump, por meio do setor de Imigra\u00e7\u00e3o e Controle Aduaneiro (ICE), prendeu o jovem palestino Mahmoud Khalil, estudante da Universidade de Columbia e ativista nos acampamentos de 2024. Ele foi falsamente acusado de ser antissemita e de apoiar o \u201cterrorismo\u201d. Trump disse que a pris\u00e3o do l\u00edder pr\u00f3-palestina da Universidade de Columbia \u00e9 \u201ca primeira de muitas\u201d.<\/p>\n<p>Tal pris\u00e3o representa o \u00e1pice da pol\u00edtica repressiva de Donald Trump, com a qual busca criminalizar qualquer a\u00e7\u00e3o contra o genoc\u00eddio em Gaza, realizando deporta\u00e7\u00f5es em massa de ativistas e dirigentes que atuaram firmemente no processo estudantil de 2024. No mesmo sentido, Marco Rubio afirmou que \u201crevogaremos os vistos e\/ou green cards dos apoiadores do Hamas nos Estados Unidos, para que possam ser deportados\u201d.<\/p>\n<p>Em 21 de janeiro, um grupo de ativistas paralisou as aulas do curso \u201cHist\u00f3ria de Israel Moderno\u201d no Bernard College. Entre os dias 6 e 8, foram realizadas mobiliza\u00e7\u00f5es, ocupa\u00e7\u00f5es e outras a\u00e7\u00f5es na Universidade de Columbia, em Nova York, para rejeitar as san\u00e7\u00f5es e a repress\u00e3o impostas pelas autoridades universit\u00e1rias aos estudantes. Mahmoud Khalil est\u00e1 atualmente sendo perseguido pelo governo Trump, detido para deporta\u00e7\u00e3o, como forma de intimidar e dar uma li\u00e7\u00e3o \u00e0queles que lutam. N\u00e3o podemos permitir isso!<\/p>\n<p>Donald Trump \u00e9 o principal s\u00f3cio de Netanyahu. Seu projeto ultradireitista e fascist\u00f3ide foi expresso na proposta ianque de deslocar a popula\u00e7\u00e3o, de mais de 2 milh\u00f5es de habitantes, de Gaza para pa\u00edses \u00e1rabes. Isso para construir um empreendimento tur\u00edstico e imobili\u00e1rio chamado &#8220;a Riviera do Oriente M\u00e9dio&#8221;, que foi promovido em um v\u00eddeo escandaloso nas redes sociais. Trump se junta assim a Netanyahu e ao sionismo em sua pol\u00edtica racista de limpeza \u00e9tnica.<\/p>\n<p>A mobiliza\u00e7\u00e3o mundial de solidariedade e a resist\u00eancia palestina obtiveram uma primeira vit\u00f3ria com o cessar-fogo. Israel sofreu um golpe e viu sua pol\u00edtica fracassar, sendo for\u00e7ada a se retirar de Gaza sem controlar o territ\u00f3rio, enquanto milh\u00f5es de palestinos retornaram heroicamente ao norte devastado da Faixa. Em resposta, Netanyahu lan\u00e7ou ataques brutais na Cisjord\u00e2nia, demonstrando que n\u00e3o interromper\u00e1 seu plano.<\/p>\n<p>N\u00f3s, da Unidade Internacional de Trabalhadoras e Trabalhadores \u2013 Quarta Internacional (UIT-QI), apelamos \u00e0s organiza\u00e7\u00f5es estudantis, sindicais e pol\u00edticas dos Estados Unidos e de todo o mundo para que rejeitem a pol\u00edtica repressiva, as pris\u00f5es e as deporta\u00e7\u00f5es impostas por Donald Trump. E para que exijam massivamente a liberdade de Mahmoud Khalil e de outros ativistas, bem como a absolvi\u00e7\u00e3o e o arquivamento das acusa\u00e7\u00f5es contra todos\/as os\/as lutadores\/as.<\/p>\n<p>Liberdade imediata para Mahmoud Khalil! Vamos assinar a peti\u00e7\u00e3o pela sua liberdade! Absolvi\u00e7\u00e3o e arquivamento das acusa\u00e7\u00f5es contra as lutadoras e os lutadores! Basta de san\u00e7\u00f5es das autoridades universit\u00e1rias! Viva a resist\u00eancia do povo palestino e a solidariedade mundial! Pela ruptura das rela\u00e7\u00f5es econ\u00f4micas, diplom\u00e1ticas, acad\u00eamicas e pol\u00edticas de todos os governos com o Estado genocida de Israel! Por uma Palestina \u00fanica, laica, democr\u00e1tica e n\u00e3o racista!<\/p>\n<p>&nbsp;<\/p>\n<p><em><strong>Unidade Internacional de Trabalhadoras e Trabalhadores \u2013 Quarta Internacional (UIT-QI)<\/strong><\/em><\/p>\n<p><strong>\u00a0<\/strong><\/p>\n<p>&nbsp;<\/p>\n<p>&nbsp;<\/p>\n","protected":false},"excerpt":{"rendered":"<p>O governo de extrema-direita de Donald Trump, por meio do setor de Imigra\u00e7\u00e3o e Controle Aduaneiro (ICE), prendeu o jovem palestino Mahmoud Khalil, estudante da Universidade de Columbia e ativista nos acampamentos de 2024. Ele foi falsamente acusado de ser antissemita e de apoiar o<\/p>\n","protected":false},"author":1,"featured_media":16856,"comment_status":"open","ping_status":"open","sticky":false,"template":"","format":"standard","meta":{"footnotes":""},"categories":[6],"tags":[],"class_list":["post-16855","post","type-post","status-publish","format-standard","has-post-thumbnail","hentry","category-internacional"],"_links":{"self":[{"href":"https:\/\/www.cstuit.com\/home\/wp-json\/wp\/v2\/posts\/16855","targetHints":{"allow":["GET"]}}],"collection":[{"href":"https:\/\/www.cstuit.com\/home\/wp-json\/wp\/v2\/posts"}],"about":[{"href":"https:\/\/www.cstuit.com\/home\/wp-json\/wp\/v2\/types\/post"}],"author":[{"embeddable":true,"href":"https:\/\/www.cstuit.com\/home\/wp-json\/wp\/v2\/users\/1"}],"replies":[{"embeddable":true,"href":"https:\/\/www.cstuit.com\/home\/wp-json\/wp\/v2\/comments?post=16855"}],"version-history":[{"count":0,"href":"https:\/\/www.cstuit.com\/home\/wp-json\/wp\/v2\/posts\/16855\/revisions"}],"wp:featuredmedia":[{"embeddable":true,"href":"https:\/\/www.cstuit.com\/home\/wp-json\/wp\/v2\/media\/16856"}],"wp:attachment":[{"href":"https:\/\/www.cstuit.com\/home\/wp-json\/wp\/v2\/media?parent=16855"}],"wp:term":[{"taxonomy":"category","embeddable":true,"href":"https:\/\/www.cstuit.com\/home\/wp-json\/wp\/v2\/categories?post=16855"},{"taxonomy":"post_tag","embeddable":true,"href":"https:\/\/www.cstuit.com\/home\/wp-json\/wp\/v2\/tags?post=16855"}],"curies":[{"name":"wp","href":"https:\/\/api.w.org\/{rel}","templated":true}]}}