

	{"id":16861,"date":"2025-03-17T21:18:27","date_gmt":"2025-03-18T00:18:27","guid":{"rendered":"https:\/\/www.cstuit.com\/home\/?p=16861"},"modified":"2025-06-25T18:10:01","modified_gmt":"2025-06-25T21:10:01","slug":"vem-para-o-conune-com-o-vamos-a-luta","status":"publish","type":"post","link":"https:\/\/www.cstuit.com\/home\/2025\/03\/17\/vem-para-o-conune-com-o-vamos-a-luta\/","title":{"rendered":"Vem para o Conune com o Vamos \u00e0 Luta!"},"content":{"rendered":"<p><em>Por Jeane Carla, Juventude Revolucion\u00e1ria Vamos \u00e0 Luta<\/em><\/p>\n<p>No m\u00eas de junho de 2025 acontecer\u00e1 o 60\u00b0 Congresso da UNE. A Juventude Revolucion\u00e1ria Vamos \u00e0 Luta chama cada estudante a vir ao CONUNE conosco e batalhar por uma nova dire\u00e7\u00e3o para a entidade.<\/p>\n<h3><strong>A situa\u00e7\u00e3o das universidades \u00e9 prec\u00e1ria!<\/strong><\/h3>\n<p>Na UFRJ, a universidade fica sem \u00e1gua e luz; na UFMG, a assist\u00eancia estudantil \u00e9 controlada por uma funda\u00e7\u00e3o privada que n\u00e3o atende aos interesses dos estudantes; na USP, os casos de ass\u00e9dio n\u00e3o param de acontecer, a moradia \u00e9 prec\u00e1ria, as filas do bandej\u00e3o e dos \u00f4nibus universit\u00e1rios s\u00e3o imensas.<\/p>\n<p>Infelizmente, o governo da frente ampla de Lula\/Alckmin corta o or\u00e7amento da educa\u00e7\u00e3o, mant\u00e9m o Novo Ensino M\u00e9dio e n\u00e3o recomp\u00f5e o or\u00e7amento das universidades, as nossas bolsas n\u00e3o s\u00e3o reajustadas e os bandej\u00f5es seguem sendo precarizados. Enquanto isso, lan\u00e7ou um pacote de ajuste fiscal para 2025 e 2026\u00a0 para manter as metas do Arcabou\u00e7o Fiscal, do pagamento da D\u00edvida P\u00fablica e destinar bilh\u00f5es para a m\u00e3o do agroneg\u00f3cio.<\/p>\n<h3><strong>A UNE \u00e9 pra lutar!<\/strong><\/h3>\n<p>Diante do cen\u00e1rio de cortes e de precariza\u00e7\u00e3o das universidades, a atual dire\u00e7\u00e3o majorit\u00e1ria da UNE (UJS\/PCdoB, Levante Popular da Juventude\/Consulta Popular e juventudes do PT) nada fazem para mobilizar os estudantes, para barrar esses ataques \u00e0 educa\u00e7\u00e3o do Governo Lula.<\/p>\n<p>A pol\u00edtica da dire\u00e7\u00e3o majorit\u00e1ria \u00e9 imobilista e representa um compromisso com o Governo Lula. Um exemplo disso foi a pol\u00edtica de boicote \u00e0s greves estudantis do ano passado. O mesmo acontece com os cortes \u00e0 educa\u00e7\u00e3o: a UNE n\u00e3o denuncia o papel do Governo Lula nos cortes e n\u00e3o chama os estudantes a lutar contra eles.<\/p>\n<p>Nesse sentido, a Juventude Vamos \u00e0 Luta exige da dire\u00e7\u00e3o majorit\u00e1ria da UNE um calend\u00e1rio de lutas unificado e constru\u00eddo pela base, com assembleias em todas as universidades para lutar:<\/p>\n<ol>\n<li style=\"text-align: left;\">Contra os cortes na educa\u00e7\u00e3o e o ajuste fiscal do Governo Lula\/Alckmin;<\/li>\n<li>Contra o Arcabou\u00e7o Fiscal, a D\u00edvida P\u00fablica, para que os valores da assist\u00eancia estudantil e das bolsas sejam aumentados;<\/li>\n<li>Pela destina\u00e7\u00e3o de 10% do PIB para a educa\u00e7\u00e3o;<\/li>\n<li>Pelo fim da jornada 6&#215;1 e redu\u00e7\u00e3o da jornada de trabalho;<\/li>\n<li>Pelo direito ao aborto, pelo fim das chacinas policiais contra o povo negro e pobre;<\/li>\n<li>Pela puni\u00e7\u00e3o dos assediadores, estupradores, racistas, homof\u00f3bicos e transf\u00f3bicos;<\/li>\n<li>Pris\u00e3o para Bolsonaro e todos os golpistas;<\/li>\n<li>Defesa do povo palestino;<\/li>\n<li>Apoio \u00e0 luta argentina contra Milei;<\/li>\n<li>Contra Trump e a extrema direita mundial.<\/li>\n<\/ol>\n<h3><strong>Seguir o exemplo da chapa Primavera nos Dentes da UFMG!<\/strong><\/h3>\n<p>Na UFMG, tivemos uma chapa combativa e independente dos governos para disputar o DCE. A chapa foi composta por n\u00f3s, Rebeldia (PSTU), Fa\u00edsca Revolucion\u00e1ria (MRT) e UJC (PCBR). Achamos que foi um acerto pois apresentou um programa que chamava os estudantes \u00e0 luta para conquistar suas reivindica\u00e7\u00f5es, sempre com independ\u00eancia pol\u00edtica dos governos e reitorias.<\/p>\n<p>A chapa Primavera nos Dentes deve ser um exemplo seguido nacionalmente para o congresso da UNE.\u00a0 Defendemos a unidade da Oposi\u00e7\u00e3o de Esquerda para o CONUNE. Uma chapa composta por setores que n\u00e3o comp\u00f5em a dire\u00e7\u00e3o majorit\u00e1ria:\u00a0 Vamos \u00e0 Luta (CST e Independentes), Rebeldia, Fa\u00edsca, J\u00e1 Basta!, UJC, Correnteza (UP) e Juntos (MES).<\/p>\n<p>&nbsp;<\/p>\n<p>Leia o manifesto completo da Juventude Vamos \u00e0 Luta para o Congresso da UNE, acessando <a title=\"https:\/\/vamosaluta.com.br\/2024\/11\/14\/manifesto-por-um-dce-democratico-de-luta-independente-dos-governos-e-da-reitoria\/lucas\" href=\"https:\/\/vamosaluta.com.br\/2024\/11\/14\/manifesto-por-um-dce-democratico-de-luta-independente-dos-governos-e-da-reitoria\/lucas\" target=\"_blank\" rel=\"noopener\" data-saferedirecturl=\"https:\/\/www.google.com\/url?q=https:\/\/vamosaluta.com.br\/2024\/11\/14\/manifesto-por-um-dce-democratico-de-luta-independente-dos-governos-e-da-reitoria\/lucas&amp;source=gmail&amp;ust=1742343131651000&amp;usg=AOvVaw3z6Fgaoe7BRhMDyhzzJ66L\">Juventude Vamos \u00e0 Luta<\/a><\/p>\n","protected":false},"excerpt":{"rendered":"<p>Por Jeane Carla, Juventude Revolucion\u00e1ria Vamos \u00e0 Luta No m\u00eas de junho de 2025 acontecer\u00e1 o 60\u00b0 Congresso da UNE. A Juventude Revolucion\u00e1ria Vamos \u00e0 Luta chama cada estudante a vir ao CONUNE conosco e batalhar por uma nova dire\u00e7\u00e3o para a entidade. A situa\u00e7\u00e3o<\/p>\n","protected":false},"author":1,"featured_media":16885,"comment_status":"closed","ping_status":"closed","sticky":false,"template":"","format":"standard","meta":{"footnotes":""},"categories":[7],"tags":[],"class_list":["post-16861","post","type-post","status-publish","format-standard","has-post-thumbnail","hentry","category-juventude"],"_links":{"self":[{"href":"https:\/\/www.cstuit.com\/home\/wp-json\/wp\/v2\/posts\/16861","targetHints":{"allow":["GET"]}}],"collection":[{"href":"https:\/\/www.cstuit.com\/home\/wp-json\/wp\/v2\/posts"}],"about":[{"href":"https:\/\/www.cstuit.com\/home\/wp-json\/wp\/v2\/types\/post"}],"author":[{"embeddable":true,"href":"https:\/\/www.cstuit.com\/home\/wp-json\/wp\/v2\/users\/1"}],"replies":[{"embeddable":true,"href":"https:\/\/www.cstuit.com\/home\/wp-json\/wp\/v2\/comments?post=16861"}],"version-history":[{"count":0,"href":"https:\/\/www.cstuit.com\/home\/wp-json\/wp\/v2\/posts\/16861\/revisions"}],"wp:featuredmedia":[{"embeddable":true,"href":"https:\/\/www.cstuit.com\/home\/wp-json\/wp\/v2\/media\/16885"}],"wp:attachment":[{"href":"https:\/\/www.cstuit.com\/home\/wp-json\/wp\/v2\/media?parent=16861"}],"wp:term":[{"taxonomy":"category","embeddable":true,"href":"https:\/\/www.cstuit.com\/home\/wp-json\/wp\/v2\/categories?post=16861"},{"taxonomy":"post_tag","embeddable":true,"href":"https:\/\/www.cstuit.com\/home\/wp-json\/wp\/v2\/tags?post=16861"}],"curies":[{"name":"wp","href":"https:\/\/api.w.org\/{rel}","templated":true}]}}