

	{"id":16873,"date":"2025-03-17T21:31:41","date_gmt":"2025-03-18T00:31:41","guid":{"rendered":"https:\/\/www.cstuit.com\/home\/?p=16873"},"modified":"2025-03-17T21:31:41","modified_gmt":"2025-03-18T00:31:41","slug":"a-luta-na-rua-pelo-fim-da-escala-6x1-deve-continuar","status":"publish","type":"post","link":"https:\/\/www.cstuit.com\/home\/2025\/03\/17\/a-luta-na-rua-pelo-fim-da-escala-6x1-deve-continuar\/","title":{"rendered":"A luta na rua pelo fim da escala 6&#215;1 deve continuar!"},"content":{"rendered":"<p><em>Por B\u00e1rbara Sinedino e Danilo Bianchi, Coordena\u00e7\u00e3o da CST<\/em><\/p>\n<p>A luta pelo fim da escala 6&#215;1 alcan\u00e7ou grande visibilidade. Em recente pesquisa da ag\u00eancia Nexus, 65% dos entrevistados apoiam o fim da escala 6&#215;1 e a redu\u00e7\u00e3o da jornada de trabalho. Isso foi expresso nas manifesta\u00e7\u00f5es de 2024, em campanhas nas redes sociais, nas greves de trabalhadoras e trabalhadores da PEPSICO e dos\/as terceirizados\/as da educa\u00e7\u00e3o em BH e nos atos de continuidade, convocados pela esquerda independente em 2025. Apesar da vontade da ampla maioria da popula\u00e7\u00e3o, os governos e a grande maioria dos pol\u00edticos se negam a aceitar o fim da escala 6&#215;1.<\/p>\n<p>Iniciativas institucionais das lideran\u00e7as desse movimento, como Erika Hilton e Rick Azevedo, do PSOL, obt\u00eam visibilidade, mas devem ser um ponto de apoio para a mobiliza\u00e7\u00e3o direta nas ruas. N\u00e3o podemos confiar no parlamento patronal. Al\u00e9m disso, a dire\u00e7\u00e3o do VAT atua de forma equivocada, quando n\u00e3o aposta na unifica\u00e7\u00e3o das lutas e investe em calend\u00e1rios dispersos.<\/p>\n<p>N\u00f3s da CST entendemos que a \u00fanica forma de conquistar de fato a redu\u00e7\u00e3o da jornada de trabalho \u00e9 atrav\u00e9s da luta unit\u00e1ria. Com protestos de rua, greves e mobiliza\u00e7\u00f5es.<\/p>\n<p>O f\u00f3rum das organiza\u00e7\u00f5es da esquerda independente, que inclui a CSP-Conlutas, CST, PSTU, PCBR, MRT, SoB, POR e outros, tem apontado para a necessidade de continuidade das grandes mobiliza\u00e7\u00f5es de 2024. Infelizmente, as principais centrais sindicais do pa\u00eds como a CUT e a CTB, e os setores organizados em torno das Frentes Povo Sem Medo e Brasil Popular, t\u00eam se negado a unificar na luta e construir um calend\u00e1rio de lutas efetivo, que coloque a defesa pelo fim da escala 6&#215;1 no centro do debate pol\u00edtico do pa\u00eds. Exigimos que esses setores mudem de posi\u00e7\u00e3o e mobilizem.<\/p>\n<p>\u00c9 preciso unir todo mundo e apostar em ocupar as ruas, para garantirmos em definitivo o fim da escala 6&#215;1!<\/p>\n<p>&nbsp;<\/p>\n","protected":false},"excerpt":{"rendered":"<p>Por B\u00e1rbara Sinedino e Danilo Bianchi, Coordena\u00e7\u00e3o da CST A luta pelo fim da escala 6&#215;1 alcan\u00e7ou grande visibilidade. Em recente pesquisa da ag\u00eancia Nexus, 65% dos entrevistados apoiam o fim da escala 6&#215;1 e a redu\u00e7\u00e3o da jornada de trabalho. Isso foi expresso nas<\/p>\n","protected":false},"author":1,"featured_media":16874,"comment_status":"open","ping_status":"open","sticky":false,"template":"","format":"standard","meta":{"footnotes":""},"categories":[5],"tags":[],"class_list":["post-16873","post","type-post","status-publish","format-standard","has-post-thumbnail","hentry","category-nacional"],"_links":{"self":[{"href":"https:\/\/www.cstuit.com\/home\/wp-json\/wp\/v2\/posts\/16873","targetHints":{"allow":["GET"]}}],"collection":[{"href":"https:\/\/www.cstuit.com\/home\/wp-json\/wp\/v2\/posts"}],"about":[{"href":"https:\/\/www.cstuit.com\/home\/wp-json\/wp\/v2\/types\/post"}],"author":[{"embeddable":true,"href":"https:\/\/www.cstuit.com\/home\/wp-json\/wp\/v2\/users\/1"}],"replies":[{"embeddable":true,"href":"https:\/\/www.cstuit.com\/home\/wp-json\/wp\/v2\/comments?post=16873"}],"version-history":[{"count":0,"href":"https:\/\/www.cstuit.com\/home\/wp-json\/wp\/v2\/posts\/16873\/revisions"}],"wp:featuredmedia":[{"embeddable":true,"href":"https:\/\/www.cstuit.com\/home\/wp-json\/wp\/v2\/media\/16874"}],"wp:attachment":[{"href":"https:\/\/www.cstuit.com\/home\/wp-json\/wp\/v2\/media?parent=16873"}],"wp:term":[{"taxonomy":"category","embeddable":true,"href":"https:\/\/www.cstuit.com\/home\/wp-json\/wp\/v2\/categories?post=16873"},{"taxonomy":"post_tag","embeddable":true,"href":"https:\/\/www.cstuit.com\/home\/wp-json\/wp\/v2\/tags?post=16873"}],"curies":[{"name":"wp","href":"https:\/\/api.w.org\/{rel}","templated":true}]}}