

	{"id":16876,"date":"2025-03-17T21:38:51","date_gmt":"2025-03-18T00:38:51","guid":{"rendered":"https:\/\/www.cstuit.com\/home\/?p=16876"},"modified":"2025-03-17T21:38:51","modified_gmt":"2025-03-18T00:38:51","slug":"a-luta-das-mulheres","status":"publish","type":"post","link":"https:\/\/www.cstuit.com\/home\/2025\/03\/17\/a-luta-das-mulheres\/","title":{"rendered":"A luta das mulheres"},"content":{"rendered":"<p><em>Por Rosi Messias \u2013 Coordena\u00e7\u00e3o Nacional da CST<\/em><\/p>\n<p><strong>8M: Atos marcam a luta das mulheres!<\/strong><\/p>\n<p>No dia 8 de mar\u00e7o, ocorreram atos massivos feministas para marcar esta data hist\u00f3rica da luta das mulheres trabalhadoras. De norte a sul do pa\u00eds, as mulheres tomaram as ruas. E Em S\u00e3o Paulo, cerca de 10 mil pessoas marcharam exigindo o fim do feminic\u00eddio, mais verbas para as mulheres e n\u00e3o para os banqueiros, contra a anistia, pela pris\u00e3o de Bolsonaro e de todos os golpistas, al\u00e9m do aborto legal j\u00e1. No Rio de Janeiro, Minas Gerais e Bel\u00e9m o grito era um s\u00f3: te cuida, te cuida seu machista a Am\u00e9rica Latina vai ser toda feminista!<\/p>\n<p><strong>Os \u00edndices de feminic\u00eddio aumentaram no governo Lula-Alckmin.<\/strong><\/p>\n<p>Em 2024, uma mulher foi v\u00edtima de feminic\u00eddio a cada 17 horas no Brasil, segundo a Rede de Observat\u00f3rios da Seguran\u00e7a. Os casos aumentaram 12,4% em rela\u00e7\u00e3o a 2023. Os recentes casos de feminic\u00eddios de Clara Maria, de 21 anos, em Belo Horizonte e de Vit\u00f3ria, de 17 anos, em S\u00e3o Paulo s\u00e3o exemplos de \u00f3dio contra as mulheres. No governo de frente ampla, os \u00edndices de viol\u00eancia de g\u00eanero s\u00f3 crescem. Em contrapartida, o governo Lula-Alckmin nada faz para reverter essa situa\u00e7\u00e3o. Enquanto a pasta das Mulheres sofre cortes or\u00e7ament\u00e1rios, o governo vota junto com setores bolsonaristas em resolu\u00e7\u00f5es contr\u00e1rias aos direitos de meninas v\u00edtimas de estupro, como ocorreu com o protocolo do CONANDA. As recentes declara\u00e7\u00f5es de Lula, afirmando que a escolha de Gleisi Hoffmann para a articula\u00e7\u00e3o pol\u00edtica se deu por ela ser &#8216;bonita&#8217;, apenas fomentam o machismo estrutural e refor\u00e7am estere\u00f3tipos de g\u00eanero.\u00a0O que demonstra o car\u00e1ter machista e patriarcal de um governo que se alia com a extrema direita e a igreja contra nossos direitos reprodutivos. Outro exemplo \u00e9 o esvaziamento de mulheres nos Minist\u00e9rios, apesar de todo o discurso de um governo inclusivo, as mulheres v\u00eam perdendo cargos estrat\u00e9gicos para homens de partidos do centr\u00e3o.<\/p>\n<p>Por outro lado, as principais lideran\u00e7as do movimento de mulheres, como a Marcha Mundial, a UBM e as plen\u00e1rias do 8M, compostas majoritariamente por membros do PT e PSOL, n\u00e3o apostaram na realiza\u00e7\u00e3o de grandes mobiliza\u00e7\u00f5es,\u00a0 e, mesmo diante de diversos ataques, buscam constantemente formas de alian\u00e7a com o governo de frente ampla, como ocorreu na atividade do 8 de mar\u00e7o, no Samb\u00f3dromo do Rio de Janeiro, onde participaram de uma a\u00e7\u00e3o conjunta com o Minist\u00e9rio das Mulheres e a Prefeitura de Eduardo Paes (PSD).<\/p>\n<p><strong>Seguir a luta feminista!<\/strong><\/p>\n<p>N\u00f3s estivemos na linha de frente da constru\u00e7\u00e3o dos atos do 8M, batalhando por atos classistas, independentes com eixo nas demandas das mulheres, denunciando a cultura machista e patriarcal e exigindo verbas para as mulheres e n\u00e3o para os banqueiros.<\/p>\n<p>Agora, n\u00f3s, mulheres da CST, defendemos a continuidade da nossa mobiliza\u00e7\u00e3o. Para isso, \u00e9 fundamental a realiza\u00e7\u00e3o de novas plen\u00e1rias para avaliar os atos do 8M e organizar um novo calend\u00e1rio de lutas, pois somente mobilizadas podemos conquistar nossas pautas: fim do feminic\u00eddio e da cultura do estupro; verbas para as mulheres e n\u00e3o para os banqueiros; fim do arcabou\u00e7o fiscal; aborto legal, seguro e gratuito; arquivamento do PL 1904 (gravidez infantil) e da PEC 164; pris\u00e3o para Bolsonaro e abaixo Trump e a extrema direita.<\/p>\n<p><strong>Somem-se as mulheres da CST!<\/strong><\/p>\n<p>N\u00f3s mulheres da CST somos parte de um feminismo classista e socialista e lutamos todos os dias pelo fim do patriarcado e contra os planos de ajustes capitalistas que s\u00f3 fazem aumentar a explora\u00e7\u00e3o de mulheres. Convidamos as ativistas que estiveram conosco nas batalhas por um 8 de mar\u00e7o classista e independente dos governos a se unirem a n\u00f3s para, juntas, fortalecermos o movimento feminista nas pr\u00f3ximas lutas.<\/p>\n<p>&#8212;&#8212;&#8212;&#8212;&#8212;&#8212;&#8212;&#8212;&#8212;&#8212;&#8212;&#8212;&#8212;&#8212;&#8212;&#8212;&#8212;&#8212;&#8212;&#8212;&#8212;&#8212;&#8212;&#8212;&#8212;&#8212;&#8212;&#8212;&#8212;&#8212;&#8212;&#8212;&#8212;&#8212;&#8212;&#8212;&#8212;&#8212;&#8212;&#8212;&#8212;&#8212;&#8212;&#8212;&#8212;&#8211;<\/p>\n<p><em>\u00a0Por Lorena Fernandes \u2013 Coordena\u00e7\u00e3o Nacional da CST<\/em><\/p>\n<p><strong>Mulheres da CST debatem as lutas feministas!<\/strong><\/p>\n<p>A plen\u00e1ria feminista virtual, realizada pr\u00f3ximo ao 8M, discutiu a situa\u00e7\u00e3o da mulher trabalhadora e os nossos eixos de luta.\u00a0 A plen\u00e1ria contou com a participa\u00e7\u00e3o de nossa camarada Mercedes Mendieta, deputada argentina, que esteve \u00e0 frente das mobiliza\u00e7\u00f5es da &#8216;Onda Verde&#8217;, movimento que levou \u00e0 legaliza\u00e7\u00e3o do aborto no pa\u00eds em 2020. Atualmente, ela enfrenta diariamente os ataques contra as mulheres e as dissid\u00eancias promovidos pelo governo ultradireitista de Milei. Os relatos na plen\u00e1ria evidenciaram que a situa\u00e7\u00e3o das mulheres continua extremamente dif\u00edcil no governo da Frente Ampla de Lula\/Alckmin. Enfrentamos o ajuste fiscal, a carestia e estamos inseridas nos trabalhos mais precarizados, como destacaram duas jovens trabalhadoras submetidas \u00e0 massacrante jornada de 6&#215;1. Por isso, defendemos que o 8M deve ser um instrumento de luta contra essa jornada exaustiva. Tamb\u00e9m foi debatida a urg\u00eancia da legaliza\u00e7\u00e3o do aborto no Brasil, al\u00e9m da vulnerabilidade das mulheres \u00e0 viol\u00eancia, ao ass\u00e9dio e ao feminic\u00eddio. Nesse contexto, nos enfrentamos \u00e0 pol\u00edtica de austeridade imposta pelo Arcabou\u00e7o Fiscal, exigindo que as verbas p\u00fablicas sejam destinadas \u00e0s mulheres. Nossa participa\u00e7\u00e3o foi fundamental na constru\u00e7\u00e3o dos atos do 8M, e seguiremos mobilizadas pela continuidade das lutas. A deputada nacional da argentina M\u00f3nica Schlotthauer (Esquerda Socialista, se\u00e7\u00e3o da UIT-QI e integrante da FIT-U) estar\u00e1 em S\u00e3o Paulo no dia 29\/03 para debater a luta das mulheres contra Trump, as extremas direitas e os governos capitalistas. <strong><em>Convidamos voc\u00ea, a participar!<\/em><\/strong><\/p>\n","protected":false},"excerpt":{"rendered":"<p>Por Rosi Messias \u2013 Coordena\u00e7\u00e3o Nacional da CST 8M: Atos marcam a luta das mulheres! No dia 8 de mar\u00e7o, ocorreram atos massivos feministas para marcar esta data hist\u00f3rica da luta das mulheres trabalhadoras. De norte a sul do pa\u00eds, as mulheres tomaram as ruas.<\/p>\n","protected":false},"author":1,"featured_media":16877,"comment_status":"open","ping_status":"open","sticky":false,"template":"","format":"standard","meta":{"footnotes":""},"categories":[55],"tags":[],"class_list":["post-16876","post","type-post","status-publish","format-standard","has-post-thumbnail","hentry","category-mulheres"],"_links":{"self":[{"href":"https:\/\/www.cstuit.com\/home\/wp-json\/wp\/v2\/posts\/16876","targetHints":{"allow":["GET"]}}],"collection":[{"href":"https:\/\/www.cstuit.com\/home\/wp-json\/wp\/v2\/posts"}],"about":[{"href":"https:\/\/www.cstuit.com\/home\/wp-json\/wp\/v2\/types\/post"}],"author":[{"embeddable":true,"href":"https:\/\/www.cstuit.com\/home\/wp-json\/wp\/v2\/users\/1"}],"replies":[{"embeddable":true,"href":"https:\/\/www.cstuit.com\/home\/wp-json\/wp\/v2\/comments?post=16876"}],"version-history":[{"count":0,"href":"https:\/\/www.cstuit.com\/home\/wp-json\/wp\/v2\/posts\/16876\/revisions"}],"wp:featuredmedia":[{"embeddable":true,"href":"https:\/\/www.cstuit.com\/home\/wp-json\/wp\/v2\/media\/16877"}],"wp:attachment":[{"href":"https:\/\/www.cstuit.com\/home\/wp-json\/wp\/v2\/media?parent=16876"}],"wp:term":[{"taxonomy":"category","embeddable":true,"href":"https:\/\/www.cstuit.com\/home\/wp-json\/wp\/v2\/categories?post=16876"},{"taxonomy":"post_tag","embeddable":true,"href":"https:\/\/www.cstuit.com\/home\/wp-json\/wp\/v2\/tags?post=16876"}],"curies":[{"name":"wp","href":"https:\/\/api.w.org\/{rel}","templated":true}]}}