

	{"id":16886,"date":"2025-03-19T14:37:19","date_gmt":"2025-03-19T17:37:19","guid":{"rendered":"https:\/\/www.cstuit.com\/home\/?p=16886"},"modified":"2025-03-19T14:37:19","modified_gmt":"2025-03-19T17:37:19","slug":"panama-organizacoes-sindicais-convocam-greve-geral-para-21-de-marco","status":"publish","type":"post","link":"https:\/\/www.cstuit.com\/home\/2025\/03\/19\/panama-organizacoes-sindicais-convocam-greve-geral-para-21-de-marco\/","title":{"rendered":"Panam\u00e1: organiza\u00e7\u00f5es sindicais convocam greve geral para 21 de mar\u00e7o"},"content":{"rendered":"<p><em>Por Imprensa Propuesta Socialista [Proposta Socialista]<\/em><\/p>\n<p>&nbsp;<\/p>\n<p><strong>Contra a lei que privatiza a previd\u00eancia social e outras medidas anti-oper\u00e1rias, antidemocr\u00e1ticas e pr\u00f3-imperialistas de Mulino.<\/strong><\/p>\n<p>No \u00faltimo s\u00e1bado, 15 de mar\u00e7o, foi realizada na Cidade do Panam\u00e1 uma reuni\u00e3o representativa de organiza\u00e7\u00f5es sindicais, populares e juvenis contra a Lei 163, aprovada em terceira discuss\u00e3o pela Assembleia Nacional e promovida pelo governo de extrema-direita e entreguista de Jos\u00e9 Ra\u00fal Mulino.<\/p>\n<p>A Lei pretende privatizar a Previd\u00eancia Social, como parte das medidas de austeridade anti-oper\u00e1rias e antipopulares implementadas pelo governo de Mulino.<\/p>\n<p>A reuni\u00e3o foi convocada pela Alianza Pueblo Unido [Alian\u00e7a Povo Unido] e realizada na Universidade do Panam\u00e1. O evento contou com a presen\u00e7a da Suntracs, do sindicato dos trabalhadores da banana de Bocas del Toro, de sindicatos de professores, do sindicato dos trabalhadores do Canal do Panam\u00e1, de Conato, de Conusi, de organiza\u00e7\u00f5es camponesas do Rio Indio e de organiza\u00e7\u00f5es estudantis e juvenis, como Juventudes Revolucion\u00e1rias e FER29. Tamb\u00e9m esteve presente a Propuesta Socialista, atrav\u00e9s da nossa companheira Priscilla V\u00e1squez; entre outras organiza\u00e7\u00f5es sindicais e populares.<\/p>\n<p>Em um clima combativo, e entoando as palavras-de-ordem \u201ca luta n\u00e3o \u00e9 de um s\u00f3, a luta \u00e9 de todos\u201d, \u201csomos patriotas, n\u00e3o traidores\u201d, \u201ca previd\u00eancia n\u00e3o est\u00e1 \u00e0 venda, deve ser defendida\u201d, os dirigentes, ativistas e trabalhadores presentes concordaram em realizar uma marcha na pr\u00f3xima ter\u00e7a-feira, dia 18, a partir das 16h, partindo do Parque Porras, tradicional ponto de encontro, e indo at\u00e9 a Assembleia dos Deputados. A reuni\u00e3o tamb\u00e9m concordou em convocar uma greve geral de advert\u00eancia para a pr\u00f3xima sexta-feira, 21 de mar\u00e7o, e exigiu que o governo liberte os estudantes universit\u00e1rios do grupo Pensamiento y Acci\u00f3n Transformadora (PAT) [Pensamento e A\u00e7\u00e3o Transformadora], detidos pela pol\u00edcia nacional.<\/p>\n<p>Os presentes decidiram continuar distribuindo panfletos e fazendo piquetes, a partir de segunda-feira, at\u00e9 a marcha de ter\u00e7a-feira, que far\u00e1 parte de um evento nacional, que incluir\u00e1 com\u00edcios e manifesta\u00e7\u00f5es em outras cidades, como Dari\u00e9n, Chiriqu\u00ed e Bocas del Toro, entre outras.<\/p>\n<p>Os participantes da reuni\u00e3o foram enf\u00e1ticos em seu compromisso de derrotar a Lei 163 nas ruas, bem como na rejei\u00e7\u00e3o \u00e0 tentativa do governo de reabrir a mina, de propriedade da multinacional First Quantum, apesar da decis\u00e3o da Suprema Corte do final de 2023 ordenando o seu fechamento.<\/p>\n<p>N\u00f3s, da Propuesta Socialista, apoiaremos todas as atividades aprovadas na reuni\u00e3o e promoveremos as lutas de forma unit\u00e1ria, conforme proposto no evento do \u00faltimo s\u00e1bado.<\/p>\n","protected":false},"excerpt":{"rendered":"<p>Por Imprensa Propuesta Socialista [Proposta Socialista] &nbsp; Contra a lei que privatiza a previd\u00eancia social e outras medidas anti-oper\u00e1rias, antidemocr\u00e1ticas e pr\u00f3-imperialistas de Mulino. No \u00faltimo s\u00e1bado, 15 de mar\u00e7o, foi realizada na Cidade do Panam\u00e1 uma reuni\u00e3o representativa de organiza\u00e7\u00f5es sindicais, populares e juvenis<\/p>\n","protected":false},"author":1,"featured_media":16887,"comment_status":"open","ping_status":"open","sticky":false,"template":"","format":"standard","meta":{"footnotes":""},"categories":[6],"tags":[],"class_list":["post-16886","post","type-post","status-publish","format-standard","has-post-thumbnail","hentry","category-internacional"],"_links":{"self":[{"href":"https:\/\/www.cstuit.com\/home\/wp-json\/wp\/v2\/posts\/16886","targetHints":{"allow":["GET"]}}],"collection":[{"href":"https:\/\/www.cstuit.com\/home\/wp-json\/wp\/v2\/posts"}],"about":[{"href":"https:\/\/www.cstuit.com\/home\/wp-json\/wp\/v2\/types\/post"}],"author":[{"embeddable":true,"href":"https:\/\/www.cstuit.com\/home\/wp-json\/wp\/v2\/users\/1"}],"replies":[{"embeddable":true,"href":"https:\/\/www.cstuit.com\/home\/wp-json\/wp\/v2\/comments?post=16886"}],"version-history":[{"count":0,"href":"https:\/\/www.cstuit.com\/home\/wp-json\/wp\/v2\/posts\/16886\/revisions"}],"wp:featuredmedia":[{"embeddable":true,"href":"https:\/\/www.cstuit.com\/home\/wp-json\/wp\/v2\/media\/16887"}],"wp:attachment":[{"href":"https:\/\/www.cstuit.com\/home\/wp-json\/wp\/v2\/media?parent=16886"}],"wp:term":[{"taxonomy":"category","embeddable":true,"href":"https:\/\/www.cstuit.com\/home\/wp-json\/wp\/v2\/categories?post=16886"},{"taxonomy":"post_tag","embeddable":true,"href":"https:\/\/www.cstuit.com\/home\/wp-json\/wp\/v2\/tags?post=16886"}],"curies":[{"name":"wp","href":"https:\/\/api.w.org\/{rel}","templated":true}]}}