

	{"id":16892,"date":"2025-03-20T14:23:06","date_gmt":"2025-03-20T17:23:06","guid":{"rendered":"https:\/\/www.cstuit.com\/home\/?p=16892"},"modified":"2025-03-24T11:25:10","modified_gmt":"2025-03-24T14:25:10","slug":"americo-gomes-ate-o-socialismo-camarada","status":"publish","type":"post","link":"https:\/\/www.cstuit.com\/home\/2025\/03\/20\/americo-gomes-ate-o-socialismo-camarada\/","title":{"rendered":"Americo Gomes, at\u00e9 o socialismo camarada!"},"content":{"rendered":"<p>Acabamos de saber do falecimento do camarada Americo Gomes, dirigente do PSTU e da LIT-QI. Sem duvida \u00e9 um momento de tristeza para toda milit\u00e2ncia socialista e revolucion\u00e1ria do Brasil e Internacional.<\/p>\n<p>Americo integrou uma gera\u00e7\u00e3o de quadros trotskistas que iniciou sua milit\u00e2ncia ainda jovem no Alicerce da Juventude Socialista. Posteriormente foi para o movimento oper\u00e1rio, onde militou por v\u00e1rios anos, na \u00e9poca da Converg\u00eancia Socialista.<\/p>\n<p>Apesar das nossas diferen\u00e7as, sempre nutrimos profundo respeito por sua trajet\u00f3ria revolucion\u00e1ria, internacionalista e abnega\u00e7\u00e3o oper\u00e1ria. Nos despedimos e homenageamos um camarada que dedicou sua vida a luta pelo socialismo.<\/p>\n<p>Enviamos nossas condol\u00eancias aos dirigentes, militantes e simpatizantes do PSTU, da LIT-QI e a todos os amigos e familiares de Am\u00e9rico.<\/p>\n<p><strong>Camarada Americo Gomes, at\u00e9 o socialismo sempre!<\/strong><\/p>\n<p>S\u00e3o Paulo, 20\/03\/25<br \/>\n<em>Corrente Socialista de Trabalhadoras e Trabalhadores, se\u00e7\u00e3o no Brasil da UIT-QI.<\/em><\/p>\n","protected":false},"excerpt":{"rendered":"<p>Acabamos de saber do falecimento do camarada Americo Gomes, dirigente do PSTU e da LIT-QI. Sem duvida \u00e9 um momento de tristeza para toda milit\u00e2ncia socialista e revolucion\u00e1ria do Brasil e Internacional. Americo integrou uma gera\u00e7\u00e3o de quadros trotskistas que iniciou sua milit\u00e2ncia ainda jovem<\/p>\n","protected":false},"author":1,"featured_media":16893,"comment_status":"open","ping_status":"open","sticky":false,"template":"","format":"standard","meta":{"footnotes":""},"categories":[8],"tags":[],"class_list":["post-16892","post","type-post","status-publish","format-standard","has-post-thumbnail","hentry","category-debates-socialistas"],"_links":{"self":[{"href":"https:\/\/www.cstuit.com\/home\/wp-json\/wp\/v2\/posts\/16892","targetHints":{"allow":["GET"]}}],"collection":[{"href":"https:\/\/www.cstuit.com\/home\/wp-json\/wp\/v2\/posts"}],"about":[{"href":"https:\/\/www.cstuit.com\/home\/wp-json\/wp\/v2\/types\/post"}],"author":[{"embeddable":true,"href":"https:\/\/www.cstuit.com\/home\/wp-json\/wp\/v2\/users\/1"}],"replies":[{"embeddable":true,"href":"https:\/\/www.cstuit.com\/home\/wp-json\/wp\/v2\/comments?post=16892"}],"version-history":[{"count":0,"href":"https:\/\/www.cstuit.com\/home\/wp-json\/wp\/v2\/posts\/16892\/revisions"}],"wp:featuredmedia":[{"embeddable":true,"href":"https:\/\/www.cstuit.com\/home\/wp-json\/wp\/v2\/media\/16893"}],"wp:attachment":[{"href":"https:\/\/www.cstuit.com\/home\/wp-json\/wp\/v2\/media?parent=16892"}],"wp:term":[{"taxonomy":"category","embeddable":true,"href":"https:\/\/www.cstuit.com\/home\/wp-json\/wp\/v2\/categories?post=16892"},{"taxonomy":"post_tag","embeddable":true,"href":"https:\/\/www.cstuit.com\/home\/wp-json\/wp\/v2\/tags?post=16892"}],"curies":[{"name":"wp","href":"https:\/\/api.w.org\/{rel}","templated":true}]}}