

	{"id":16901,"date":"2025-03-23T20:45:41","date_gmt":"2025-03-23T23:45:41","guid":{"rendered":"https:\/\/www.cstuit.com\/home\/?p=16901"},"modified":"2025-03-23T20:45:41","modified_gmt":"2025-03-23T23:45:41","slug":"unidade-de-acao-contra-trump-e-o-imperialismo-combate-socialista-no-195","status":"publish","type":"post","link":"https:\/\/www.cstuit.com\/home\/2025\/03\/23\/unidade-de-acao-contra-trump-e-o-imperialismo-combate-socialista-no-195\/","title":{"rendered":"Unidade de a\u00e7\u00e3o contra Trump e o imperialismo | Combate Socialista N\u00ba 195"},"content":{"rendered":"<p>Donald Trump, l\u00edder da extrema direita, \u00e9 o chefe do imp\u00e9rio estadunidense. Ele tenta ampliar a explora\u00e7\u00e3o contra a classe trabalhadora e os setores populares. A deporta\u00e7\u00e3o de trabalhadores brasileiros, algemados e agredidos, mostra que Trump n\u00e3o tem limites. A recente pris\u00e3o do jovem palestino Mahmoud Khalil, na Universidade de Columbia, \u00e9 outro exemplo. \u00c9 preciso det\u00ea-lo atrav\u00e9s da mobiliza\u00e7\u00e3o.<\/p>\n<h1><strong>Um governo das multinacionais e defensores do nazismo<\/strong><\/h1>\n<p>O governo dos EUA \u00e9 apoiado pelas maiores multinacionais do planeta. Elon Musk, dono da Tesla, possui um cargo no departamento de \u201cefici\u00eancia\u201d na Casa Branca. Musk defende ideias nazistas e apoiou recentemente a extrema direita racista alem\u00e3.<\/p>\n<p>Mark Zuckerberg, dono da Meta, e Jeff Bezos, da Amazon, executivos da Apple e Google igualmente apoiam Trump. Eles sonham com um mundo sem direitos trabalhistas e sal\u00e1rios de fome. Usam nossos dados das redes sociais como bem entendem. Querem saquear min\u00e9rios e florestas para aumentar seus lucros. S\u00e3o nossos inimigos.<\/p>\n<h1><strong>N\u00e3o h\u00e1 di\u00e1logo com a extrema direita!<\/strong><\/h1>\n<p>A CST, se\u00e7\u00e3o da UIT-QI, \u00e9 parte dos que se op\u00f5em a esse projeto. Nossa internacional realiza uma campanha contra Trump e o imperialismo (p\u00e1ginas centrais). Precisamos de unidade de a\u00e7\u00e3o contra esse plano antioper\u00e1rio, machista, racista e LGBTf\u00f3bico.<\/p>\n<p>Alguns governos fazem discursos contra Trump, mas palavras n\u00e3o bastam. O governo de Lula\/Alckmin nada fez de concreto contra a deporta\u00e7\u00e3o que atacou a soberania nacional. O Itamaraty patrocina \u201cnegocia\u00e7\u00f5es\u201d com funcion\u00e1rios dos EUA acerca das tarifas de a\u00e7o e alum\u00ednio brasileiro. O ministro Haddad fala que \u201ca ordem \u00e9 negociar\u201d. Mas n\u00e3o h\u00e1 negocia\u00e7\u00e3o com a extrema direita. Exigimos do governo Lula\/Alckmin a taxa\u00e7\u00e3o das multinacionais, o n\u00e3o pagamento da d\u00edvida e a expuls\u00e3o do embaixador dos EUA.<\/p>\n<h1><strong>Unidade latino-americana contra Trump<\/strong><\/h1>\n<p>Em fevereiro ocorreu uma mobiliza\u00e7\u00e3o envolvendo milhares de pessoas no Panam\u00e1. Nossos camaradas da Proposta Socialista (UIT-QI) informam que a mobiliza\u00e7\u00e3o enfrentou o projeto que privatiza os recursos do Fundo de Seguridade Social do governo Mulino e repudiou as amea\u00e7as de Trump contra o Canal do Panam\u00e1. O protesto questionou a visita do secret\u00e1rio de estado norte-americano, Marco Rubio, e do almirante Alvin Holsey, do comando sul dos EUA (ver em <a href=\"http:\/\/www.cstuit.com\/\">www.cstuit.com<\/a>). \u00c9 um exemplo a ser seguido.<\/p>\n<p>\u00c9 preciso realizar uma reuni\u00e3o oper\u00e1ria, ind\u00edgena, estudantil, camponesa e feminista latino-americana contra Trump e o imperialismo estadunidense. Exigimos da CUT, CTB, APIB, MTST e UNE a constru\u00e7\u00e3o desse movimento articulado com as centrais sindicais e movimentos sociais de nosso continente.<\/p>\n<h1><strong>A frente ampla de Lula n\u00e3o combate efetivamente a extrema direita<\/strong><\/h1>\n<p>A extrema direita \u00e9 um perigo real. Isso pode ser visto no projeto \u201c<em>motosserra<\/em>\u201d de Milei e na repress\u00e3o aos protestos dos aposentados na Argentina (ver @cst-uit). Por isso exigimos que os golpistas do 8J sejam punidos. O governo Lula\/Alckmin n\u00e3o fez nada para prender Bolsonaro. E mant\u00e9m na frente ampla figuras golpistas como M\u00facio na c\u00fapula das for\u00e7as armadas.<\/p>\n<p>O governo Lula\/Alckmin n\u00e3o revogou medidas como a reforma trabalhista e previdenci\u00e1ria, nem recomp\u00f4s o or\u00e7amento da educa\u00e7\u00e3o. Al\u00e9m disso, com o Arcabou\u00e7o Fiscal a frente ampla abre caminho para o fortalecimento do bolsonarismo.<\/p>\n<h1><strong>Exigimos a unifica\u00e7\u00e3o das lutas<\/strong><\/h1>\n<p>Os professores e os povos ind\u00edgenas do estado do Par\u00e1 mostraram o caminho para defender direitos. Com greve e ocupa\u00e7\u00e3o unificada conseguiram vit\u00f3rias. O movimento de mulheres realizou o 8M nas ruas. Haver\u00e1 paralisa\u00e7\u00e3o da educa\u00e7\u00e3o municipal de SP e outras assembleias e campanhas salariais est\u00e3o a ocorrer. Aconteceram movimentos reivindicando o fim da jornada 6&#215;1. Diante disso, exigimos um plano de luta da CUT, CNTE, UNE, sindicatos e do movimento negro e feminista para coordenar manifesta\u00e7\u00f5es.<\/p>\n<h1><strong>Construir uma esquerda independente unit\u00e1ria<\/strong><\/h1>\n<p>Ao lado da luta unificada, temos de construir uma esquerda independente da frente ampla de Lula\/Alckmin. Defendemos uma reuni\u00e3o das dire\u00e7\u00f5es dos partidos que n\u00e3o integram o governo Lula: UP, PCBR, PSTU, MRT, SoB e CST. Atualmente nenhuma dessas organiza\u00e7\u00f5es consegue por si s\u00f3 construir uma forte esquerda independente. Por isso defendemos uma reuni\u00e3o conjunta para tra\u00e7ar a\u00e7\u00f5es unit\u00e1rias. Propomos iniciar agrupando as for\u00e7as que se unificaram na \u00faltima campanha eleitoral: PSTU, MRT, SoB e CST. (ver entrevista com Bab\u00e1, p\u00e1g. 9).<\/p>\n<h1><strong>Vem pra CST!<\/strong><\/h1>\n<p>A CST \u00e9 uma organiza\u00e7\u00e3o socialista e revolucion\u00e1ria independente, se\u00e7\u00e3o da UIT-QI, que batalha pela unidade da esquerda independente e luta pela mobiliza\u00e7\u00e3o permanente para enfrentar os planos de ajuste dos governos capitalistas. Defendemos um governo da classe trabalhadora, sem patr\u00f5es, que rompa com o imperialismo, no caminho de construir um Brasil Socialista. Precisamos de sua participa\u00e7\u00e3o para fortalecer esse projeto. Seja militante! Participe de nossas reuni\u00f5es! Ajude a distribuir e financiar nosso jornal!<\/p>\n<p>&nbsp;<\/p>\n","protected":false},"excerpt":{"rendered":"<p>Donald Trump, l\u00edder da extrema direita, \u00e9 o chefe do imp\u00e9rio estadunidense. Ele tenta ampliar a explora\u00e7\u00e3o contra a classe trabalhadora e os setores populares. A deporta\u00e7\u00e3o de trabalhadores brasileiros, algemados e agredidos, mostra que Trump n\u00e3o tem limites. A recente pris\u00e3o do jovem palestino<\/p>\n","protected":false},"author":1,"featured_media":16902,"comment_status":"open","ping_status":"open","sticky":false,"template":"","format":"standard","meta":{"footnotes":""},"categories":[135],"tags":[],"class_list":["post-16901","post","type-post","status-publish","format-standard","has-post-thumbnail","hentry","category-editorial"],"_links":{"self":[{"href":"https:\/\/www.cstuit.com\/home\/wp-json\/wp\/v2\/posts\/16901","targetHints":{"allow":["GET"]}}],"collection":[{"href":"https:\/\/www.cstuit.com\/home\/wp-json\/wp\/v2\/posts"}],"about":[{"href":"https:\/\/www.cstuit.com\/home\/wp-json\/wp\/v2\/types\/post"}],"author":[{"embeddable":true,"href":"https:\/\/www.cstuit.com\/home\/wp-json\/wp\/v2\/users\/1"}],"replies":[{"embeddable":true,"href":"https:\/\/www.cstuit.com\/home\/wp-json\/wp\/v2\/comments?post=16901"}],"version-history":[{"count":0,"href":"https:\/\/www.cstuit.com\/home\/wp-json\/wp\/v2\/posts\/16901\/revisions"}],"wp:featuredmedia":[{"embeddable":true,"href":"https:\/\/www.cstuit.com\/home\/wp-json\/wp\/v2\/media\/16902"}],"wp:attachment":[{"href":"https:\/\/www.cstuit.com\/home\/wp-json\/wp\/v2\/media?parent=16901"}],"wp:term":[{"taxonomy":"category","embeddable":true,"href":"https:\/\/www.cstuit.com\/home\/wp-json\/wp\/v2\/categories?post=16901"},{"taxonomy":"post_tag","embeddable":true,"href":"https:\/\/www.cstuit.com\/home\/wp-json\/wp\/v2\/tags?post=16901"}],"curies":[{"name":"wp","href":"https:\/\/api.w.org\/{rel}","templated":true}]}}