

	{"id":16904,"date":"2025-03-24T11:24:35","date_gmt":"2025-03-24T14:24:35","guid":{"rendered":"https:\/\/www.cstuit.com\/home\/?p=16904"},"modified":"2025-03-24T11:24:35","modified_gmt":"2025-03-24T14:24:35","slug":"paralisar-no-dia-28-03-pelo-cumprimento-do-integral-do-acordo-de-greve-e-contra-a-reforma-administrativa","status":"publish","type":"post","link":"https:\/\/www.cstuit.com\/home\/2025\/03\/24\/paralisar-no-dia-28-03-pelo-cumprimento-do-integral-do-acordo-de-greve-e-contra-a-reforma-administrativa\/","title":{"rendered":"Paralisar no dia\u00a0 28\/03 pelo cumprimento do integral do acordo de greve e contra a Reforma\u00a0 Administrativa"},"content":{"rendered":"<p>COMBATE SPFs<\/p>\n<p><em>Governo cancelou reuni\u00e3o com a categoria. \u00c9 hora de fazer uma forte paralisa\u00e7\u00e3o e mobiliza\u00e7\u00f5es nas universidades.<\/em><\/p>\n<p>A Plen\u00e1ria da Fasubra, que ocorreu de 14 a 16\/3 em Bras\u00edlia, votou paralisa\u00e7\u00e3o nacional dos Tae em 28\/3, data em que ocorreria nova mesa de negocia\u00e7\u00e3o do MGI com a categoria. No entanto, ap\u00f3s a plen\u00e1ria, o governo anunciou que a reuni\u00e3o foi cancelada.<\/p>\n<p>Consideramos urgente manter o dia 28\/3 como um dia de fortes paralisa\u00e7\u00f5es e atos pelos estados, para responder a forma como o governo vem descumprindo o acordo de greve.<\/p>\n<p>Os motivos da nossa mobiliza\u00e7\u00e3o v\u00e3o muito al\u00e9m do tema do pagamento do reajuste salarial: envolvem o texto da MP 1286\/24 , em que o governo incluiu dispositivos que visam retirar direitos do PCCTAE e adequ\u00e1-lo \u00e0 contrarreforma administrativa do governo e o descumprimento do acordo de greve, o desd\u00e9m do governo pela pauta da jornada de 30 horas, Reconhecimento de saberes e compet\u00eancias e reposicionamento dos aposentados, dentre outras.<\/p>\n<p><strong>Mesmo com a LOA aprovada temos que seguir a luta pelo cumprimento do acordo de greve!<\/strong><\/p>\n<p><img loading=\"lazy\" decoding=\"async\" class=\"alignnone size-medium wp-image-16906\" src=\"https:\/\/www.cstuit.com\/home\/wp-content\/uploads\/2025\/03\/lutasind-300x226.jpeg\" alt=\"\" width=\"300\" height=\"226\" srcset=\"https:\/\/www.cstuit.com\/home\/wp-content\/uploads\/2025\/03\/lutasind-300x226.jpeg 300w, https:\/\/www.cstuit.com\/home\/wp-content\/uploads\/2025\/03\/lutasind-1024x771.jpeg 1024w, https:\/\/www.cstuit.com\/home\/wp-content\/uploads\/2025\/03\/lutasind-768x578.jpeg 768w, https:\/\/www.cstuit.com\/home\/wp-content\/uploads\/2025\/03\/lutasind-1536x1156.jpeg 1536w, https:\/\/www.cstuit.com\/home\/wp-content\/uploads\/2025\/03\/lutasind-600x452.jpeg 600w, https:\/\/www.cstuit.com\/home\/wp-content\/uploads\/2025\/03\/lutasind.jpeg 1600w\" sizes=\"auto, (max-width: 300px) 100vw, 300px\" \/><\/p>\n<p>A LOA foi aprovada ap\u00f3s negocia\u00e7\u00f5es que garantiram R$50 bi em emendas parlamentares. Um verdadeiro balc\u00e3o de neg\u00f3cios a servi\u00e7o do pagamento da D\u00edvida P\u00fablica, do ajuste Fiscal do governo e dos interesses escusos dos congressistas.<\/p>\n<p>Agora n\u00e3o h\u00e1\u00a0 justificativa para n\u00e3o implementar de maneira imediata o reajuste, o que poss\u00edvel por meio de folha suplementar, evitando tamb\u00e9m que haja perdas para os servidores em fun\u00e7\u00e3o do imposto de renda, conforme apontou o FONASEFE.<\/p>\n<p>A demora na aprova\u00e7\u00e3o da LOA se deveu \u00e0s chantagens do Congresso, mas tamb\u00e9m o governo utilizou isso para endurecer o ajuste fiscal, como declarou a ministra do Planejamento e Or\u00e7amento, Simone Tebet (MDB)<\/p>\n<p>O governo comemora ter deixado de investir em \u00e1reas sociais para fazer R$15 bi de super\u00e1vit prim\u00e1rio. Trata-se de uma Lei or\u00e7ament\u00e1ria que n\u00e3o representa as necessidades do povo trabalhador: perderam verbas a educa\u00e7\u00e3o p\u00fablica, o Bolsa Fam\u00edlia, a Lei Aldir Blanc e outras \u00e1reas sociais, al\u00e9m de se garantir cerca de R$2 trilh\u00f5es para os banqueiros via d\u00edvida p\u00fablica. Al\u00e9m disso, dias atr\u00e1s o governo fez um acordo com o Centr\u00e3o que foi at\u00e9 o PL para manter o or\u00e7amento secreto.<\/p>\n<p>Al\u00e9m do reajuste imediato, nossa luta \u00e9 pelo conjunto da pauta aprovada no acordo de greve e contra todos os ataques ao PCCTAE.<\/p>\n<p><strong>Votar estado de greve nas assembleias de base e construir um calend\u00e1rio de lutas nacional.<\/strong><\/p>\n<p>\u00c9 preciso um calend\u00e1rio para\u00a0 pressionar o governo Lula-Alckmin e o Congresso pelo pagamento imediato do nosso reajuste salarial, contra os ataques ao PCCTAE contidos na MP 1286\/24\u00a0 o descumprimento do acordo de greve e a Reforma Administrativa. Intensificar a luta pelas 30h, reposicionamento dos aposentados e todos os itens acordados na greve.<\/p>\n<p>Como parte de nossa mobiliza\u00e7\u00e3o e visando fortalec\u00ea-la defendemos que o momento de votar ESTADO DE GREVE, uma sinaliza\u00e7\u00e3o ao governo de que n\u00e3o arredaremos o p\u00e9 quanto ao cumprimento do acordo de greve nem aceitaremos calados seus ataques. Trata-se de uma t\u00e1tica de para aumentar a press\u00e3o sobre o governo, a visibilidade de nossa luta para o conjunto da sociedade e para intensificar o clima de mobiliza\u00e7\u00e3o na base da categoria.<\/p>\n<p>Por isso a\u00a0 Combate sindical e a frente Unidade pra Lutar* defendeu na Plen\u00e1ria da Fasubra que junto a paralisa\u00e7\u00e3o do dia 28\/02\u00a0 a defini\u00e7\u00e3o de estado de greve como orienta\u00e7\u00e3o para as assembleias de base, nova paralisa\u00e7\u00e3o de 48h em abril e Plen\u00e1ria extraordin\u00e1ria no in\u00edcio de maio para debatermos a possibilidade da greve, caso o governo n\u00e3o tivesse atendido as nossas pautas.<\/p>\n<p>Infelizmente a resolu\u00e7\u00e3o aprovada na Plen\u00e1ria da Fasubra (orientada pela CUT, CTB, Travessia , TNL e unidade Classista) n\u00e3o incorporou novas datas de paralisa\u00e7\u00e3o se limitando a definir que haver\u00e1 paralisa\u00e7\u00f5es nos dias de reuni\u00e3o com o governo.\u00a0 Al\u00e9m disso, tamb\u00e9m consideramos equivocado n\u00e3o ter votado o estado de greve j\u00e1 na Plen\u00e1ria.<\/p>\n<p>N\u00f3s chamamos a categoria a n\u00edvel nacional a se mobilizar, a ir \u00e0s assembleias, a participar ativamente da paralisa\u00e7\u00e3o de 28\/3 indo \u00e0s ruas e cobrar dos seus dirigentes sindicais o Estado de greve, um calend\u00e1rio de paralisa\u00e7\u00f5es forte, rumo \u00e0 constru\u00e7\u00e3o de uma forte greve pelas nossas pautas:<\/p>\n<p>Pelo cumprimento integral das pautas do acordo de greve !<\/p>\n<p>Em defesado dos servi\u00e7os e dos servidores p\u00fablicos. N\u00e3o a Reforma Administrativa!<\/p>\n<p>Basta de cortes na Educa\u00e7\u00e3o! Pela revoga\u00e7\u00e3o do Arcabou\u00e7o Fiscal e n\u00e3o-Pagamento da D\u00edvida P\u00fablica.<\/p>\n<p>Por Acelera\u00e7\u00e3o por Capacita\u00e7\u00e3o, garantindo que os processos n\u00e3o travem o desenvolvimento profissional;<\/p>\n<p>Reconhecimento de Saberes e Compet\u00eancias conforme reda\u00e7\u00e3o constru\u00edda pela CNSC, garantindo para que seja para todos e todas;<\/p>\n<p>Pela garantia correla\u00e7\u00e3o entre os niveis A, B, C e D prevista no termo de acordo e step igual para todos os n\u00edveis<\/p>\n<p>Implementa\u00e7\u00e3o da Jornada de 30 horas paratod todos os TAEs, sem redu\u00e7\u00e3o de sal\u00e1rio.<\/p>\n<p>Garantir que a transforma\u00e7\u00e3o dos cargos ocorra sem a redu\u00e7\u00e3o do n\u00famero de vagas por n\u00edvel de classifica\u00e7\u00e3o e com \u00e1rea, conforme constru\u00e7\u00e3o da CNSC.<\/p>\n<p>Pelo pagamento do retroativo do reajuste em folha suplementar j\u00e1 em abril sem descontos.<\/p>\n<p>&nbsp;<\/p>\n<p>&nbsp;<\/p>\n<p>&nbsp;<\/p>\n","protected":false},"excerpt":{"rendered":"<p>COMBATE SPFs Governo cancelou reuni\u00e3o com a categoria. \u00c9 hora de fazer uma forte paralisa\u00e7\u00e3o e mobiliza\u00e7\u00f5es nas universidades. A Plen\u00e1ria da Fasubra, que ocorreu de 14 a 16\/3 em Bras\u00edlia, votou paralisa\u00e7\u00e3o nacional dos Tae em 28\/3, data em que ocorreria nova mesa de<\/p>\n","protected":false},"author":1,"featured_media":16905,"comment_status":"open","ping_status":"open","sticky":false,"template":"","format":"standard","meta":{"footnotes":""},"categories":[17],"tags":[],"class_list":["post-16904","post","type-post","status-publish","format-standard","has-post-thumbnail","hentry","category-sindical"],"_links":{"self":[{"href":"https:\/\/www.cstuit.com\/home\/wp-json\/wp\/v2\/posts\/16904","targetHints":{"allow":["GET"]}}],"collection":[{"href":"https:\/\/www.cstuit.com\/home\/wp-json\/wp\/v2\/posts"}],"about":[{"href":"https:\/\/www.cstuit.com\/home\/wp-json\/wp\/v2\/types\/post"}],"author":[{"embeddable":true,"href":"https:\/\/www.cstuit.com\/home\/wp-json\/wp\/v2\/users\/1"}],"replies":[{"embeddable":true,"href":"https:\/\/www.cstuit.com\/home\/wp-json\/wp\/v2\/comments?post=16904"}],"version-history":[{"count":0,"href":"https:\/\/www.cstuit.com\/home\/wp-json\/wp\/v2\/posts\/16904\/revisions"}],"wp:featuredmedia":[{"embeddable":true,"href":"https:\/\/www.cstuit.com\/home\/wp-json\/wp\/v2\/media\/16905"}],"wp:attachment":[{"href":"https:\/\/www.cstuit.com\/home\/wp-json\/wp\/v2\/media?parent=16904"}],"wp:term":[{"taxonomy":"category","embeddable":true,"href":"https:\/\/www.cstuit.com\/home\/wp-json\/wp\/v2\/categories?post=16904"},{"taxonomy":"post_tag","embeddable":true,"href":"https:\/\/www.cstuit.com\/home\/wp-json\/wp\/v2\/tags?post=16904"}],"curies":[{"name":"wp","href":"https:\/\/api.w.org\/{rel}","templated":true}]}}