

	{"id":16938,"date":"2025-03-28T14:40:51","date_gmt":"2025-03-28T17:40:51","guid":{"rendered":"https:\/\/www.cstuit.com\/home\/?p=16938"},"modified":"2025-03-28T14:40:51","modified_gmt":"2025-03-28T17:40:51","slug":"turquia-ampliar-a-luta-em-defesa-dos-direitos-democraticos","status":"publish","type":"post","link":"https:\/\/www.cstuit.com\/home\/2025\/03\/28\/turquia-ampliar-a-luta-em-defesa-dos-direitos-democraticos\/","title":{"rendered":"Turquia: ampliar a luta em defesa dos direitos democr\u00e1ticos!"},"content":{"rendered":"<p>Na manh\u00e3 de 23 de mar\u00e7o, 45 pessoas \u2013 incluindo o prefeito de Istambul, Ekrem \u0130mamo\u011flu \u2013 foram presas sob acusa\u00e7\u00f5es de corrup\u00e7\u00e3o. Apesar do mandado de pris\u00e3o contra \u0130mamo\u011flu devido \u00e0 investiga\u00e7\u00e3o de terrorismo aberta contra o \u201cConsenso Urbano\u201d [1] ter sido rejeitado, foram emitidas ordens de pris\u00e3o contra tr\u00eas pessoas, inclusive o prefeito de \u015ei\u015fli, Resul Emrah \u015eahan, pela mesma acusa\u00e7\u00e3o. E um interventor foi nomeado para administrar o munic\u00edpio de \u015ei\u015fli. \u00c9 claro que todas as acusa\u00e7\u00f5es foram fabricadas pelo judici\u00e1rio, que atua como uma espada do governo, com o objetivo de criminalizar, intimidar e eliminar a oposi\u00e7\u00e3o, em linha com a continuidade do governo Erdo\u011fan. N\u00f3s, do Partido da Democracia Oper\u00e1ria (IDP), condenamos e rejeitamos tais ataques ao direito de votar e de ser eleito, \u00e0 liberdade de associa\u00e7\u00e3o e aos direitos democr\u00e1ticos mais b\u00e1sicos.<\/p>\n<p>A agress\u00e3o do governo unipessoal \u2013 que chegou ao ponto de prender \u0130mamo\u011flu, prefeito de Istambul e seu principal rival nas pr\u00f3ximas elei\u00e7\u00f5es presidenciais \u2013 certamente n\u00e3o foi um acontecimento novo ou surpreendente. Ap\u00f3s a dura derrota sofrida nas elei\u00e7\u00f5es locais, a Alian\u00e7a Popular [2] retomou pr\u00e1ticas autorit\u00e1rias, atrav\u00e9s de interven\u00e7\u00f5es [3], e iniciou pol\u00edticas para recuperar a supremacia pol\u00edtica e criminalizar a oposi\u00e7\u00e3o. A pol\u00edtica intervencionista come\u00e7ou contra os munic\u00edpios liderados pelo Partido da Igualdade dos Povos e da Democracia (DEM) e se espalhou para o Partido Republicano do Povo (CHP), atingindo o munic\u00edpio de Esenyurt. A agress\u00e3o continuou na forma de opera\u00e7\u00f5es contra a corrup\u00e7\u00e3o nos munic\u00edpios de Be\u015fikta\u015f e Beykoz, e com investiga\u00e7\u00f5es de terrorismo contra membros do conselho municipal do CHP e prefeitos eleitos pelo \u201cConsenso Urbano\u201d. Ficou claro que todas essas opera\u00e7\u00f5es foram preparativos para o ataque contra \u0130mamo\u011flu.<\/p>\n<p>Finalmente, o regime unipessoal lan\u00e7ou seu verdadeiro ataque. Primeiro, com o cancelamento do diploma de prefeito de \u0130mamo\u011flu, em 18 de mar\u00e7o, e depois com sua pris\u00e3o, junto com quase 100 pessoas, em opera\u00e7\u00f5es contra a corrup\u00e7\u00e3o e o terrorismo lan\u00e7adas simultaneamente. Ap\u00f3s quatro dias de deten\u00e7\u00e3o e interrogat\u00f3rio policial e judicial, \u0130mamo\u011flu foi preso sob acusa\u00e7\u00f5es de corrup\u00e7\u00e3o. O Minist\u00e9rio P\u00fablico recorreu da decis\u00e3o de inocent\u00e1-lo das acusa\u00e7\u00f5es de terrorismo. No momento em que este documento foi escrito, o recurso estava sob avalia\u00e7\u00e3o.<\/p>\n<p>Al\u00e9m da opera\u00e7\u00e3o contra \u0130mamo\u011flu, tudo indica que ser\u00e1 nomeado um interventor para atuar no Partido Republicano do Povo (CHP), com a alega\u00e7\u00e3o de irregularidades no \u00faltimo congresso da agremia\u00e7\u00e3o. E h\u00e1 o plano de realizar, com a interven\u00e7\u00e3o do Pal\u00e1cio, um congresso extraordin\u00e1rio do CHP. Em resposta, \u00d6zg\u00fcr \u00d6zel, o principal l\u00edder do partido, anunciou a decis\u00e3o de realizar um congresso extraordin\u00e1rio do CHP em 6 de abril.<\/p>\n<p>O ataques do governo Erdo\u011fan contra o principal partido da oposi\u00e7\u00e3o, o Partido Republicano do Povo (CHP), e \u0130mamo\u011flu revelam a estagna\u00e7\u00e3o e o desespero da Alian\u00e7a Popular. A Alian\u00e7a Popular de Erdo\u011fan, que est\u00e1 perdendo apoio eleitoral por conta da devasta\u00e7\u00e3o econ\u00f4mica pela qual \u00e9 respons\u00e1vel e de suas persistentes pol\u00edticas opressivas e antidemocr\u00e1ticas, est\u00e1 mais uma vez tentando manter o poder por meio da opress\u00e3o, do medo e da criminaliza\u00e7\u00e3o da oposi\u00e7\u00e3o. No entanto, tais movimentos apenas aprofundam as contradi\u00e7\u00f5es do governo. Por um lado, a agress\u00e3o ao principal setor da oposi\u00e7\u00e3o pol\u00edtica \u2014 que chegou ao ponto de prender o candidato \u00e0 presid\u00eancia, afast\u00e1-lo da pol\u00edtica e nomear um substituto \u2014 enfraquece ainda mais a \u201clegitimidade das urnas\u201d, seu principal ponto de sustenta\u00e7\u00e3o. Al\u00e9m disso, tais medidas aumentam a desestabiliza\u00e7\u00e3o da fr\u00e1gil estrutura econ\u00f4mica e reduzem gradualmente a base social do governo. A iniciativa de nome \u201cTurquia sem terrorismo\u201d est\u00e1 enfrentando novos impasses com a pol\u00edtica de rotular o \u201cConsenso Urbano\u201d como terrorismo. O mais importante \u00e9 que a nova agress\u00e3o governamental est\u00e1 enfrentando, dessa vez, a mobiliza\u00e7\u00e3o das massas, especialmente dos jovens, nas ruas.<\/p>\n<p>Os jovens estudantes &#8211; que agiram imediatamente ap\u00f3s as opera\u00e7\u00f5es de anula\u00e7\u00e3o de diplomas e pris\u00f5es &#8211; deram uma li\u00e7\u00e3o sobre como responder aos ataques antidemocr\u00e1ticos. A dire\u00e7\u00e3o do Partido Republicano do Povo (CHP), que inicialmente ficou paralisada e permaneceu em sil\u00eancio depois da opera\u00e7\u00e3o, chamou a mobiliza\u00e7\u00e3o em Sara\u00e7hane ap\u00f3s as a\u00e7\u00f5es dos jovens e a crescente press\u00e3o social. Desde o primeiro dia, e cada vez mais, as massas lotaram a Pra\u00e7a Sara\u00e7hane e se mobilizaram em defesa dos direitos democr\u00e1ticos. Manifesta\u00e7\u00f5es massivas ocorreram n\u00e3o apenas na Pra\u00e7a Sara\u00e7hane, mas tamb\u00e9m em muitas outras pra\u00e7as em Istambul, Izmir, Ancara e em todo o pa\u00eds. A mobiliza\u00e7\u00e3o dos trabalhadores foi o principal fator na destrui\u00e7\u00e3o da legitimidade da a\u00e7\u00e3o do governo.<\/p>\n<p>Ainda que a lideran\u00e7a do CHP tenha convocado, sob press\u00e3o, as mobiliza\u00e7\u00f5es, demonstrou, como em momentos de ruptura anteriores, que tem mais medo da for\u00e7a e da mobiliza\u00e7\u00e3o das ruas e das massas do que do poder do governo. A administra\u00e7\u00e3o do CHP convocou sob press\u00e3o a mobiliza\u00e7\u00e3o de massas, a fim de limit\u00e1-la e control\u00e1-la. Na medida em que n\u00e3o conseguiu impedi-la, est\u00e1 tentando transform\u00e1-la em sua pr\u00f3pria manifesta\u00e7\u00e3o. Ela n\u00e3o convocou as organiza\u00e7\u00f5es distritais para ocupar as ruas, nem retirou de circula\u00e7\u00e3o os \u00f4nibus municipais. N\u00e3o tomou nenhuma iniciativa para ampliar a mobiliza\u00e7\u00e3o das massas. As massas lotaram as pra\u00e7as apesar da atitude passiva, c\u00ednica e de \u201climitar a pol\u00edtica \u00e0s urnas\u201d da dire\u00e7\u00e3o do CHP.<\/p>\n<p>Como resultado da mobiliza\u00e7\u00e3o das massas, \u0130mamo\u011flu foi inocentado das acusa\u00e7\u00f5es de terrorismo e o governo deu um passo atr\u00e1s, desistindo da nomea\u00e7\u00e3o de um interventor em Istambul. No entanto, \u0130mamo\u011flu continua preso sob acusa\u00e7\u00f5es de corrup\u00e7\u00e3o e, como demonstra o recurso do Minist\u00e9rio P\u00fablico, enquanto o regime atual existir, a politica de tutela intervencionista continuar\u00e1 a amea\u00e7ar todos os aspectos da vida, de Istambul a outros munic\u00edpios, de universidades a partidos pol\u00edticos.<\/p>\n<p>&nbsp;<\/p>\n<p>Agora, as massas est\u00e3o discutindo os pr\u00f3ximos passos e como continuar a mobiliza\u00e7\u00e3o. A administra\u00e7\u00e3o do Partido Republicano do Povo (CHP) encerrar\u00e1 em breve os limitados apelos \u00e0 a\u00e7\u00e3o, com com\u00edcios na Pra\u00e7a Sara\u00e7hane. Ela est\u00e1 ansiosa para retornar \u00e0 sua pol\u00edtica cotidiana de \u201cesperar pelas urnas\u201d. No entanto, os protestos, que come\u00e7aram com a pris\u00e3o de \u0130mamo\u011flu, surgiram em defesa dos direitos democr\u00e1ticos, como resultado da raiva acumulada contra os ataques opressivos do regime unipessoal e autorit\u00e1rio. A mobiliza\u00e7\u00e3o deve continuar e se generalizar at\u00e9 que todos os presos pol\u00edticos sejam libertados, acabe a criminaliza\u00e7\u00e3o da oposi\u00e7\u00e3o e se consiga uma ruptura real com o regime e as pol\u00edticas intervencionistas, que se estendem dos munic\u00edpios \u00e0s universidades e \u00e0 administra\u00e7\u00e3o do pa\u00eds!<\/p>\n<p>Hoje, enquanto milh\u00f5es de apoiadores e n\u00e3o apoiadores do CHP, irritados com o regime unipessoal e autorit\u00e1rio, se mobilizam votando nas elei\u00e7\u00f5es prim\u00e1rias do partido e demonstram sua indigna\u00e7\u00e3o, o povo curdo lota as pra\u00e7as, exigindo liberdade e uma paz honrosa, e os jovens estudantes tentam continuar e espalhar o boicote acad\u00eamico. Todas essas mobiliza\u00e7\u00f5es devem ser combinadas e ampliadas para derrotar o regime de Erdo\u011fan. O \u00fanico ator capaz de unir essas diferentes din\u00e2micas \u00e9 a classe trabalhadora, que entrar\u00e1 em cena &#8220;usando o poder que surge da produ\u00e7\u00e3o&#8221;. Nesse contexto, os apelos por uma greve geral feitos aos sindicatos e organiza\u00e7\u00f5es dos trabalhadores assumem uma grande import\u00e2ncia. Para que todas as organiza\u00e7\u00f5es dos trabalhadores, especialmente a Confedera\u00e7\u00e3o dos Sindicatos Turcos (T\u00fcrk-\u0130\u015f), tomem medidas, a press\u00e3o sobre seus dirigentes \u2013 que tentam enterrar a cabe\u00e7a na areia ou se contentam com declara\u00e7\u00f5es simb\u00f3licas \u2013 deve ser dobrada ou triplicada. Nesse sentido, n\u00f3s, do Partido da Democracia Oper\u00e1ria (IDP), continuamos a convocar a esquerda socialista e todas as organiza\u00e7\u00f5es dos trabalhadores para construir uma Alian\u00e7a dos Trabalhadores, que combine a luta contra os ataques antidemocr\u00e1ticos e as pol\u00edticas de destrui\u00e7\u00e3o econ\u00f4mica com um plano de a\u00e7\u00e3o.<\/p>\n<p><strong>Liberdade para os presos pol\u00edticos!<\/strong><\/p>\n<p><strong>\u00a0<\/strong><strong>Basta de criminaliza\u00e7\u00e3o da oposi\u00e7\u00e3o pol\u00edtica!<\/strong><\/p>\n<p><strong>\u00a0<\/strong><strong>Pelo fim do regime intervencionista nos munic\u00edpios, nas universidades e em todo o pa\u00eds!<\/strong><\/p>\n<p><strong>\u00a0<\/strong><strong>A solu\u00e7\u00e3o est\u00e1 na luta unit\u00e1ria, a solu\u00e7\u00e3o est\u00e1 na alian\u00e7a oper\u00e1ria!<\/strong><\/p>\n<p><strong>\u00a0<\/strong><strong>Partido da Democracia Oper\u00e1ria, se\u00e7\u00e3o turca da UIT-QI<\/strong><\/p>\n<p><strong>\u00a0<\/strong><strong>23 de mar\u00e7o de 2025<\/strong><\/p>\n<p><strong>\u00a0<\/strong><\/p>\n<p><strong>Notas:<\/strong><\/p>\n<p>&nbsp;<\/p>\n<p>[1] Kent uzla\u015f\u0131s\u0131 ou \u201cConsenso Urbano\u201d: \u00e9 o nome dado \u00e0 iniciativa do Partido da Igualdade dos Povos e da Democracia (DEM) de deixar de apresentar candidaturas em alguns distritos eleitorais das prov\u00edncias ocidentais e apoiar os candidatos do Partido Republicano Popular (CHP), do prefeito detido de Istambul, \u0130mamo\u011flu. O Procurador-Geral de Istambul, leal a Erdo\u011fan, define a \u201creconcilia\u00e7\u00e3o urbana\u201d como uma iniciativa que visa aumentar a influ\u00eancia do PKK nas cidades. Sob esse pretexto, realizou investiga\u00e7\u00f5es e pris\u00f5es por \u201cterrorismo\u201d.<\/p>\n<p>&nbsp;<\/p>\n<p>[2] Cumhur \u0130ttifak\u0131 ou \u201cAlian\u00e7a Popular\u201d: \u00e9 a Frente Eleitoral formada por v\u00e1rios partidos pol\u00edticos patronais turcos que apoiam a presid\u00eancia de Recep Tayyip Erdo\u011fan e seu partido AKP, Partido da Justi\u00e7a e do Desenvolvimento.<\/p>\n<p>&nbsp;<\/p>\n<p>[3] \u201ckayyums\u201d: nomea\u00e7\u00e3o de interventores.<\/p>\n","protected":false},"excerpt":{"rendered":"<p>Na manh\u00e3 de 23 de mar\u00e7o, 45 pessoas \u2013 incluindo o prefeito de Istambul, Ekrem \u0130mamo\u011flu \u2013 foram presas sob acusa\u00e7\u00f5es de corrup\u00e7\u00e3o. Apesar do mandado de pris\u00e3o contra \u0130mamo\u011flu devido \u00e0 investiga\u00e7\u00e3o de terrorismo aberta contra o \u201cConsenso Urbano\u201d [1] ter sido rejeitado, foram<\/p>\n","protected":false},"author":1,"featured_media":16939,"comment_status":"open","ping_status":"open","sticky":false,"template":"","format":"standard","meta":{"footnotes":""},"categories":[6],"tags":[],"class_list":["post-16938","post","type-post","status-publish","format-standard","has-post-thumbnail","hentry","category-internacional"],"_links":{"self":[{"href":"https:\/\/www.cstuit.com\/home\/wp-json\/wp\/v2\/posts\/16938","targetHints":{"allow":["GET"]}}],"collection":[{"href":"https:\/\/www.cstuit.com\/home\/wp-json\/wp\/v2\/posts"}],"about":[{"href":"https:\/\/www.cstuit.com\/home\/wp-json\/wp\/v2\/types\/post"}],"author":[{"embeddable":true,"href":"https:\/\/www.cstuit.com\/home\/wp-json\/wp\/v2\/users\/1"}],"replies":[{"embeddable":true,"href":"https:\/\/www.cstuit.com\/home\/wp-json\/wp\/v2\/comments?post=16938"}],"version-history":[{"count":0,"href":"https:\/\/www.cstuit.com\/home\/wp-json\/wp\/v2\/posts\/16938\/revisions"}],"wp:featuredmedia":[{"embeddable":true,"href":"https:\/\/www.cstuit.com\/home\/wp-json\/wp\/v2\/media\/16939"}],"wp:attachment":[{"href":"https:\/\/www.cstuit.com\/home\/wp-json\/wp\/v2\/media?parent=16938"}],"wp:term":[{"taxonomy":"category","embeddable":true,"href":"https:\/\/www.cstuit.com\/home\/wp-json\/wp\/v2\/categories?post=16938"},{"taxonomy":"post_tag","embeddable":true,"href":"https:\/\/www.cstuit.com\/home\/wp-json\/wp\/v2\/tags?post=16938"}],"curies":[{"name":"wp","href":"https:\/\/api.w.org\/{rel}","templated":true}]}}