

	{"id":16941,"date":"2025-03-28T14:52:22","date_gmt":"2025-03-28T17:52:22","guid":{"rendered":"https:\/\/www.cstuit.com\/home\/?p=16941"},"modified":"2025-03-28T20:02:15","modified_gmt":"2025-03-28T23:02:15","slug":"turquia-libertem-enes-karakas-e-os-presos-politicos-agora","status":"publish","type":"post","link":"https:\/\/www.cstuit.com\/home\/2025\/03\/28\/turquia-libertem-enes-karakas-e-os-presos-politicos-agora\/","title":{"rendered":"Turquia: Libertem Enes Karaka\u015f e os presos pol\u00edticos agora!"},"content":{"rendered":"<p>Durante a manh\u00e3 da ter\u00e7a-feira, 27 de mar\u00e7o, nosso camarada Enes Karaka\u015f, membro da se\u00e7\u00e3o da UIT-QI na Turquia (Partido da Democracia dos Trabalhadores-IDP) e estudante da Universidade Bo\u011fazi\u00e7i, foi preso junto com outras pessoas que est\u00e3o se mobilizando contra o regime repressivo de Recep Tayyip Erdo\u011fan e sua justi\u00e7a fantoche.<\/p>\n<p>O regime totalit\u00e1rio de Erdo\u011fan busca destruir a oposi\u00e7\u00e3o pol\u00edtica com pris\u00f5es e deten\u00e7\u00f5es e tenta reprimir as mobiliza\u00e7\u00f5es em massa que lotam as pra\u00e7as das principais cidades do pa\u00eds. Al\u00e9m disso, interv\u00e9m em institui\u00e7\u00f5es municipais e educacionais, como universidades, desalojando antidemocraticamente seus representantes eleitos e prendendo-os.<\/p>\n<p>A Unidade Internacional dos Trabalhadores &#8211; Quarta Internacional, se solidariza com as mobiliza\u00e7oes Turcas e exige a liberta\u00e7\u00e3o imediata do camarada Enes Karaka\u015f e de todos os presos pol\u00edticos por lutarem em defesa dos direitos democr\u00e1ticos e sociais.<\/p>\n<p>Liberdade j\u00e1 para Enes Karaka\u015f e todos os presos pol\u00edticos!<br \/>\nAbaixo a repress\u00e3o de Erdo\u011fan!<\/p>\n<p>Viva a luta e a mobiliza\u00e7\u00e3o do povo da Turquia!<\/p>\n<p>Unidade Internacional de Trabalhadoras e Trabalhadores &#8211; Quarta Internacional<\/p>\n<hr \/>\n<h3>Liberdade para Enes Karaka\u015f!<\/h3>\n<h6>Nota do IDP, se\u00e7\u00e3o da UIT-QI na Turquia<\/h6>\n<p>Enes Karaka\u015f, membro de nosso partido e estudante da Universidade Bo\u011fazi\u00e7i, que foi detido ontem de manh\u00e3 por se opor \u00e0 Lei n\u00ba 2911 sobre Reuni\u00f5es e Manifesta\u00e7\u00f5es. Hoje foi preso preventivamente por ordem judicial.<\/p>\n<p>O regime repressivo de Erdo\u011fan est\u00e1 tentando intimidar e amedrontrar os jovens e trabalhadores com pris\u00f5es e deten\u00e7\u00f5es, com pol\u00edticas opressivas.<\/p>\n<p>Enes Karaka\u015f est\u00e1 sendo punido por apoiar a luta justa e leg\u00edtima dos estudantes de Bo\u011fazi\u00e7i contra o regime fiduci\u00e1rio. Defender os direitos e as liberdades democr\u00e1ticas n\u00e3o \u00e9 crime!<\/p>\n<p>Liberdade para Enes Karaka\u015f e todos os presos pol\u00edticos!<\/p>\n<p>Fim do regime fiduci\u00e1rio nos munic\u00edpios, nas universidades e em todo o pa\u00eds!<\/p>\n<blockquote class=\"twitter-tweet\">\n<p dir=\"ltr\" lang=\"tr\">Enes Karaka\u015f&#8217;a \u00f6zg\u00fcrl\u00fck!<\/p>\n<p>D\u00fcn sabah 2911 say\u0131l\u0131 toplant\u0131 ve g\u00f6steri y\u00fcr\u00fcy\u00fc\u015fleri kanununa muhalefetten g\u00f6zalt\u0131na al\u0131nan partimiz \u00fcyesi ve Bo\u011fazi\u00e7i \u00dcniversitesi \u00f6\u011frencisi Enes Karaka\u015f mahkeme karar\u0131yla tutukland\u0131.<\/p>\n<p>Tek Adam rejimi g\u00f6zalt\u0131 ve tutuklamalarla, bilindik bask\u0131\u2026 <a href=\"https:\/\/t.co\/IvkkTOXFRw\">pic.twitter.com\/IvkkTOXFRw<\/a><\/p>\n<p>\u2014 \u0130\u015f\u00e7i Demokrasisi Partisi (@idpgenelmerkezi) <a href=\"https:\/\/twitter.com\/idpgenelmerkezi\/status\/1905674799134736577?ref_src=twsrc%5Etfw\">March 28, 2025<\/a><\/p><\/blockquote>\n<p><script async src=\"https:\/\/platform.twitter.com\/widgets.js\" charset=\"utf-8\"><\/script><\/p>\n","protected":false},"excerpt":{"rendered":"<p>Durante a manh\u00e3 da ter\u00e7a-feira, 27 de mar\u00e7o, nosso camarada Enes Karaka\u015f, membro da se\u00e7\u00e3o da UIT-QI na Turquia (Partido da Democracia dos Trabalhadores-IDP) e estudante da Universidade Bo\u011fazi\u00e7i, foi preso junto com outras pessoas que est\u00e3o se mobilizando contra o regime repressivo de Recep<\/p>\n","protected":false},"author":1,"featured_media":16944,"comment_status":"open","ping_status":"open","sticky":false,"template":"","format":"standard","meta":{"footnotes":""},"categories":[6,1],"tags":[],"class_list":["post-16941","post","type-post","status-publish","format-standard","has-post-thumbnail","hentry","category-internacional","category-sem-categoria"],"_links":{"self":[{"href":"https:\/\/www.cstuit.com\/home\/wp-json\/wp\/v2\/posts\/16941","targetHints":{"allow":["GET"]}}],"collection":[{"href":"https:\/\/www.cstuit.com\/home\/wp-json\/wp\/v2\/posts"}],"about":[{"href":"https:\/\/www.cstuit.com\/home\/wp-json\/wp\/v2\/types\/post"}],"author":[{"embeddable":true,"href":"https:\/\/www.cstuit.com\/home\/wp-json\/wp\/v2\/users\/1"}],"replies":[{"embeddable":true,"href":"https:\/\/www.cstuit.com\/home\/wp-json\/wp\/v2\/comments?post=16941"}],"version-history":[{"count":0,"href":"https:\/\/www.cstuit.com\/home\/wp-json\/wp\/v2\/posts\/16941\/revisions"}],"wp:featuredmedia":[{"embeddable":true,"href":"https:\/\/www.cstuit.com\/home\/wp-json\/wp\/v2\/media\/16944"}],"wp:attachment":[{"href":"https:\/\/www.cstuit.com\/home\/wp-json\/wp\/v2\/media?parent=16941"}],"wp:term":[{"taxonomy":"category","embeddable":true,"href":"https:\/\/www.cstuit.com\/home\/wp-json\/wp\/v2\/categories?post=16941"},{"taxonomy":"post_tag","embeddable":true,"href":"https:\/\/www.cstuit.com\/home\/wp-json\/wp\/v2\/tags?post=16941"}],"curies":[{"name":"wp","href":"https:\/\/api.w.org\/{rel}","templated":true}]}}