

	{"id":17001,"date":"2025-04-12T16:45:00","date_gmt":"2025-04-12T19:45:00","guid":{"rendered":"https:\/\/www.cstuit.com\/home\/?p=17001"},"modified":"2025-04-13T16:51:27","modified_gmt":"2025-04-13T19:51:27","slug":"forte-greve-contra-milei","status":"publish","type":"post","link":"https:\/\/www.cstuit.com\/home\/2025\/04\/12\/forte-greve-contra-milei\/","title":{"rendered":"Forte greve contra Milei"},"content":{"rendered":"<p><em>Por Juan Carlos Giordano, deputado nacional eleito pela Izquierda Socialista\/FIT Unidad<\/em><\/p>\n<p>&nbsp;<\/p>\n<p>Apesar da campanha de intimida\u00e7\u00e3o do governo e da atitude covarde da burocracia da UTA nacional, a greve geral de quinta-feira, dia 10, foi muito importante. O mesmo aconteceu com a grande marcha do dia anterior ao Congresso, em apoio aos aposentados. Dois exemplos do amplo rep\u00fadio ao plano motosserra de Javier Milei e do FMI. Agora, devemos continuar a mobiliza\u00e7\u00e3o com uma greve de 36 horas e com um plano de luta nacional da CGT-CTA.<\/p>\n<p>Ferrovi\u00e1rios, professores, funcion\u00e1rios p\u00fablicos, banc\u00e1rios, metrovi\u00e1rios, aerovi\u00e1rios, metal\u00fargicos e mec\u00e2nicos de grandes f\u00e1bricas fizeram uma greve decisiva. Os petroleiros de Vaca Muerta tamb\u00e9m realizaram uma grande assembleia antes da greve, com milhares de participantes. Ou seja, a greve envolveu a maior parte da classe trabalhadora. Em v\u00e1rias cidades, como Neuqu\u00e9n e Ros\u00e1rio, houve manifesta\u00e7\u00f5es.<\/p>\n<p>O fato de o transporte de \u00f4nibus ainda estar dispon\u00edvel, por culpa dos dirigentes da UTA, impediu que a paralisa\u00e7\u00e3o fosse 100% completa, embora poucos passageiros tenham usado o meio de transporte e os com\u00e9rcios tenham ficado com quase nenhum cliente.<\/p>\n<p>O governo montou uma opera\u00e7\u00e3o sinistra, que fracassou. Placas eletr\u00f4nicas com alto-falantes foram colocadas em esta\u00e7\u00f5es de trem na Cidade de Buenos Aires, declarando a greve um \u201cataque \u00e0 Rep\u00fablica\u201d. Em outras palavras, para o governo de extrema-direita, uma greve geral necess\u00e1ria, um direito leg\u00edtimo de protesto, \u00e9 um \u201cataque\u201d ao pa\u00eds, mas o plano motosserra, que est\u00e1 deixando milh\u00f5es na pobreza (com sal\u00e1rios e pens\u00f5es miser\u00e1veis, milhares de demiss\u00f5es no Estado e devido \u00e0 recess\u00e3o), n\u00e3o \u00e9.<\/p>\n<p>O governo tamb\u00e9m repercutiu a trai\u00e7\u00e3o da UTA nacional, que n\u00e3o parou, ao contr\u00e1rio da \u00faltima greve geral de 6 de maio. Isso levou a um pequeno movimento de pessoas, especialmente no com\u00e9rcio e entre os trabalhadores precarizados ou que vivem de biscates, for\u00e7ados a viajar horas em busca do p\u00e3o de cada dia. Por\u00e9m, isso n\u00e3o impediu que imagens t\u00edpicas de um feriado fossem vistas.<\/p>\n<p>Foi impressionante: as entrevistas realizadas pela m\u00eddia com pessoas nas ruas deixaram claro que a grande maioria n\u00e3o apoia o governo e que quase todos consideram que o dinheiro n\u00e3o \u00e9 suficiente para nada, demonstrando que a rejei\u00e7\u00e3o a Milei est\u00e1 crescendo diante do aumento da pobreza. Isso n\u00e3o \u00e9 por acaso. Os acordos coletivos est\u00e3o abaixo da infla\u00e7\u00e3o; os sal\u00e1rios do funcionalismo p\u00fablico est\u00e3o desvalorizados em 16,5% em rela\u00e7\u00e3o a novembro de 2023; as aposentadorias est\u00e3o nos n\u00edveis de 2006; o consumo popular est\u00e1 caindo; os pre\u00e7os dos alimentos, dos transportes, das tarifas dos servi\u00e7os e dos alugu\u00e9is continuam subindo, entre uma longa lista de problemas.<\/p>\n<p><strong>As mentiras do governo<\/strong><\/p>\n<p>Os defensores do sistema dizem que o pa\u00eds \u201cse conserta com trabalho\u201d, n\u00e3o com greves. Mas h\u00e1 cada vez menos empregos, e os que existem envolvem jornadas mais longas, super-explora\u00e7\u00e3o e sal\u00e1rios mais baixos, enquanto os lucros v\u00e3o para as grandes empresas e para o FMI.<\/p>\n<p>Al\u00e9m disso, o porta-voz oficial do governo \u2013 o bajulador e agora candidato a deputado por Buenos Aires, Manuel Adorni \u2013 disse, como costuma fazer com suas mentiras di\u00e1rias, que a greve causou \u201cperdas\u201d de US$ 880 milh\u00f5es. Outras fontes disseram que foram 200 bilh\u00f5es de pesos, o equivalente a US$ 200 milh\u00f5es. No entanto, esses caras-de-pau s\u00f3 se lembram das \u201csupostas perdas\u201d nos dias de greve, n\u00e3o nos 365 dias do ano. Eles nunca se lembram das perdas di\u00e1rias de sal\u00e1rios ou empregos.<\/p>\n<p>Dizer que a classe trabalhadora, que produz a riqueza do pa\u00eds, \u00e9 a causadora dos problemas demonstra a natureza sinistra do governo de extrema-direita. Na verdade, s\u00e3o os trabalhadores que geram a riqueza, que depois \u00e9 apropriada por grandes empres\u00e1rios, corpora\u00e7\u00f5es multinacionais e usur\u00e1rios da d\u00edvida. Por\u00e9m, se for para falar em preju\u00edzos, vale mencionar que US$ 12,5 bilh\u00f5es j\u00e1 foram pagos somente em juros da d\u00edvida externa ao FMI nos \u00faltimos anos. E o governo vai aumentar a d\u00edvida em US$ 20 bilh\u00f5es, conforme acordado com o FMI. Tal dinheiro vai para a ciranda financeira e ser\u00e1 pago pelo povo trabalhador.<\/p>\n<p><strong>CGT\u2026 e a continuidade?<\/strong><\/p>\n<p>Na coletiva de imprensa da CGT, H\u00e9ctor Daer parabenizou os trabalhadores pelo sucesso da greve, mas n\u00e3o disse nada sobre os pr\u00f3ximos passos. Se Daer reconheceu que os sal\u00e1rios e as aposentadorias n\u00e3o s\u00e3o suficientes para viver, ent\u00e3o \u00e9 necess\u00e1rio aprofundar o plano de luta, algo exigido pelo sindicalismo combativo e pela esquerda na coluna independente da marcha de 9 de abril.<\/p>\n<p>Muitas pessoas at\u00e9 disseram que eram contra a greve, n\u00e3o por causa da greve em si, mas porque a UTA tamb\u00e9m deveria ter aderido, numa cr\u00edtica dura aos dirigentes burocr\u00e1ticos do sindicato. Outras apontaram que a CGT deveria dar continuidade ao movimento, algo que n\u00e3o est\u00e1 fazendo.<\/p>\n<p>Se algo est\u00e1 provado, \u00e9 que quando h\u00e1 um chamado \u00e0 luta, para al\u00e9m da desconfian\u00e7a justific\u00e1vel em rela\u00e7\u00e3o a esses dirigentes, milh\u00f5es cruzam os bra\u00e7os, como aconteceu agora. Milhares de pessoas tamb\u00e9m participaram do grande protesto do dia 24 de mar\u00e7o e se mobilizaram vigorosamente todas as quartas-feiras em apoio aos aposentados, apesar da repress\u00e3o.<\/p>\n<p>O governo est\u00e1 enfrentando v\u00e1rios contratempos. Foi repudiado por suas declara\u00e7\u00f5es sobre as Ilhas Malvinas; fracassou em nomear ju\u00edzes para a Suprema Corte; falhou em impedir o Congresso de formar uma comiss\u00e3o para investigar o golpe das criptomoedas; e, fundamentalmente, est\u00e1 diante da queda da imagem de Milei, por conta da mentira de que ele est\u00e1 resolvendo as coisas, com supostas conquistas que n\u00e3o est\u00e3o \u00e0 vista.<\/p>\n<p>Milhares e milhares de pessoas sentem que o governo pode ser derrotado. \u00c9 por isso que devemos exigir que a CGT e a CTA deem continuidade ao plano de luta, com uma nova greve de 36 horas para derrotar o sinistro plano motosserra de Milei, dos governadores e do FMI. Para isso, precisamos exigir que os sindicatos convoquem assembleias e elejam representantes por local de trabalho para impulsionar a mobiliza\u00e7\u00e3o.<\/p>\n","protected":false},"excerpt":{"rendered":"<p>Por Juan Carlos Giordano, deputado nacional eleito pela Izquierda Socialista\/FIT Unidad &nbsp; Apesar da campanha de intimida\u00e7\u00e3o do governo e da atitude covarde da burocracia da UTA nacional, a greve geral de quinta-feira, dia 10, foi muito importante. O mesmo aconteceu com a grande marcha<\/p>\n","protected":false},"author":1,"featured_media":17003,"comment_status":"open","ping_status":"open","sticky":false,"template":"","format":"standard","meta":{"footnotes":""},"categories":[6],"tags":[],"class_list":["post-17001","post","type-post","status-publish","format-standard","has-post-thumbnail","hentry","category-internacional"],"_links":{"self":[{"href":"https:\/\/www.cstuit.com\/home\/wp-json\/wp\/v2\/posts\/17001","targetHints":{"allow":["GET"]}}],"collection":[{"href":"https:\/\/www.cstuit.com\/home\/wp-json\/wp\/v2\/posts"}],"about":[{"href":"https:\/\/www.cstuit.com\/home\/wp-json\/wp\/v2\/types\/post"}],"author":[{"embeddable":true,"href":"https:\/\/www.cstuit.com\/home\/wp-json\/wp\/v2\/users\/1"}],"replies":[{"embeddable":true,"href":"https:\/\/www.cstuit.com\/home\/wp-json\/wp\/v2\/comments?post=17001"}],"version-history":[{"count":0,"href":"https:\/\/www.cstuit.com\/home\/wp-json\/wp\/v2\/posts\/17001\/revisions"}],"wp:featuredmedia":[{"embeddable":true,"href":"https:\/\/www.cstuit.com\/home\/wp-json\/wp\/v2\/media\/17003"}],"wp:attachment":[{"href":"https:\/\/www.cstuit.com\/home\/wp-json\/wp\/v2\/media?parent=17001"}],"wp:term":[{"taxonomy":"category","embeddable":true,"href":"https:\/\/www.cstuit.com\/home\/wp-json\/wp\/v2\/categories?post=17001"},{"taxonomy":"post_tag","embeddable":true,"href":"https:\/\/www.cstuit.com\/home\/wp-json\/wp\/v2\/tags?post=17001"}],"curies":[{"name":"wp","href":"https:\/\/api.w.org\/{rel}","templated":true}]}}