

	{"id":17037,"date":"2025-03-30T16:33:00","date_gmt":"2025-03-30T19:33:00","guid":{"rendered":"https:\/\/www.cstuit.com\/home\/?p=17037"},"modified":"2025-04-25T16:53:18","modified_gmt":"2025-04-25T19:53:18","slug":"por-uma-jornada-de-lutas-da-educacao-no-rio","status":"publish","type":"post","link":"https:\/\/www.cstuit.com\/home\/2025\/03\/30\/por-uma-jornada-de-lutas-da-educacao-no-rio\/","title":{"rendered":"POR UMA JORNADA DE LUTAS DA EDUCA\u00c7\u00c3O NO RIO"},"content":{"rendered":"<p><em>Por B\u00e1rbara Sinedino &#8211; Educa\u00e7\u00e3o em Combate RJ<\/em><\/p>\n<p>No dia 28\/03, data nacional de luta em mem\u00f3ria do assassinato do Estudante \u00c9dson Lu\u00eds, morto pela ditadura militar em 1968, o FEDEP (F\u00f3rum Estadual em Defesa da Escola P\u00fablica do RJ) organizou um grande protesto unificado de toda a educa\u00e7\u00e3o no estado. O ato foi encorpado com a presen\u00e7a<br \/>\ndo Comit\u00ea de luta em defesa da Palestina, que aderiu \u00e0 agenda e unificou, marchando em conjunto.<\/p>\n<p>A rede municipal e a rede estadual de educa\u00e7\u00e3o realizaram assembleias em fevereiro e aprovaram paralisar por 24h no dia. As pautas s\u00e3o muitas: a recomposi\u00e7\u00e3o salarial que n\u00e3o acontece h\u00e1 anos no munic\u00edpio e no estado, a revoga\u00e7\u00e3o da reforma administrativa de Eduardo Paes aprovada em<br \/>\ndezembro\/2024, o cumprimento do piso do magist\u00e9rio e a melhoria nas condi\u00e7\u00f5es de trabalho.<\/p>\n<p>A marcha foi grande e a unidade dos e das trabalhadoras da educa\u00e7\u00e3o b\u00e1sica com as universidades e com o movimento estudantil precisa continuar, pois demonstrou que existe espa\u00e7o para ocupar as ruas por nossas pautas.<\/p>\n<p>Infelizmente, a maioria da dire\u00e7\u00e3o do SEPE n\u00e3o mobilizou o protesto e a greve \u00e0 altura do que poderia e a categoria que segue massacrada nas escolas perdeu uma oportunidade de se apresentar ainda com mais for\u00e7a nas ruas e enfrentar Castro e Paes.<\/p>\n<p>A educa\u00e7\u00e3o vem lutando desde o in\u00edcio do ano nos estados e munic\u00edpios, houve paralisa\u00e7\u00f5es em Belo Horizonte, Rio de Janeiro, S\u00e3o Paulo. \u00c9 necess\u00e1rio nos inspirar no exemplo do estado do Par\u00e1, que com unidade entre professoras\/es e a comunidade escolar, atrav\u00e9s de greve e ocupa\u00e7\u00e3o da<br \/>\nsecretaria de educa\u00e7\u00e3o revogaram a reforma administrativa no estado. A categoria est\u00e1 demostrando disposi\u00e7\u00e3o, mas infelizmente a CNTE (Confedera\u00e7\u00e3o Nacional de Trabalhadores em Educa\u00e7\u00e3o) n\u00e3o organizou uma luta unificada. N\u00f3s, do Combate e da CST, denunciamos esta pol\u00edtica imobilista, e exigimos da CNTE que organize e convoque uma jornada\u00a0nacional\u00a0de luta unificada com mobiliza\u00e7\u00e3o e atos de rua.<\/p>\n<p><strong>\u00c9 preciso uma nova dire\u00e7\u00e3o para o SEPE-RJ<\/strong><\/p>\n<p>Hoje a maioria da dire\u00e7\u00e3o do SEPE-RJ \u00e9 composta por setores que s\u00e3o parte do governo de frente ampla do Lula\/Alckmin e participam dos gabinetes de parlamentares que votaram em Caiado para a presid\u00eancia da C\u00e2mara de Vereadores do Rio e em Rodrigo Bacellar para a ALERJ, algozes da<br \/>\neduca\u00e7\u00e3o.<\/p>\n<p>Isso explica por que n\u00e3o tem se empenhado em mobilizar a categoria pela base para enfrentar o arcabou\u00e7o fiscal que cortou 1,3 bilh\u00e3o de reais da educa\u00e7\u00e3o.<\/p>\n<p>Em Junho de 2025 v\u00e3o acontecer novas elei\u00e7\u00f5es para o SEPE-RJ e n\u00f3s, da CST, junto ao coletivo Educa\u00e7\u00e3o em Combate, estamos empenhadas\/os em construir pela base uma chapa de oposi\u00e7\u00e3o, por uma nova dire\u00e7\u00e3o para o SEPE-RJ que tenha independ\u00eancia de classe frente a todos os governos, ao<br \/>\nparlamento e que esteja junta \u00e0 base da categoria, se inspirando no exemplo do Par\u00e1 e mobilize a categoria a partir das escolas para construir a luta por sal\u00e1rio e melhores condi\u00e7\u00f5es de trabalho.<\/p>\n<p>Acompanhe nas redes sociais da educa\u00e7\u00e3o em combate o nosso manifesto por uma nova dire\u00e7\u00e3o para o SEPE-RJ<\/p>\n<p><strong>Precisamos de uma jornada de lutas!\u00a0<\/strong><\/p>\n<p>A luta do dia 28\/03 foi importante e precisa continuar. No mesmo final de semana aconteceu o 30\/03, dia nacional de luta \u201cSem Anistia\u201d, que no Rio de Janeiro foi subaproveitado e transformado em panfletagens, com o protesto acontecendo apenas na ter\u00e7a-feira 01\/04 \u00e0s 15h, dia e hor\u00e1rio desfavor\u00e1vel para participa\u00e7\u00e3o da maioria das pessoas que trabalham.<\/p>\n<p>N\u00f3s, da CST e da Educa\u00e7\u00e3o em Combate, opinamos que \u00e9 importante a unidade da classe trabalhadora e por isso os atos da Educa\u00e7\u00e3o devem ser constru\u00eddos em conjunto com a luta pelo fim da escala 6&#215;1, com a pauta \u201cSem Anistia, Pris\u00e3o para Bolsonaro\u201d, somar o apoio e solidariedade internacional com a Palestina, para enfrentar o Arcabou\u00e7o Fiscal e exigir a revoga\u00e7\u00e3o do Plano Safra, para que os 400 bilh\u00f5es que o governo Lula investiu no agroneg\u00f3cio sejam revertidos para a educa\u00e7\u00e3o e demais \u00e1reas sociais e assim garantir o cumprimento do piso em todos os estados e munic\u00edpios, revogar o Novo Ensino M\u00e9dio e as reformas administrativas e garantir reajuste salarial e<br \/>\nmelhores condi\u00e7\u00f5es de trabalho nas escola e em todo o servi\u00e7o p\u00fablico.<\/p>\n","protected":false},"excerpt":{"rendered":"<p>Por B\u00e1rbara Sinedino &#8211; Educa\u00e7\u00e3o em Combate RJ No dia 28\/03, data nacional de luta em mem\u00f3ria do assassinato do Estudante \u00c9dson Lu\u00eds, morto pela ditadura militar em 1968, o FEDEP (F\u00f3rum Estadual em Defesa da Escola P\u00fablica do RJ) organizou um grande protesto unificado<\/p>\n","protected":false},"author":1,"featured_media":17038,"comment_status":"open","ping_status":"open","sticky":false,"template":"","format":"standard","meta":{"footnotes":""},"categories":[17],"tags":[],"class_list":["post-17037","post","type-post","status-publish","format-standard","has-post-thumbnail","hentry","category-sindical"],"_links":{"self":[{"href":"https:\/\/www.cstuit.com\/home\/wp-json\/wp\/v2\/posts\/17037","targetHints":{"allow":["GET"]}}],"collection":[{"href":"https:\/\/www.cstuit.com\/home\/wp-json\/wp\/v2\/posts"}],"about":[{"href":"https:\/\/www.cstuit.com\/home\/wp-json\/wp\/v2\/types\/post"}],"author":[{"embeddable":true,"href":"https:\/\/www.cstuit.com\/home\/wp-json\/wp\/v2\/users\/1"}],"replies":[{"embeddable":true,"href":"https:\/\/www.cstuit.com\/home\/wp-json\/wp\/v2\/comments?post=17037"}],"version-history":[{"count":0,"href":"https:\/\/www.cstuit.com\/home\/wp-json\/wp\/v2\/posts\/17037\/revisions"}],"wp:featuredmedia":[{"embeddable":true,"href":"https:\/\/www.cstuit.com\/home\/wp-json\/wp\/v2\/media\/17038"}],"wp:attachment":[{"href":"https:\/\/www.cstuit.com\/home\/wp-json\/wp\/v2\/media?parent=17037"}],"wp:term":[{"taxonomy":"category","embeddable":true,"href":"https:\/\/www.cstuit.com\/home\/wp-json\/wp\/v2\/categories?post=17037"},{"taxonomy":"post_tag","embeddable":true,"href":"https:\/\/www.cstuit.com\/home\/wp-json\/wp\/v2\/tags?post=17037"}],"curies":[{"name":"wp","href":"https:\/\/api.w.org\/{rel}","templated":true}]}}