

	{"id":17142,"date":"2025-05-13T15:35:52","date_gmt":"2025-05-13T18:35:52","guid":{"rendered":"https:\/\/www.cstuit.com\/home\/?p=17142"},"modified":"2025-05-13T18:28:22","modified_gmt":"2025-05-13T21:28:22","slug":"13-de-maio-retomar-a-luta-independente-do-movimento-negro","status":"publish","type":"post","link":"https:\/\/www.cstuit.com\/home\/2025\/05\/13\/13-de-maio-retomar-a-luta-independente-do-movimento-negro\/","title":{"rendered":"13 de maio \u2013 retomar a luta independente do movimento negro"},"content":{"rendered":"<p>137 anos da falsa hist\u00f3ria, de uma certa princesa que assinou a aboli\u00e7\u00e3o da escravid\u00e3o. Essa data foi escolhida para enaltecer a Princesa Isabel, falsamente tida como benevolente. Uma fake news antiga, j\u00e1 que essa figura foi uma das herdeiras da Casa dos Bragan\u00e7a, a fam\u00edlia real que dirigiu o imp\u00e9rio colonial Portugu\u00eas e o Imp\u00e9rio escravista do Brasil que massacraram os povos origin\u00e1rios que aqui habitavam e os nossos irm\u00e3os do continente africano.<\/p>\n<p>N\u00e3o houve nenhuma puni\u00e7\u00e3o aos escravistas, nenhuma indeniza\u00e7\u00e3o aos negros escravizados e aos pa\u00edses de onde eles foram arrancados. Desde o Imp\u00e9rio se imp\u00f4s uma Lei de Terras e a importa\u00e7\u00e3o de trabalhadores europeus para ocuparem as melhores fun\u00e7\u00f5es e assim seguir dizimando o povo negro sem acesso \u00e0 terra ou sequer ao trabalho digno. N\u00e3o por acaso o movimento negro ressurgiu no Brasil em plena ditadura militar questionando o 13 de maio no final dos anos 1970 e posteriormente protestando por uma verdadeira aboli\u00e7\u00e3o no final dos anos 1980.<\/p>\n<p>A burguesia tenta vender a hist\u00f3ria como feitos seus e n\u00e3o como conquista das lutas e das revoltas no Brasil col\u00f4nia, dos males, da revolta da chibata ou a organiza\u00e7\u00e3o e luta dos quilombos, como o mais conhecido o Palmares, liderado por Zumb\u00ed e Dandara.<\/p>\n<p>Escondem n\u00e3o \u00e0 toa, pois n\u00e3o querem confirmar que o que vemos hoje \u00e9 reflexo desse hist\u00f3rico de escraviza\u00e7\u00e3o de pessoas negras no Brasil. De acordo com a PNAD Cont\u00ednua, em 2023, quase metade (46%) dos negros ocupados estavam em trabalhos desprotegidos, ou seja, empregados sem carteira, no trabalho informal. Entre os n\u00e3o negros, essa propor\u00e7\u00e3o foi de 34%.<\/p>\n<p>Entre as mulheres negras, que vivenciam as opress\u00f5es de g\u00eanero e racial, 15% das que est\u00e3o empregadas, s\u00e3o trabalhadoras dom\u00e9sticas, um dos empregos mais prec\u00e1rios do Brasil. A exemplo de S\u00f4nia Maria, mulher negra com defici\u00eancia auditiva, que foi mantida por anos como empregada dom\u00e9stica na fam\u00edlia de um desembargador, pois segundo ele \u201cela gostava de crian\u00e7as\u201d; quando foi pra sua casa ela tinha apenas 12 anos. Esse n\u00e3o \u00e9 um caso de 137 anos atr\u00e1s, aconteceu na atualidade.<\/p>\n<p>O racismo \u00e9 a base do capitalismo. N\u00e3o por acaso movimentos como o VAT qualificam a 6&#215;1, que explora milh\u00f5es de negros e negras em nosso pa\u00eds atualmente, como \u201cescravid\u00e3o moderna\u201d.<\/p>\n<p><strong>A viol\u00eancia policial \u00e9 reflexo do racismo. Pelo fim da PM!<\/strong><\/p>\n<p>Os dados do mapa da viol\u00eancia divulgado essa semana, referentes \u00e0 2023, mostram a letalidade da PM quando se fala de corpos pretos: ser uma pessoa negra no Brasil faz voc\u00ea enfrentar um risco 2,7 vezes maior de ser v\u00edtima de homic\u00eddio do que uma pessoa n\u00e3o negra. Todos os dias o notici\u00e1rio jorra sangue de gente negra nas favelas com opera\u00e7\u00f5es policiais, chacinas nas periferias, abordagem que se transforma em tortura: pessoas jogadas da ponte ou arrastadas no cambur\u00e3o. Isso sempre aconteceu, a diferen\u00e7a \u00e9 que hoje alguns casos s\u00e3o filmados.<\/p>\n<p>A postura da PM nos condom\u00ednios de luxo \u00e9 oposta a como agem nas favelas, pois para eles o povo pobre e negro \u00e9 suspeito e alvo. Seja a PM de S\u00e3o Paulo, Rio de Janeiro, Bahia ou Par\u00e1, muda o CEP mas o modo de opera\u00e7\u00e3o \u00e9 de exterm\u00ednio. Por isso a PM precisa acabar como aparato repressivo burgu\u00eas e ser punida pelos crimes que cometem.<\/p>\n<p><strong>Propostas emergenciais dos negros e negras socialistas da CST<\/strong><\/p>\n<p>Para conquistar sal\u00e1rio, emprego, educa\u00e7\u00e3o, sa\u00fade, moradia, vamos precisar lutar por mais verbas para as \u00e1reas sociais. Isso contraria os interesses dos patr\u00f5es, muitos deles ainda com a\u00e7\u00f5es escravocratas em suas empresas. Do mesmo modo que para acabar de verdade com racismo temos de enfrentar a fundo a viol\u00eancia policial. Ent\u00e3o, diferente do governo Lula\/Alckmin, n\u00e3o podemos conciliar com os patr\u00f5es e com a c\u00fapula das for\u00e7as armadas. E teremos de nos organizar e lutar. Por isso, emergencialmente defendemos pautas oper\u00e1rias e populares para o povo negro. Defendemos que nossas organiza\u00e7\u00f5es devem exigir do governo Lula\/Alckmin as seguintes pautas:<\/p>\n<p>\u2013 Contra o arcabou\u00e7o fiscal, redu\u00e7\u00e3o dos juros, n\u00e3o ao pagamento da d\u00edvida externa e interna e taxa\u00e7\u00e3o dos bilion\u00e1rios para intensificar pol\u00edticas sociais para popula\u00e7\u00e3o negra. Mais verbas para sa\u00fade, emprego e educa\u00e7\u00e3o. Bolsa fam\u00edlia de um sal\u00e1rio m\u00ednimo. Assist\u00eancia estudantil e pol\u00edticas sociais nas favelas.<br \/>\n\u2013 Pela revoga\u00e7\u00e3o da reforma trabalhista e da previd\u00eancia, pela revoga\u00e7\u00e3o do novo ensino m\u00e9dio, da privatiza\u00e7\u00e3o da Eletrobr\u00e1s. Expropriar as empresas com trabalho escravo. Direitos trabalhistas a trabalhadores\/as de aplicativos e puni\u00e7\u00e3o aos agressores desses\/as trabalhadores\/as! Por sal\u00e1rio igual para trabalho igual!<br \/>\n\u2013 Basta de chacinas policiais contra o povo negro! Pelo fim das opera\u00e7\u00f5es policiais nas favelas e bairros populares! Puni\u00e7\u00e3o aos policiais e respons\u00e1veis civis por todos os assassinatos e chacinas! Pelo desmantelamento do aparelho repressivo! Fim da PM e a PRF! Instalar uma comiss\u00e3o formada pela Coaliz\u00e3o Negra por Direitos, UNEGRO, UNEAFRO, Associa\u00e7\u00f5es de moradores, OAB, ABI e Centrais Sindicais para apurar de forma independente esses crimes e evitar a impunidade.<br \/>\n\u2013 Pela legaliza\u00e7\u00e3o das drogas! Para acabar com a viol\u00eancia, \u00e9 necess\u00e1rio acabar com os verdadeiros donos do tr\u00e1fico de armas e de drogas. Pela revoga\u00e7\u00e3o da lei de drogas! Chega de encarceramento em massa para o povo negro!<br \/>\n\u2013 Aux\u00edlio, emprego e todos os direitos ao povo negro dos pa\u00edses africanos, aos haitianos, e demais refugiados e imigrantes!<br \/>\n\u2013 Contra as privatiza\u00e7\u00f5es, que precarizam empregos e servi\u00e7os, gerando at\u00e9 mortes como aconteceu no metr\u00f4 de SP!<\/p>\n<p><strong>Fa\u00e7amos Palmares de novo: Por um governo da classe trabalhadora sem patr\u00f5es e um Brasil Socialista<\/strong><\/p>\n<p>Al\u00e9m das propostas emergenciais precisamos de uma liberta\u00e7\u00e3o definitiva, contra o racismo capitalista que nos massacra e a atual escravid\u00e3o assalariada que nos explora e nos deixa cada dia pior. Retomar a tradi\u00e7\u00e3o de luta do movimento negro independente em nosso pa\u00eds.<\/p>\n<p>Enquanto formos governados por um governo com patr\u00f5es, empres\u00e1rios, multinacionais e projetos capitalistas seremos massacrados. Os governos que n\u00f3s queremos \u00e9 o nosso pr\u00f3prio governo, tal como era o governo dos Quilombos de Zumbi, Dandara ou de Thereza de Benguela. A senzala oprimida n\u00e3o pode compactuar com a opress\u00e3o e explora\u00e7\u00e3o da casa grande. N\u00f3s trabalhadores, jovens e mulheres exploradas n\u00e3o podemos conciliar com os patr\u00f5es e empres\u00e1rios assim como nossos antepassados negros e ind\u00edgenas guerreiros n\u00e3o compactuaram com os senhores escravistas.<\/p>\n<p>Defendemos um governo da classe trabalhadora, sem patr\u00f5es, e um Brasil Socialista como uma mudan\u00e7a profunda para conquistar de vez nossas pautas<\/p>\n","protected":false},"excerpt":{"rendered":"<p>137 anos da falsa hist\u00f3ria, de uma certa princesa que assinou a aboli\u00e7\u00e3o da escravid\u00e3o. Essa data foi escolhida para enaltecer a Princesa Isabel, falsamente tida como benevolente. Uma fake news antiga, j\u00e1 que essa figura foi uma das herdeiras da Casa dos Bragan\u00e7a, a<\/p>\n","protected":false},"author":1,"featured_media":17143,"comment_status":"open","ping_status":"open","sticky":false,"template":"","format":"standard","meta":{"footnotes":""},"categories":[5,103],"tags":[],"class_list":["post-17142","post","type-post","status-publish","format-standard","has-post-thumbnail","hentry","category-nacional","category-negros-e-negras"],"_links":{"self":[{"href":"https:\/\/www.cstuit.com\/home\/wp-json\/wp\/v2\/posts\/17142","targetHints":{"allow":["GET"]}}],"collection":[{"href":"https:\/\/www.cstuit.com\/home\/wp-json\/wp\/v2\/posts"}],"about":[{"href":"https:\/\/www.cstuit.com\/home\/wp-json\/wp\/v2\/types\/post"}],"author":[{"embeddable":true,"href":"https:\/\/www.cstuit.com\/home\/wp-json\/wp\/v2\/users\/1"}],"replies":[{"embeddable":true,"href":"https:\/\/www.cstuit.com\/home\/wp-json\/wp\/v2\/comments?post=17142"}],"version-history":[{"count":0,"href":"https:\/\/www.cstuit.com\/home\/wp-json\/wp\/v2\/posts\/17142\/revisions"}],"wp:featuredmedia":[{"embeddable":true,"href":"https:\/\/www.cstuit.com\/home\/wp-json\/wp\/v2\/media\/17143"}],"wp:attachment":[{"href":"https:\/\/www.cstuit.com\/home\/wp-json\/wp\/v2\/media?parent=17142"}],"wp:term":[{"taxonomy":"category","embeddable":true,"href":"https:\/\/www.cstuit.com\/home\/wp-json\/wp\/v2\/categories?post=17142"},{"taxonomy":"post_tag","embeddable":true,"href":"https:\/\/www.cstuit.com\/home\/wp-json\/wp\/v2\/tags?post=17142"}],"curies":[{"name":"wp","href":"https:\/\/api.w.org\/{rel}","templated":true}]}}