

	{"id":17161,"date":"2025-05-20T12:01:05","date_gmt":"2025-05-20T15:01:05","guid":{"rendered":"https:\/\/www.cstuit.com\/home\/?p=17161"},"modified":"2025-05-20T12:01:05","modified_gmt":"2025-05-20T15:01:05","slug":"milhares-se-despediram-dele-reflexoes-sobre-jose-pepe-mujica","status":"publish","type":"post","link":"https:\/\/www.cstuit.com\/home\/2025\/05\/20\/milhares-se-despediram-dele-reflexoes-sobre-jose-pepe-mujica\/","title":{"rendered":"Milhares se despediram dele: reflex\u00f5es sobre Jos\u00e9 \u201cPepe\u201d Mujica"},"content":{"rendered":"<p><em>Por Juan Carlos Giordano, deputado nacional eleito pela Izquierda Socialista\/ FIT-U<\/em><\/p>\n<p>&nbsp;<\/p>\n<p>O ex-presidente uruguaio Jos\u00e9 Mujica faleceu no dia 13 de maio, aos 89 anos. Sua morte foi lamentada por dezenas de milhares de pessoas em sua terra natal. \u201cO guerreiro tem o direito de descansar\u201d, disse ele enquanto o c\u00e2ncer progredia. Diante de sua morte, que lamentamos, surgem in\u00fameras perguntas, principalmente entre as novas gera\u00e7\u00f5es de lutadores\/as, que se perguntam o que h\u00e1 por tr\u00e1s desse ex-guerrilheiro de p\u00e9s no ch\u00e3o, que acabou sendo \u201co presidente mais pobre do mundo\u201d; viveu uma vida austera, cultivando a terra numa ch\u00e1cara nos arredores de Montevid\u00e9u; dirigiu um velho Fusca azul-claro; foi de scooter at\u00e9 a Casa do Governo; e pediu para ser enterrado ao lado das cinzas de sua cadela Manuela.<\/p>\n<p>Mujica sempre chamou a aten\u00e7\u00e3o, gerando grande simpatia popular, por ser um pol\u00edtico que, como deputado, senador e depois presidente, n\u00e3o vivia no luxo t\u00edpico dos pol\u00edticos patronais corruptos, que enriquecem \u00e0s custas do povo trabalhador.<\/p>\n<p>N\u00f3s, da esquerda trotskista, respeitamos e compreendemos aqueles que simpatizam com a figura de \u201cPepe\u201d Mujica. Ao mesmo tempo, expressamos nossas diferen\u00e7as. Mujica fez parte, ap\u00f3s a queda do stalinismo e do Muro de Berlim em 1989, da esquerda conhecida como neo-reformista, que postula que o socialismo n\u00e3o \u00e9 mais um objetivo de mudan\u00e7a social. Tal esquerda defende a pol\u00edtica do \u201cposs\u00edvel\u201d e resgata a antiga concep\u00e7\u00e3o da concilia\u00e7\u00e3o de classes. Em outras palavras, \u00e9 uma esquerda que, em nome da classe trabalhadora, acredita que deve governar \u2013 e faz isso \u2013 com a burguesia, e n\u00e3o romper com o capitalismo, os bancos e as multinacionais.<\/p>\n<p>Mujica fez parte dos governos latino-americanos de duplo discurso, junto com Evo Morales na Bol\u00edvia, Lula no Brasil, Bachelet no Chile, N\u00e9stor e Cristina Kirchner na Argentina, Correa no Equador, Ch\u00e1vez e Maduro na Venezuela, entre outros. Governos que, com ret\u00f3rica \u201cprogressista\u201d, sustentaram os pilares do sistema capitalista, pagaram a d\u00edvida externa e submeteram-se aos bancos, \u00e0s multinacionais e aos ditames do imperialismo. E implementaram severas medidas de ajuste, usando o falso argumento de que estavam \u201credistribuindo a riqueza\u201d e \u201ccombatendo a direita\u201d.<\/p>\n<p><strong>Sobre a Frente Ampla<\/strong><\/p>\n<p>Mujica chegou \u00e0 presid\u00eancia com a Frente Ampla em 2010-2015. Ele sucedeu Tabar\u00e9 V\u00e1zquez, de quem havia sido ministro. Na d\u00e9cada de 1960, foi membro do Movimento Guerrilheiro de Liberta\u00e7\u00e3o Nacional (MLN) &#8211; Tupamaros. Depois de cumprir 15 anos de pris\u00e3o, ap\u00f3s o golpe militar de 1973, e de ser libertado com o retorno dos governos constitucionais, em 1985, Mujica criou o Movimento de Participa\u00e7\u00e3o Popular (MPP) dentro da Frente Ampla.<\/p>\n<p>A Frente Ampla surgiu como uma \u201cesperan\u00e7a\u201d, diante do desastroso sistema bin\u00e1rio dos partidos Blanco e Colorado. Embora nunca tenha se definido como socialista, foi composta pelo Partido Comunista e pelo Partido Socialista do Uruguai, al\u00e9m do MPP e de outros setores de centro-esquerda. O programa da Frente Ampla mencionava a reforma agr\u00e1ria, a ruptura com o FMI e a puni\u00e7\u00e3o aos genocidas. Por\u00e9m, o governo de Tabar\u00e9 V\u00e1zquez, com Mujica como ministro, traiu tais princ\u00edpios desde o in\u00edcio.<\/p>\n<p>Helios Sarthou \u2013 dirigente hist\u00f3rico da Frente Ampla, que posteriormente a abandonou \u2013 explicou assim as raz\u00f5es da sua ruptura com a mesma: \u201cA Frente traiu tudo, mas, fundamentalmente, traiu o respeito pelos mortos e desaparecidos, ao manter intacta a Lei da Impunidade. Submeteu o pa\u00eds \u00e0s pol\u00edticas econ\u00f4micas do imp\u00e9rio e de seus bancos. Renunciou \u00e0 transforma\u00e7\u00e3o da sociedade, aceitando o assistencialismo. Subordinou a luta de classes \u00e0 pol\u00edtica da concilia\u00e7\u00e3o. Quitou a d\u00edvida externa antecipadamente. Privatizou empresas p\u00fablicas e ampliou o abismo entre ricos e pobres. Minou os princ\u00edpios da esquerda, fazendo com que ela deixasse de ser de esquerda\u201d (http:\/\/www.nodo50.org\/ceprid\/, citado por El Socialista, 28\/10\/2009).<\/p>\n<p>Jorge Zabalza, um dos \u201cref\u00e9ns da ditadura\u201d junto com Mujica, falecido em 2022, afirmou num relat\u00f3rio sobre direitos humanos: &#8220;Em Mujica, vejo um esfor\u00e7o deliberado para esquecer e perdoar. Ele venceu as elei\u00e7\u00f5es justamente quando o plebiscito para revogar a Lei da Caducidade estava acontecendo, e n\u00e3o se arriscou; n\u00e3o disse uma \u00fanica palavra e a proposta de revoga\u00e7\u00e3o foi derrotada por 1%. Em outras palavras, se Mujica tivesse incorporado o tema da verdade e da justi\u00e7a em seu discurso de campanha, ela poderia ter sido revogada naquele momento.&#8221; (Montevideo Portal, 2019). Depois, Mujica causou impacto quando disse: \u201cN\u00e3o quero ter idosos na pris\u00e3o\u201d, propondo pris\u00e3o domiciliar para os militares com mais de 70 anos.<\/p>\n<p>Algo que n\u00e3o foi noticiado na m\u00eddia ultimamente \u00e9 que Mujica promoveu pol\u00edticas repressivas e anti-oper\u00e1rias. Um dos epis\u00f3dios mais lament\u00e1veis \u200b\u200bfoi quando ele declarou, diante da greve dos trabalhadores municipais de Montevid\u00e9u, os servi\u00e7os p\u00fablicos como \u201cessenciais\u201d, enviando o Ex\u00e9rcito para recolher o lixo e quebrar o protesto. Mujica pediu aos professores que trabalhassem mais e proibiu ocupa\u00e7\u00f5es em locais p\u00fablicos.<\/p>\n<p>Outro fato significativo ocorreu no ano passado, quando Mujica se op\u00f4s ao plebiscito da Previd\u00eancia Social promovido pelo sindicato PIT-CNT, que buscava eliminar as AFAP, manter a idade de aposentadoria em 60 anos e aumentar as pens\u00f5es m\u00ednimas.<\/p>\n<p><strong>Mujica com os grandes empres\u00e1rios<\/strong><\/p>\n<p>Como presidente, ele deixou bem claro qual seria sua pol\u00edtica em rela\u00e7\u00e3o \u00e0s grandes empresas. Um ano ap\u00f3s o in\u00edcio de seu governo, num discurso no luxuoso Hotel Conrad, em Punta del Este, diante de mais de 1.000 empres\u00e1rios uruguaios e estrangeiros, incluindo 400 argentinos \u2013 L\u00f3pez Mena (Buquebus); Ratazzi (Fiat) e Eurnekian (Aeroportos 2000) \u2013, Mujica disse: \u201cVenham investir. Aqui n\u00e3o v\u00e3o expropriar seus bens, nem v\u00e3o taxar voc\u00eas\u201d. At\u00e9 o ex-presidente Lacalle o elogiou: &#8220;Ele deixou de dizer que queria construir o socialismo e passou a defender o investimento nacional e estrangeiro. As opini\u00f5es do presidente Mujica s\u00e3o bem-vindas&#8221; (Clar\u00edn, 12\/02\/2011).<\/p>\n<p>Segundo Mujica, &#8220;n\u00e3o podemos arrecadar dinheiro aumentando impostos sobre a riqueza, porque estaremos matando a galinha dos ovos de ouro. A burguesia \u00e9 como uma vaca: alguns espertos querem mat\u00e1-la para ass\u00e1-la. O mais inteligente \u00e9 deix\u00e1-la pastar, para que possamos continuar a ordenh\u00e1-la.&#8221; Dessa forma, Mujica pregou o velho ditado de todos os governos de centro-esquerda: \u00e9 preciso governar com os grandes empres\u00e1rios, mas \u201ccom intelig\u00eancia local\u201d, para que eles ajudem a \u201credistribuir a riqueza\u201d. Isso justamente quando as estat\u00edsticas mostravam que, no Uruguai, 50% das crian\u00e7as estavam abaixo da linha da pobreza.<\/p>\n<p><strong>Mujica e sua defini\u00e7\u00e3o de esquerda<\/strong><\/p>\n<p>Em 2021, perguntaram-lhe o que significa ser de esquerda. Ele respondeu: \u201cHoje, nesse espa\u00e7o est\u00e1 ocorrendo uma batalha cultural. Minha gera\u00e7\u00e3o, ainda profundamente imersa em ideologia, acreditava que, mudando as rela\u00e7\u00f5es de produ\u00e7\u00e3o, poder\u00edamos construir um novo ser humano. Por\u00e9m, os seres humanos n\u00e3o s\u00e3o condicionados apenas pelas rela\u00e7\u00f5es econ\u00f4micas. Ou muda a mentalidade do Sapiens e se alcan\u00e7a o autocontrole, ou vamos arruinar a vida na Terra.\u201d<\/p>\n<p>Seu pensamento \u00e9 claro. Mujica diz que questionar o capitalismo n\u00e3o \u00e9 mais v\u00e1lido \u2014 ou que, pelo menos, apenas cr\u00edticas parciais s\u00e3o v\u00e1lidas \u2014, para terminar convivendo com ele.<\/p>\n<p>N\u00f3s, da Izquierda Socialista e da nossa organiza\u00e7\u00e3o internacional, a Unidade Internacional de Trabalhadoras e Trabalhadores \u2013 Quarta Internacional (UIT-QI), lutamos por governos da classe trabalhadora, que rompam com a burguesia, as corpora\u00e7\u00f5es multinacionais e o FMI. E implementem um plano econ\u00f4mico oper\u00e1rio e popular a servi\u00e7o dos\/as trabalhadores\/as e dos demais setores populares, abrindo caminho para o socialismo.<\/p>\n<p>Acreditamos que devemos resgatar as bandeiras pelas quais Che lutou, quando disse: \u201crevolu\u00e7\u00e3o socialista ou caricatura da revolu\u00e7\u00e3o\u201d. As bandeiras que foram aplicadas nos primeiros anos da Revolu\u00e7\u00e3o Cubana, com a expuls\u00e3o das multinacionais, a expropria\u00e7\u00e3o da burguesia, a ruptura com o imperialismo, a implementa\u00e7\u00e3o da reforma agr\u00e1ria e, assim, a obten\u00e7\u00e3o de grandes conquistas sociais. O mesmo aconteceu com a Revolu\u00e7\u00e3o Russa de 1917 e nos pa\u00edses em que a burguesia foi expropriada, como na Revolu\u00e7\u00e3o Chinesa de 1949, entre outras; ainda que, na antiga URSS, na China e em Cuba, sob a lideran\u00e7a da burocracia, tais processos tenham sido interrompidos e revertidos at\u00e9 a restaura\u00e7\u00e3o do capitalismo.<\/p>\n<p>Estamos convencidos de que no Uruguai, na Argentina e em qualquer pa\u00eds do mundo, se o capitalismo n\u00e3o for derrotado e o socialismo n\u00e3o for instaurado \u2014 que deve ser mundial e com plena democracia para o povo trabalhador \u2014, n\u00e3o haver\u00e1 sa\u00edda para os\/as trabalhadores\/as, os\/as oprimidos\/as e a juventude.<\/p>\n<p>Com essas reflex\u00f5es, e respeitando a dor daqueles que se despediram de Mujica, pedimos que sejam tiradas conclus\u00f5es sobre o caminho a seguir e as organiza\u00e7\u00f5es que devemos fortalecer para acabar com o capitalismo e o imperialismo, come\u00e7ando a constru\u00e7\u00e3o do verdadeiro socialismo.<\/p>\n","protected":false},"excerpt":{"rendered":"<p>Por Juan Carlos Giordano, deputado nacional eleito pela Izquierda Socialista\/ FIT-U &nbsp; O ex-presidente uruguaio Jos\u00e9 Mujica faleceu no dia 13 de maio, aos 89 anos. Sua morte foi lamentada por dezenas de milhares de pessoas em sua terra natal. \u201cO guerreiro tem o direito<\/p>\n","protected":false},"author":1,"featured_media":17162,"comment_status":"open","ping_status":"open","sticky":false,"template":"","format":"standard","meta":{"footnotes":""},"categories":[8,6],"tags":[],"class_list":["post-17161","post","type-post","status-publish","format-standard","has-post-thumbnail","hentry","category-debates-socialistas","category-internacional"],"_links":{"self":[{"href":"https:\/\/www.cstuit.com\/home\/wp-json\/wp\/v2\/posts\/17161","targetHints":{"allow":["GET"]}}],"collection":[{"href":"https:\/\/www.cstuit.com\/home\/wp-json\/wp\/v2\/posts"}],"about":[{"href":"https:\/\/www.cstuit.com\/home\/wp-json\/wp\/v2\/types\/post"}],"author":[{"embeddable":true,"href":"https:\/\/www.cstuit.com\/home\/wp-json\/wp\/v2\/users\/1"}],"replies":[{"embeddable":true,"href":"https:\/\/www.cstuit.com\/home\/wp-json\/wp\/v2\/comments?post=17161"}],"version-history":[{"count":0,"href":"https:\/\/www.cstuit.com\/home\/wp-json\/wp\/v2\/posts\/17161\/revisions"}],"wp:featuredmedia":[{"embeddable":true,"href":"https:\/\/www.cstuit.com\/home\/wp-json\/wp\/v2\/media\/17162"}],"wp:attachment":[{"href":"https:\/\/www.cstuit.com\/home\/wp-json\/wp\/v2\/media?parent=17161"}],"wp:term":[{"taxonomy":"category","embeddable":true,"href":"https:\/\/www.cstuit.com\/home\/wp-json\/wp\/v2\/categories?post=17161"},{"taxonomy":"post_tag","embeddable":true,"href":"https:\/\/www.cstuit.com\/home\/wp-json\/wp\/v2\/tags?post=17161"}],"curies":[{"name":"wp","href":"https:\/\/api.w.org\/{rel}","templated":true}]}}