

	{"id":17171,"date":"2025-05-24T18:55:50","date_gmt":"2025-05-24T21:55:50","guid":{"rendered":"https:\/\/www.cstuit.com\/home\/?p=17171"},"modified":"2025-05-26T19:27:48","modified_gmt":"2025-05-26T22:27:48","slug":"tomar-as-ruas-em-29-05-lula-devolva-as-verbas-da-educacao","status":"publish","type":"post","link":"https:\/\/www.cstuit.com\/home\/2025\/05\/24\/tomar-as-ruas-em-29-05-lula-devolva-as-verbas-da-educacao\/","title":{"rendered":"Tomar as ruas em 29\/05: Lula, devolva as verbas da educa\u00e7\u00e3o!"},"content":{"rendered":"<p><em>Construir com assembleias de base e mobilizar efetivamente o dia 29! Por uma jornada de lutas contra os cortes de verbas, pela revoga\u00e7\u00e3o do decreto 12.448 e fim do Arcabou\u00e7o fiscal.<\/em><\/p>\n<p>O governo Lula publicou o Decreto n\u00ba 12.448, que limita a execu\u00e7\u00e3o or\u00e7ament\u00e1ria das despesas discricion\u00e1rias das universidades e institutos federais e demais \u00f3rg\u00e3os do executivo federal e anunciou em 22 de maio um contingenciamento de R$ 31 bi. Essas medidas agravam profundamente a situa\u00e7\u00e3o das universidades, cujo or\u00e7amento j\u00e1 sofreu cortes na aprova\u00e7\u00e3o da Lei Or\u00e7ament\u00e1ria Anual (LOA), e comprometem a assist\u00eancia estudantil, Bolsas acad\u00eamicas e de perman\u00eancia, funcionamento de restaurantes universit\u00e1rios, trabalhos de campos, as condi\u00e7\u00f5es de trabalho dos servidores, pagamento de contas de \u00e1gua e energia e dos servi\u00e7os terceirizados (limpeza, seguran\u00e7a, etc.), dentre outros.<\/p>\n<p>Na UFRJ os cursos de Dan\u00e7a e Educa\u00e7\u00e3o F\u00edsica n\u00e3o puderam receber calouros por falta de estrutura. Na UNIFESPA, a reitoria proibiu a entrada de carros na universidade, em raz\u00e3o da aus\u00eancia de seguran\u00e7a, j\u00e1 que a empresa terceirizada n\u00e3o recebia o pagamento h\u00e1 meses e suspendeu as atividades. Exemplos como esse se alastram em todas as IFES<\/p>\n<p>As Universidades e Institutos v\u00eam sofrendo cada vez mais as consequ\u00eancias dos ajustes fiscais e corte de verbas que j\u00e1 dura uma d\u00e9cada, sendo aplicada por sucessivos governos. Entre 2013 e 2020, as verbas de custeio sofreram uma redu\u00e7\u00e3o de 37% e os recursos destinados ao investimento foram reduzidos em 93,28%. O governo Lula em vez de recompor o or\u00e7amento como prometeu em campanha, segue retirando verbas das \u00e1reas sociais e, o pior, manteve o teto de gastos com o seu Arcabou\u00e7o Fiscal.<\/p>\n<p><strong>\u00a0Basta de Cortes! Pelo Fim do Arcabou\u00e7o Fiscal!<\/strong><\/p>\n<p>N\u00e3o falta dinheiro. O Brasil bateu recorde de arrecada\u00e7\u00e3o em 2024. O problema \u00e9 que mais da metade do Or\u00e7amento Federal vai para o pagamento da D\u00edvida P\u00fablica, da qual os bancos e os fundos de investimentos s\u00e3o os maiores credores. Do dinheiro que sobra uma parte ainda \u00e9 abocanhada pelo agroneg\u00f3cio (Plano Safra) e pelas milion\u00e1rias emendas parlamentares. Alem disso, absurdamente, o governo Lula\/Alckmin destina verbas para projetos privatistas de governadores da extrema direita (como o faz com Tarc\u00edsio de Freitas em S\u00e3o Paulo).<\/p>\n<p>Enquanto defendemos melhores sal\u00e1rios e condi\u00e7\u00f5es de trabalho e mais investimento no servi\u00e7o p\u00fablico, Lula e seus ministros querem cortar gastos para cumprir as metas de d\u00e9ficit zero do arcabou\u00e7o fiscal.<\/p>\n<p>Por isso n\u00f3s da juventude revolucion\u00e1ria Vamos \u00e0 Luta e da Combate sindical (CST e independentes) defendemos o fim do arcabou\u00e7o Fiscal, do Plano Safra, o n\u00e3o pagamento da d\u00edvida p\u00fablica e taxa\u00e7\u00e3o dos bilion\u00e1rios para garantir a recomposi\u00e7\u00e3o de todo o or\u00e7amento perdido pelas universidades e as verbas necess\u00e1rias para as universidades e Ifs p\u00fablicos, gratuitos e de qualidade para todas\/os\/es.<\/p>\n<p><strong>Construir efetivamente e o dia 29\/05. Por uma jornada unificada de lutas contra os cortes<\/strong><\/p>\n<p>A Uni\u00e3o Nacional dos Estudantes (UNE) convocou um dia nacional de luta e paralisa\u00e7\u00f5es para 29 de maio e calend\u00e1rio de mobiliza\u00e7\u00e3o e assembleias de 21 a 28 de maio. \u00c9 preciso massificar essa convocat\u00f3ria replicando-a em cada DCE e CA e construindo-a de fato na base.<\/p>\n<p>Defendemos que Andes, Fasubra, Sinasefe, UBES e ANPG tamb\u00e9m se somem a este chamado, transformando o dia 29 em um dia de luta de toda a educa\u00e7\u00e3o federal. O Conselho de representantes da APEOESP e a assembleia do SEPE-RJ, por proposta da COMBATE Educa\u00e7\u00e3o, votaram \u201ccontra os cortes na educa\u00e7\u00e3o\u201d e a incorpora\u00e7\u00e3o ao dia 29. Defendemos que as entidades estudantis procurem os comandos de greve da Cultura e ajudem a unificar as lutas. Batalhamos para que o dia 29 seja o pontap\u00e9 de uma jornada unificada para derrotar os cortes de verbas na educa\u00e7\u00e3o e por mais verbas para as \u00e1reas sociais. Exigindo que Lula revogue imediatamente o decreto 12.448\/24 e o contingenciamento de Verbas. Essa jornada precisa exigir o fim do arcabou\u00e7o fiscal e retomar a luta hist\u00f3rica pelos 10% do PIB para educa\u00e7\u00e3o.<\/p>\n<p>&nbsp;<\/p>\n<p>24\/05<\/p>\n<p><strong>COMBATE SINDICAL<\/strong><\/p>\n<p><strong>JUVENTUDE REVOLUCION\u00c1RIA VAMOS \u00c0 LUTA<\/strong><\/p>\n","protected":false},"excerpt":{"rendered":"<p>Construir com assembleias de base e mobilizar efetivamente o dia 29! Por uma jornada de lutas contra os cortes de verbas, pela revoga\u00e7\u00e3o do decreto 12.448 e fim do Arcabou\u00e7o fiscal. O governo Lula publicou o Decreto n\u00ba 12.448, que limita a execu\u00e7\u00e3o or\u00e7ament\u00e1ria das<\/p>\n","protected":false},"author":1,"featured_media":17172,"comment_status":"open","ping_status":"open","sticky":false,"template":"","format":"standard","meta":{"footnotes":""},"categories":[5],"tags":[],"class_list":["post-17171","post","type-post","status-publish","format-standard","has-post-thumbnail","hentry","category-nacional"],"_links":{"self":[{"href":"https:\/\/www.cstuit.com\/home\/wp-json\/wp\/v2\/posts\/17171","targetHints":{"allow":["GET"]}}],"collection":[{"href":"https:\/\/www.cstuit.com\/home\/wp-json\/wp\/v2\/posts"}],"about":[{"href":"https:\/\/www.cstuit.com\/home\/wp-json\/wp\/v2\/types\/post"}],"author":[{"embeddable":true,"href":"https:\/\/www.cstuit.com\/home\/wp-json\/wp\/v2\/users\/1"}],"replies":[{"embeddable":true,"href":"https:\/\/www.cstuit.com\/home\/wp-json\/wp\/v2\/comments?post=17171"}],"version-history":[{"count":0,"href":"https:\/\/www.cstuit.com\/home\/wp-json\/wp\/v2\/posts\/17171\/revisions"}],"wp:featuredmedia":[{"embeddable":true,"href":"https:\/\/www.cstuit.com\/home\/wp-json\/wp\/v2\/media\/17172"}],"wp:attachment":[{"href":"https:\/\/www.cstuit.com\/home\/wp-json\/wp\/v2\/media?parent=17171"}],"wp:term":[{"taxonomy":"category","embeddable":true,"href":"https:\/\/www.cstuit.com\/home\/wp-json\/wp\/v2\/categories?post=17171"},{"taxonomy":"post_tag","embeddable":true,"href":"https:\/\/www.cstuit.com\/home\/wp-json\/wp\/v2\/tags?post=17171"}],"curies":[{"name":"wp","href":"https:\/\/api.w.org\/{rel}","templated":true}]}}