

	{"id":17630,"date":"2025-08-11T20:04:00","date_gmt":"2025-08-11T23:04:00","guid":{"rendered":"https:\/\/www.cstuit.com\/home\/?p=17630"},"modified":"2025-08-15T18:01:35","modified_gmt":"2025-08-15T21:01:35","slug":"a-xvii-cupula-dos-brics-no-rio-de-janeiro-texto-8","status":"publish","type":"post","link":"https:\/\/www.cstuit.com\/home\/2025\/08\/11\/a-xvii-cupula-dos-brics-no-rio-de-janeiro-texto-8\/","title":{"rendered":"A XVII C\u00fapula dos BRICS no Rio de Janeiro (texto 8)"},"content":{"rendered":"<p><strong>Jo\u00e3o Santiago, coordena\u00e7\u00e3o da CST do Par\u00e1<\/strong><\/p>\n<p><strong>\u00a0<\/strong>Realizada no Rio de Janeiro, de 6 a 7 de julho de 2025, a XVII C\u00fapula dos BRICS delineou 126 t\u00f3picos resolutivos, divididos em cinco tem\u00e1ticas, ao longo de quase 40 p\u00e1ginas.<\/p>\n<p>Aqui vamos destacar as principais Resolu\u00e7\u00f5es que tem a ver com o tarifa\u00e7o de Trump, o genoc\u00eddio e fome do povo palestino, os ataques sionistas ao Ir\u00e3 e a guerra da Ucr\u00e2nia promovida pela R\u00fassia.<\/p>\n<p><strong>\u00a0O Tarifa\u00e7o de Trump contra os pa\u00edses do BRICS<\/strong><\/p>\n<p>Tr\u00eas dias ap\u00f3s o encerramento da C\u00fapula dos BRICS, no Rio de Janeiro, o governo de extrema-direita de Trump decretou um tarifa\u00e7o de 50% sobre os produtos de exporta\u00e7\u00e3o brasileiros.<\/p>\n<p>Trump j\u00e1 havia taxado os produtos chineses anteriormente, bem como o Canad\u00e1 e a Uni\u00e3o Europ\u00e9ia, a Resolu\u00e7\u00e3o dos Brics criticou a da taxa\u00e7\u00e3o de produtos, reivindicando a OMC. Sem mencionar uma \u00fanica vez os Estados Unidos, a Resolu\u00e7\u00e3o na sua primeira tem\u00e1tica (Fortalecendo o Multilateralismo e Reformando a Governan\u00e7a Global), item 13, expressa \u201c<em>s\u00e9rias preocupa\u00e7\u00f5es com o aumento de medidas tarif\u00e1rias e n\u00e3o tarif\u00e1rias unilaterais que distorcem o com\u00e9rcio e s\u00e3o inconsistentes com as regras da Organiza\u00e7\u00e3o Mundial do Com\u00e9rcio (OMC)\u201d.<\/em> E logo em seguida, no item 14, cr\u00edtica \u201c<em>a imposi\u00e7\u00e3o de medidas coercitivas unilaterais contr\u00e1rias ao direito internacional\u201d<\/em>, e que essas san\u00e7\u00f5es teriam implica\u00e7\u00f5es negativas de longo alcance \u201c<em>afetando de maneira desproporcional os pobres e as pessoas em situa\u00e7\u00f5es vulner\u00e1veis, aprofundando a exclus\u00e3o digital e exacerbando os desafios ambientais<\/em>\u201d. Mesmo criticando tais medidas, o que indiretamente inclui as san\u00e7\u00f5es atuais contra o Brasil, a C\u00fapula dos BRICS n\u00e3o tomou nenhuma medida efetiva, e tal como faz o governo Lula no Brasil, se curva a OMC e a ONU, comandada pelos pa\u00edses imperialistas como principais organismos para resolver os conflitos econ\u00f4micos gerados pelo Tarifa\u00e7o de Trump. Uma mostra do car\u00e1ter insuficiente dos discursos desses pa\u00edses em rela\u00e7\u00e3o ao EUA e uma demonstra\u00e7\u00e3o de que a aposta de muitas organiza\u00e7\u00f5es num suposto \u201canti-imperialismo\u201d dos BRICS \u00e9 um erro. Contra a extrema direita imperialista de Trump s\u00e3o necess\u00e1ria a\u00e7\u00f5es.<\/p>\n<p><strong>Sobre a Guerra na Ucr\u00e2nia<\/strong><\/p>\n<p>Coerentes com a posi\u00e7\u00e3o da China e do Brasil sobre esta guerra, os BRICS expressaram preocupa\u00e7\u00f5es abstratas\u00a0 \u201ccom os conflitos em curso em diversas partes do mundo e com o atual estado de polariza\u00e7\u00e3o e fragmenta\u00e7\u00e3o da ordem internacional\u201d; falam criticamente contra o aumento dos gastos militares atuais e a \u00fanica pol\u00edtica que prop\u00f5em \u00e9 conclamar a comunidade internacional (leia-se o antro imperialista da ONU) \u201ca responder a esses desafios e \u00e0s amea\u00e7as \u00e0 seguran\u00e7a associadas por meio de medidas pol\u00edtico-diplom\u00e1ticas para reduzir o potencial de conflitos e enfatizamos a necessidade de engajamento em esfor\u00e7os de preven\u00e7\u00e3o de conflitos, inclusive por meio do enfrentamento de suas causas profundas\u201d. A \u00fanica men\u00e7\u00e3o sobre a Ucr\u00e2nia est\u00e1 no item 22, para dizer que os BRICS t\u00eam suas posi\u00e7\u00f5es nacionais (de cada pa\u00eds) \u201cexpressas nos f\u00f3runs apropriados, incluindo o CSNU (Conselho de Seguran\u00e7a da ONU) e a AGNU (Assembleia Geral das Na\u00e7\u00f5es Unidas). Os mesmos organismos que deixam correr o holocausto na Palestina. E isso significa avalizar a invas\u00e3o imperialista Russa contra a Ucrania.<\/p>\n<p>Quando analisamos os itens 34 e 35 das Resolu\u00e7\u00f5es, que tratam da condena\u00e7\u00e3o ao terrorismo no mundo, fica muito explicito o apoio dos BRICS ao Estado imperialista russo, quando condenam e caracterizam como terrorismo as diversas estrat\u00e9gias e t\u00e1ticas que o ex\u00e9rcito e o povo ucranianos usam para se defender da agress\u00e3o russa. \u201cCondenamos nos termos mais fortes os ataques contra pontes e infraestrutura ferrovi\u00e1ria que visaram deliberadamente civis nas regi\u00f5es de Bryansk, Kursk e Voronezh, na Federa\u00e7\u00e3o Russa, em 31 de maio e 1\u00ba e 5 de junho de 2025, resultando em v\u00e1rias v\u00edtimas civis, incluindo crian\u00e7as\u201d. Nenhuma palavra para o terrorismo de Putin e do imperialismo russo, que invadiu a Ucr\u00e2nia em fevereiro de 2022 ou para as 400 mil baixas ucraniana, dentre os quais cerca de 100 mil mortos.<\/p>\n<p><strong>Sobre a Ocupa\u00e7\u00e3o de Israel da Palestina e dos pa\u00edses do Oriente M\u00e9dio<\/strong><\/p>\n<p>Nesse ponto das Resolu\u00e7\u00f5es os BRICS foram categ\u00f3ricos em condenar a viol\u00eancia e ocupa\u00e7\u00e3o de Israel sobre o povo Palestino em Gaza e na Cisjord\u00e2nia, bem como a invas\u00e3o e guerra no L\u00edbano, a invas\u00e3o e bombardeios na S\u00edria e a guerra contra o Ir\u00e3. Apesar de que nem a R\u00fassia, nem a China fizeram nada efetivo para defender o Ir\u00e3 dos ataques do exercito nazista de Israel e nem os bombardeios dos EUA.<\/p>\n<p>Em rela\u00e7\u00e3o ao povo Palestino os BRICS declaram, item 24 da resolu\u00e7\u00e3o, sua preocupa\u00e7\u00e3o com o territ\u00f3rio Palestino ocupado diante da retomada dos ataques cont\u00ednuos de Israel contra Gaza e a obstru\u00e7\u00e3o da ajuda humanit\u00e1ria no territ\u00f3rio. Condenam o uso da fome como m\u00e9todo de guerra, como uma clara viola\u00e7\u00e3o do direito internacional; tamb\u00e9m condenam a tentativa de Israel e dos Estados Unidos (mas sem cit\u00e1-los) de politizar ou militarizar a assist\u00eancia humanit\u00e1ria. Pedem \u201ca retirada completa das for\u00e7as israelenses da Faixa de Gaza e de todas as demais partes do Territ\u00f3rio Palestino Ocupado\u201d.<\/p>\n<p>Em que pese terem condenado a viol\u00eancia militar, ocupa\u00e7\u00e3o de Gaza e a fome como m\u00e9todo de guerra, todas as solu\u00e7\u00f5es propostas pelos BRICS s\u00e3o eco emitidos pela ONU e pela Uni\u00e3o Europeia. Defendem que Gaza e Cisjord\u00e2nia sejam unificadas sob a Autoridade Palestina, controlada pela fac\u00e7\u00e3o da antiga OLP, e chamam a \u201ccomunidade internacional\u201d \u2013 a mesma que se finge de morta com a destrui\u00e7\u00e3o, a fome e os ataque brutais de Israel contra o povo palestino de Gaza \u2013 para que \u201capoie a Autoridade Palestina na realiza\u00e7\u00e3o de reformas que permitam concretizar as leg\u00edtimas aspira\u00e7\u00f5es dos palestinos \u00e0 independ\u00eancia e \u00e0 cria\u00e7\u00e3o de um estado, bem como a r\u00e1pida reconstru\u00e7\u00e3o das infraestruturas civis do territ\u00f3rio\u201d. Um sil\u00eancio total e absoluto \u00e0 Resist\u00eancia Palestina e seu representante leg\u00edtimo neste momento, O Hamas, que sofre as dores e as mis\u00e9rias do povo palestino, que j\u00e1 perdeu milhares de combatentes por conta dos ataques sionistas. Querem legitimar a Autoridade Palestina porque sabem que Mahmoud Abbas, da Al Fatah, \u00e9 submisso aos interesses de Israel e dos Estados Unidos, e cumpre um papel de pol\u00edcia contra a resist\u00eancia palestina. A autoridade palestrina e o Al Fatah defendem a falida resolu\u00e7\u00e3o dos acordos imperialista de Oslo, dos \u201cdois estados\u201d. A mesma proposta defendida pelos BRICS, item 27 da Resolu\u00e7\u00e3o, \u201cReafirmamos nosso apoio \u00e0 ades\u00e3o plena do Estado da Palestina \u00e0s Na\u00e7\u00f5es Unidas no contexto do compromisso inabal\u00e1vel com a Solu\u00e7\u00e3o de Dois Estados\u201d. Uma linha que s\u00f3 favorece a continua\u00e7\u00e3o do enclave colonial nazista de Israel e seus cont\u00ednuos massacres desde 1948. Outra demonstra\u00e7\u00e3o de que os Brics n\u00e3o s\u00e3o apresentam alternativa para a luta anti-imperialista internacional e da palestina.<\/p>\n<p>&nbsp;<\/p>\n","protected":false},"excerpt":{"rendered":"<p>Jo\u00e3o Santiago, coordena\u00e7\u00e3o da CST do Par\u00e1 \u00a0Realizada no Rio de Janeiro, de 6 a 7 de julho de 2025, a XVII C\u00fapula dos BRICS delineou 126 t\u00f3picos resolutivos, divididos em cinco tem\u00e1ticas, ao longo de quase 40 p\u00e1ginas. Aqui vamos destacar as principais Resolu\u00e7\u00f5es<\/p>\n","protected":false},"author":1,"featured_media":0,"comment_status":"closed","ping_status":"closed","sticky":false,"template":"","format":"standard","meta":{"footnotes":""},"categories":[1],"tags":[],"class_list":["post-17630","post","type-post","status-publish","format-standard","hentry","category-sem-categoria"],"_links":{"self":[{"href":"https:\/\/www.cstuit.com\/home\/wp-json\/wp\/v2\/posts\/17630","targetHints":{"allow":["GET"]}}],"collection":[{"href":"https:\/\/www.cstuit.com\/home\/wp-json\/wp\/v2\/posts"}],"about":[{"href":"https:\/\/www.cstuit.com\/home\/wp-json\/wp\/v2\/types\/post"}],"author":[{"embeddable":true,"href":"https:\/\/www.cstuit.com\/home\/wp-json\/wp\/v2\/users\/1"}],"replies":[{"embeddable":true,"href":"https:\/\/www.cstuit.com\/home\/wp-json\/wp\/v2\/comments?post=17630"}],"version-history":[{"count":0,"href":"https:\/\/www.cstuit.com\/home\/wp-json\/wp\/v2\/posts\/17630\/revisions"}],"wp:attachment":[{"href":"https:\/\/www.cstuit.com\/home\/wp-json\/wp\/v2\/media?parent=17630"}],"wp:term":[{"taxonomy":"category","embeddable":true,"href":"https:\/\/www.cstuit.com\/home\/wp-json\/wp\/v2\/categories?post=17630"},{"taxonomy":"post_tag","embeddable":true,"href":"https:\/\/www.cstuit.com\/home\/wp-json\/wp\/v2\/tags?post=17630"}],"curies":[{"name":"wp","href":"https:\/\/api.w.org\/{rel}","templated":true}]}}