

	{"id":17674,"date":"2025-08-20T10:30:28","date_gmt":"2025-08-20T13:30:28","guid":{"rendered":"https:\/\/www.cstuit.com\/home\/?p=17674"},"modified":"2025-08-20T10:30:28","modified_gmt":"2025-08-20T13:30:28","slug":"lula-nao-veta-o-pl-da-devastacao-e-o-crime-ambiental-se-fortalece","status":"publish","type":"post","link":"https:\/\/www.cstuit.com\/home\/2025\/08\/20\/lula-nao-veta-o-pl-da-devastacao-e-o-crime-ambiental-se-fortalece\/","title":{"rendered":"Lula n\u00e3o veta o PL da devasta\u00e7\u00e3o e o crime ambiental se fortalece"},"content":{"rendered":"<p style=\"font-weight: 400;\"><em>Por Danilo Bianchi e Adriano Dias, Coordena\u00e7\u00e3o da CST<\/em><\/p>\n<p style=\"font-weight: 400;\"><strong>\u00a0<\/strong><\/p>\n<p style=\"font-weight: 400;\">Na \u00faltima semana, ocorreram atos em diversas cidades para exigir do governo Lula o veto total ao PL 2159\/21 \u2014 o PL da devasta\u00e7\u00e3o. Esses atos foram importantes para repudiar esse projeto que aprofundar\u00e1 ainda mais a crise clim\u00e1tica no pa\u00eds. Esse PL, como afirmamos em edi\u00e7\u00f5es anteriores do nosso jornal, representa a normaliza\u00e7\u00e3o dos crimes ambientais. \u00c9 a naturaliza\u00e7\u00e3o dos crimes da Vale em Brumadinho, que agora passa por um novo alerta. \u00c9 pacificar as a\u00e7\u00f5es da Ternium Brasil (antiga TKCSA), que polui o ar no bairro de Santa Cruz, na capital do Rio de Janeiro. \u00c9 legalizar a contamina\u00e7\u00e3o dos rios pela Hydro Alunorte em Barcarena, no Par\u00e1, assim como tantos outros crimes ambientais que levam \u00e0 morte, doen\u00e7as e fome. O bin\u00f4mio flexibiliza\u00e7\u00e3o e desmonte da fiscaliza\u00e7\u00e3o \u00e9 o cerne desse PL. \u00c9 o projeto que Trump, a extrema direita golpista e o agroneg\u00f3cio defendem com unhas e dentes.<\/p>\n<p style=\"font-weight: 400;\"><strong>Lula, de costas para o meio ambiente, n\u00e3o veta o PL da devasta\u00e7\u00e3o<\/strong><\/p>\n<p style=\"font-weight: 400;\">Corretamente, os movimentos ambientalistas exigiram do governo Lula o veto total a esse projeto. Mas o que fez o governo? N\u00e3o vetou totalmente o projeto, mantendo inclusive pontos como o Licenciamento Ambiental Especial (LAE). Por sinal, Lula assinar\u00e1 uma medida provis\u00f3ria com o objetivo de determinar a efic\u00e1cia imediata do LAE. Essa licen\u00e7a especial autoriza obras e empreendimentos considerados estrat\u00e9gicos pelo governo de forma mais r\u00e1pida, independente do impacto ambiental. Nessa lista, podemos incluir a explora\u00e7\u00e3o de petr\u00f3leo na Foz do Amazonas.<\/p>\n<p style=\"font-weight: 400;\">Isso acontece porque o governo da frente ampla n\u00e3o enfrenta o agro, as multinacionais e os desmatadores, que s\u00e3o parte do seu governo. Lula \u00e9 c\u00famplice desse ataque, assim como todos que fazem parte do governo, como PSOL, PCdoB, Rede, Marina etc.<\/p>\n<p style=\"font-weight: 400;\">Essa postura do governo Lula, somada \u00e0 manuten\u00e7\u00e3o do arcabou\u00e7o fiscal e aos bilh\u00f5es de reais para o plano safra, demonstra que a frente ampla n\u00e3o \u00e9 uma alternativa para a classe trabalhadora.<\/p>\n<p style=\"font-weight: 400;\"><strong>CUT, CTB, MST e MTST n\u00e3o chamaram mobiliza\u00e7\u00e3o pelo veto total de Lula<\/strong><\/p>\n<p style=\"font-weight: 400;\">\u00c9 importante destacar que as dire\u00e7\u00f5es do movimento como CUT, CTB, MST, MTST e APIB n\u00e3o realizaram nenhuma mobiliza\u00e7\u00e3o. Muito pelo contr\u00e1rio, chegaram a boicotar os atos dos dias 02 e 07\/08. Uma postura inaceit\u00e1vel que demarca bem o papel desses movimentos nas respostas que a classe trabalhadora precisava dar contra esse PL, mas tamb\u00e9m contra a extrema direita, Trump e o ajuste fiscal de Lula. Essa pol\u00edtica de pactos com o governo desmobiliza e desmoraliza a classe. Uma postura que ajuda a extrema direita, os patr\u00f5es e a pr\u00f3pria frente ampla a aplicar sua pol\u00edtica de ajuste.<\/p>\n<p style=\"font-weight: 400;\"><strong>Seguir nas ruas contra os ataques ambientais<\/strong><\/p>\n<p style=\"font-weight: 400;\">Diante da paralisia das dire\u00e7\u00f5es, exigimos uma luta unificada nas ruas para denunciar a aprova\u00e7\u00e3o do PL da devasta\u00e7\u00e3o pelo Congresso e o n\u00e3o veto total por parte do governo Lula; para defender o fim do plano safra e do arcabou\u00e7o fiscal; por puni\u00e7\u00e3o e expropria\u00e7\u00e3o das multinacionais poluidoras e contra o Marco Temporal.<\/p>\n<p style=\"font-weight: 400;\">Ao mesmo tempo que defendemos a unidade de a\u00e7\u00e3o, seguimos pela constru\u00e7\u00e3o de uma esquerda independente, sem patr\u00f5es, que enfrente a burguesia, os imperialismos, a extrema direita e tamb\u00e9m a frente ampla.<\/p>\n","protected":false},"excerpt":{"rendered":"<p>Por Danilo Bianchi e Adriano Dias, Coordena\u00e7\u00e3o da CST \u00a0 Na \u00faltima semana, ocorreram atos em diversas cidades para exigir do governo Lula o veto total ao PL 2159\/21 \u2014 o PL da devasta\u00e7\u00e3o. Esses atos foram importantes para repudiar esse projeto que aprofundar\u00e1 ainda<\/p>\n","protected":false},"author":1,"featured_media":17675,"comment_status":"closed","ping_status":"closed","sticky":false,"template":"","format":"standard","meta":{"footnotes":""},"categories":[5],"tags":[],"class_list":["post-17674","post","type-post","status-publish","format-standard","has-post-thumbnail","hentry","category-nacional"],"_links":{"self":[{"href":"https:\/\/www.cstuit.com\/home\/wp-json\/wp\/v2\/posts\/17674","targetHints":{"allow":["GET"]}}],"collection":[{"href":"https:\/\/www.cstuit.com\/home\/wp-json\/wp\/v2\/posts"}],"about":[{"href":"https:\/\/www.cstuit.com\/home\/wp-json\/wp\/v2\/types\/post"}],"author":[{"embeddable":true,"href":"https:\/\/www.cstuit.com\/home\/wp-json\/wp\/v2\/users\/1"}],"replies":[{"embeddable":true,"href":"https:\/\/www.cstuit.com\/home\/wp-json\/wp\/v2\/comments?post=17674"}],"version-history":[{"count":0,"href":"https:\/\/www.cstuit.com\/home\/wp-json\/wp\/v2\/posts\/17674\/revisions"}],"wp:featuredmedia":[{"embeddable":true,"href":"https:\/\/www.cstuit.com\/home\/wp-json\/wp\/v2\/media\/17675"}],"wp:attachment":[{"href":"https:\/\/www.cstuit.com\/home\/wp-json\/wp\/v2\/media?parent=17674"}],"wp:term":[{"taxonomy":"category","embeddable":true,"href":"https:\/\/www.cstuit.com\/home\/wp-json\/wp\/v2\/categories?post=17674"},{"taxonomy":"post_tag","embeddable":true,"href":"https:\/\/www.cstuit.com\/home\/wp-json\/wp\/v2\/tags?post=17674"}],"curies":[{"name":"wp","href":"https:\/\/api.w.org\/{rel}","templated":true}]}}