

	{"id":17682,"date":"2025-08-20T10:35:41","date_gmt":"2025-08-20T13:35:41","guid":{"rendered":"https:\/\/www.cstuit.com\/home\/?p=17682"},"modified":"2025-08-20T10:36:51","modified_gmt":"2025-08-20T13:36:51","slug":"cadeia-para-bolsonaro-e-todos-os-golpistas","status":"publish","type":"post","link":"https:\/\/www.cstuit.com\/home\/2025\/08\/20\/cadeia-para-bolsonaro-e-todos-os-golpistas\/","title":{"rendered":"Cadeia para Bolsonaro e todos os golpistas!"},"content":{"rendered":"<div>\n<div><em>Por Bruno da Rosa e Denis Melo, da Dire\u00e7\u00e3o da CST<\/em><\/div>\n<div><\/div>\n<\/div>\n<div><\/div>\n<div>As imagens do ataque de 8 de janeiro de 2023 a Bras\u00edlia revelou a intentona golpista liderada pelo cl\u00e3 bolsonarista, com a invas\u00e3o de seus seguidores aos tr\u00eas poderes. Jair Bolsonaro, apesar de fisicamente ausente, foi o dirigente pol\u00edtico e, portanto, mandante desse ataque. Durante anos, ele fomentou a ideia de golpe e nunca escondeu seu apre\u00e7o pelo regime da ditadura militar que perseguiu, atacou direitos e cerceou as liberdades democr\u00e1ticas. Bolsonaro \u00e9 o chefe maior dos golpistas e deve ser responsabilizado. Enquanto isso, segue em liberdade, em mais uma demonstra\u00e7\u00e3o de impunidade para os poderosos, tanto \u00e0 Bolsonaro quanto aos financiadores do ficou conhecido como o \u201ccapit\u00f3lio brasileiro\u201d.<\/div>\n<div><\/div>\n<div>Os eventos de 8J n\u00e3o foram um ato isolado. Militares, grandes empres\u00e1rios e setores da direita estiveram diretamente envolvidos. As For\u00e7as Armadas, com generais na ativa e da reserva, desempenharam papel crucial, seja com apoio log\u00edstico ou coniv\u00eancia. Empres\u00e1rios do agroneg\u00f3cio financiaram as caravanas para Bras\u00edlia, e a direita pol\u00edtica facilitou a a\u00e7\u00e3o. A tentativa de golpe foi uma conspira\u00e7\u00e3o contra as liberdades democr\u00e1ticas, e todos os envolvidos devem ser responsabilizados. N\u00e3o podemos permitir que se repita a hist\u00f3ria da impunidade para os ricos e poderosos.<\/div>\n<div><\/div>\n<div>Mas o que se viu ap\u00f3s o 8J foi uma pol\u00edtica de concilia\u00e7\u00e3o. O governo Lula, em vez de adotar uma linha firme contra os golpistas, optou por um pacto com setores conservadores e das For\u00e7as Armadas. O pacto de impunidade \u00e9 claro: os generais envolvidos no golpe ainda ocupam posi\u00e7\u00f5es-chave, e a concilia\u00e7\u00e3o com a direita continua. Alertamos que a impunidade dos golpistas e a tentativa de tratar tudo como \u201cpassado\u201d \u00e9 um risco \u00e0 classe trabalhadora. A postura conciliat\u00f3ria s\u00f3 fortalece os inimigos da nossa classe e n\u00e3o garante uma vit\u00f3ria definitiva contra os fascist\u00f3ides. O mais absurdo \u00e9 que todo esse pacto estabelecido pelo governo Lula serve apenas para manter intacta uma pol\u00edtica econ\u00f4mica que arrebenta com a vida da classe trabalhadora. A centro da pol\u00edtica econ\u00f4mica, herdada de Temer e Bolsonaro, e uma alian\u00e7a pol\u00edtica com os mega empres\u00e1rios, segue mantida na sua estrutura fundamental.<\/div>\n<div><\/div>\n<div>\u00c9 urgente que Bolsonaro e todos os envolvidos no golpe sejam presos. A puni\u00e7\u00e3o precisa ser exemplar para todos os golpistas, sem distin\u00e7\u00e3o. N\u00e3o apenas o ex-presidente, mas tamb\u00e9m os militares, empres\u00e1rios e pol\u00edticos que financiaram e apoiaram a tentativa de golpe. O pa\u00eds n\u00e3o pode mais permitir que defende a tortura, o fim das greves e protestos e um regime onde as j\u00e1 pequenas liberdades democr\u00e1ticas sejam impedidas.<\/div>\n<div><\/div>\n<div>Al\u00e9m disso, \u00e9 fundamental que a mobiliza\u00e7\u00e3o popular seja o motor dessa luta. As institui\u00e7\u00f5es burguesas n\u00e3o v\u00e3o garantir justi\u00e7a plena. O STF, o Congresso e o governo Lula n\u00e3o est\u00e3o dispostos a ir \u00e0s \u00faltimas consequ\u00eancias contra os golpistas. A luta deve vir das ruas, com os trabalhadores ,juventude e o povo organizado. A \u00fanica forma de derrotar o bolsonarismo \u00e9 com mobiliza\u00e7\u00e3o e unidade da nossa classe , ocupando as pra\u00e7as e as avenidas, organizando comit\u00eas de base, greves e protestos massivos.<\/div>\n<div><\/div>\n<div>Essa \u00e9 a hora de retomar a iniciativa. A resposta a Bolsonaro e aos golpistas e corruptos precisa ser clara: sem anistia, sem perd\u00e3o. \u00c9 preciso organizar essa luta desde a base, nas categorias, bairros e locais de estudo. S\u00f3 a luta do povo trabalhador pode garantir que o bolsonarismo seja enterrado como projeto pol\u00edtico. Nas ruas e com organiza\u00e7\u00e3o, \u00e9 poss\u00edvel enterrar de vez esse projeto reacion\u00e1rio.<\/div>\n<div><\/div>\n<div><img loading=\"lazy\" decoding=\"async\" class=\"alignnone size-medium wp-image-17685\" src=\"https:\/\/www.cstuit.com\/home\/wp-content\/uploads\/2025\/08\/images-14-300x225.jpeg\" alt=\"\" width=\"300\" height=\"225\" srcset=\"https:\/\/www.cstuit.com\/home\/wp-content\/uploads\/2025\/08\/images-14-300x225.jpeg 300w, https:\/\/www.cstuit.com\/home\/wp-content\/uploads\/2025\/08\/images-14-600x450.jpeg 600w, https:\/\/www.cstuit.com\/home\/wp-content\/uploads\/2025\/08\/images-14.jpeg 640w\" sizes=\"auto, (max-width: 300px) 100vw, 300px\" \/><\/div>\n<div>\n<pre><em>Pris\u00e3o domiciliar de Bolsonaro: nas redes, 53% s\u00e3o a favor e 47% contra, diz pesquisa da Quaest<\/em><\/pre>\n<div><\/div>\n<\/div>\n","protected":false},"excerpt":{"rendered":"<p>Por Bruno da Rosa e Denis Melo, da Dire\u00e7\u00e3o da CST As imagens do ataque de 8 de janeiro de 2023 a Bras\u00edlia revelou a intentona golpista liderada pelo cl\u00e3 bolsonarista, com a invas\u00e3o de seus seguidores aos tr\u00eas poderes. Jair Bolsonaro, apesar de fisicamente<\/p>\n","protected":false},"author":1,"featured_media":17683,"comment_status":"closed","ping_status":"closed","sticky":false,"template":"","format":"standard","meta":{"footnotes":""},"categories":[5],"tags":[],"class_list":["post-17682","post","type-post","status-publish","format-standard","has-post-thumbnail","hentry","category-nacional"],"_links":{"self":[{"href":"https:\/\/www.cstuit.com\/home\/wp-json\/wp\/v2\/posts\/17682","targetHints":{"allow":["GET"]}}],"collection":[{"href":"https:\/\/www.cstuit.com\/home\/wp-json\/wp\/v2\/posts"}],"about":[{"href":"https:\/\/www.cstuit.com\/home\/wp-json\/wp\/v2\/types\/post"}],"author":[{"embeddable":true,"href":"https:\/\/www.cstuit.com\/home\/wp-json\/wp\/v2\/users\/1"}],"replies":[{"embeddable":true,"href":"https:\/\/www.cstuit.com\/home\/wp-json\/wp\/v2\/comments?post=17682"}],"version-history":[{"count":0,"href":"https:\/\/www.cstuit.com\/home\/wp-json\/wp\/v2\/posts\/17682\/revisions"}],"wp:featuredmedia":[{"embeddable":true,"href":"https:\/\/www.cstuit.com\/home\/wp-json\/wp\/v2\/media\/17683"}],"wp:attachment":[{"href":"https:\/\/www.cstuit.com\/home\/wp-json\/wp\/v2\/media?parent=17682"}],"wp:term":[{"taxonomy":"category","embeddable":true,"href":"https:\/\/www.cstuit.com\/home\/wp-json\/wp\/v2\/categories?post=17682"},{"taxonomy":"post_tag","embeddable":true,"href":"https:\/\/www.cstuit.com\/home\/wp-json\/wp\/v2\/tags?post=17682"}],"curies":[{"name":"wp","href":"https:\/\/api.w.org\/{rel}","templated":true}]}}